{"id":138044,"date":"2026-01-09T21:09:08","date_gmt":"2026-01-09T21:09:08","guid":{"rendered":"https:\/\/www.europesays.com\/fi\/138044\/"},"modified":"2026-01-09T21:09:08","modified_gmt":"2026-01-09T21:09:08","slug":"asuntovaunu-paloi-orimattilan-keskustassa-tuli-oli-vaarassa-levita-laheisiin-asuntoihin-paijat-hame","status":"publish","type":"post","link":"https:\/\/www.europesays.com\/fi\/138044\/","title":{"rendered":"Asuntovaunu paloi Orimattilan keskustassa \u2013 tuli oli vaarassa levit\u00e4 l\u00e4heisiin asuntoihin | P\u00e4ij\u00e4t-H\u00e4me"},"content":{"rendered":"<p class=\"aw-1gybjub aw-5vja16 kEtdKx kmuxyA yle__article__paragraph\">Pelastuslaitos sai estetty\u00e4 palon levi\u00e4misen. Palo ei vaatinut henkil\u00f6vahinkoja.<\/p>\n<p><img decoding=\"async\" alt=\"Paloauton sininen vilkkuva valo. Taustalla toinen paloauto.\" src=\"https:\/\/www.europesays.com\/fi\/wp-content\/uploads\/2026\/01\/39-154106968f63791bf452.jpeg\" class=\"aw-1l9m598 hKVVvP\"\/><\/p>\n<p>Avaa kuvien katselu<\/p>\n<p>Palosta ei aiheutunut henkil\u00f6vahinkoja. Kuvituskuva. Kuva: Niko Mannonen \/ Yle<\/p>\n<p class=\"aw-1gybjub aw-1p7kakr kEtdKx cEmitX yle__article__paragraph\">Asuntovaunu syttyi palamaan Orimattilan keskustassa perjantai-iltana.<\/p>\n<p class=\"aw-1gybjub aw-1p7kakr kEtdKx cEmitX yle__article__paragraph\">P\u00e4ivyst\u00e4v\u00e4n palomestarin mukaan palo oli vaarassa levit\u00e4 l\u00e4heisiin asuintaloihin ja ajoneuvoihin.<\/p>\n<p class=\"aw-1gybjub aw-1p7kakr kEtdKx cEmitX yle__article__paragraph\">Pelastuslaitos sai kuitenkin estetty\u00e4 palon levi\u00e4misen.<\/p>\n<p class=\"aw-1gybjub aw-1p7kakr kEtdKx cEmitX yle__article__paragraph\">Palosta ei aiheutunut henkil\u00f6vahinkoja.<\/p>\n","protected":false},"excerpt":{"rendered":"Pelastuslaitos sai estetty\u00e4 palon levi\u00e4misen. Palo ei vaatinut henkil\u00f6vahinkoja. Avaa kuvien katselu Palosta ei aiheutunut henkil\u00f6vahinkoja. Kuvituskuva. Kuva:&hellip;\n","protected":false},"author":2,"featured_media":132630,"comment_status":"","ping_status":"","sticky":false,"template":"","format":"standard","meta":{"footnotes":""},"categories":[5],"tags":[22,23,26,27,33,31,30,17,24,25,28,29,4724,15,837,7277,18,21,1268,32,19,20,1265,16],"class_list":{"0":"post-138044","1":"post","2":"type-post","3":"status-publish","4":"format-standard","5":"has-post-thumbnail","7":"category-otsikot","8":"tag-breaking-news","9":"tag-breakingnews","10":"tag-featured-news","11":"tag-featurednews","12":"tag-fi","13":"tag-finland","14":"tag-finnish","15":"tag-headlines","16":"tag-latest-news","17":"tag-latestnews","18":"tag-main-news","19":"tag-mainnews","20":"tag-matkailuautot","21":"tag-news","22":"tag-onnettomuudet","23":"tag-orimattila","24":"tag-otsikot","25":"tag-paauutiset","26":"tag-paijat-hame","27":"tag-suomi","28":"tag-top-stories","29":"tag-topstories","30":"tag-tulipalot","31":"tag-uutiset"},"share_on_mastodon":{"url":"https:\/\/pubeurope.com\/@fi\/115867193355563388","error":""},"_links":{"self":[{"href":"https:\/\/www.europesays.com\/fi\/wp-json\/wp\/v2\/posts\/138044","targetHints":{"allow":["GET"]}}],"collection":[{"href":"https:\/\/www.europesays.com\/fi\/wp-json\/wp\/v2\/posts"}],"about":[{"href":"https:\/\/www.europesays.com\/fi\/wp-json\/wp\/v2\/types\/post"}],"author":[{"embeddable":true,"href":"https:\/\/www.europesays.com\/fi\/wp-json\/wp\/v2\/users\/2"}],"replies":[{"embeddable":true,"href":"https:\/\/www.europesays.com\/fi\/wp-json\/wp\/v2\/comments?post=138044"}],"version-history":[{"count":0,"href":"https:\/\/www.europesays.com\/fi\/wp-json\/wp\/v2\/posts\/138044\/revisions"}],"wp:featuredmedia":[{"embeddable":true,"href":"https:\/\/www.europesays.com\/fi\/wp-json\/wp\/v2\/media\/132630"}],"wp:attachment":[{"href":"https:\/\/www.europesays.com\/fi\/wp-json\/wp\/v2\/media?parent=138044"}],"wp:term":[{"taxonomy":"category","embeddable":true,"href":"https:\/\/www.europesays.com\/fi\/wp-json\/wp\/v2\/categories?post=138044"},{"taxonomy":"post_tag","embeddable":true,"href":"https:\/\/www.europesays.com\/fi\/wp-json\/wp\/v2\/tags?post=138044"}],"curies":[{"name":"wp","href":"https:\/\/api.w.org\/{rel}","templated":true}]}}