{"id":138057,"date":"2026-01-09T21:33:10","date_gmt":"2026-01-09T21:33:10","guid":{"rendered":"https:\/\/www.europesays.com\/fi\/138057\/"},"modified":"2026-01-09T21:33:10","modified_gmt":"2026-01-09T21:33:10","slug":"trumpin-lapsenlapsella-kiusalliset-treffit","status":"publish","type":"post","link":"https:\/\/www.europesays.com\/fi\/138057\/","title":{"rendered":"Trumpin lapsenlapsella \u201dkiusalliset\u201d treffit"},"content":{"rendered":"<p>Kai Trumpilla on turvallinen olo treffeill\u00e4.<\/p>\n<p><img decoding=\"async\" class=\"image image-show image-preview\" src=\"https:\/\/www.europesays.com\/fi\/wp-content\/uploads\/2026\/01\/3c6cc20c6d8f6a383c751bdf2b4af6c06a157825db4721bc427dfd7c778586c5.jpg\" alt=\"\"\/><img decoding=\"async\" class=\"image image-show\" src=\"https:\/\/www.europesays.com\/fi\/wp-content\/uploads\/2026\/01\/1767994390_716_3c6cc20c6d8f6a383c751bdf2b4af6c06a157825db4721bc427dfd7c778586c5.jpg\" alt=\"\"\/><\/p>\n<p>Kai Trump jatkaa golfaamista Miamin yliopistossa. AOP<\/p>\n<p class=\"paragraph\">Golfammattilaisuuteen t\u00e4ht\u00e4\u00e4v\u00e4 <strong>Kai Trump<\/strong> vieraili <strong>Logan Paulin<\/strong> <a href=\"https:\/\/www.youtube.com\/watch?v=prQ7Mw_YPEE\" target=\"_blank\" rel=\"noopener nofollow\">Impaulsive-podcastissa<\/a> kertomassa yksityisel\u00e4m\u00e4st\u00e4\u00e4n.<\/p>\n<p class=\"paragraph\">Yhdysvaltain presidentin <strong>Donald Trumpin<\/strong> lapsenlapsi paljasti el\u00e4v\u00e4ns\u00e4 sinkkuel\u00e4m\u00e4\u00e4. Julkisuudessa ja perhesuhteilla on kuitenkin merkitt\u00e4v\u00e4 vaikutus deittailuun.<\/p>\n<p class=\"paragraph\">\u2013\u2009On v\u00e4h\u00e4n kiusallista ja outoa k\u00e4yd\u00e4 miesten kanssa illallisella, kun salaisen palvelun agentit istuvat parin p\u00f6yd\u00e4n p\u00e4\u00e4ss\u00e4 tarkkailemassa.<\/p>\n<p class=\"paragraph\">\u2013\u2009Olen alkanut tottua siihen ja yrit\u00e4n olla v\u00e4litt\u00e4m\u00e4tt\u00e4 siit\u00e4. Mutta tied\u00e4n, ett\u00e4 he seuraavat minua. Yrit\u00e4n vain olla kuin heit\u00e4 ei olisi, teinigolffari avasi.<\/p>\n<p class=\"paragraph\">H\u00e4n yritt\u00e4\u00e4 pysy\u00e4 kaukana politiikasta.<\/p>\n<p class=\"paragraph\">\u2013\u2009Politiikka on vaarallista. Minusta tuntuu, ett\u00e4 sek\u00e4 oikealla ja ett\u00e4 vasemmalla olevat ovat alkaneet kallistua yh\u00e4 enemm\u00e4n \u00e4\u00e4rilaidoille. Jos ihmiset pystyisiv\u00e4t keskustelemaan ja \u201dkohtaamaan keskell\u00e4\u201d, kaikki olisivat onnellisempia.<\/p>\n<p class=\"paragraph\">Kai Trump sai viime marraskuussa kutsun kovatasoiseen LPGA-kisaan, jossa kisasivat maailman huippugolffarit. Trumpin kutsu aiheutti kovaa kritiikki\u00e4 lajiv\u00e4en keskuudessa. H\u00e4nen sijoituksensa Yhdysvaltain juniorilistalla oli kisan aikaan 461.<\/p>\n<p class=\"paragraph\">Kyseisen kilpailun j\u00e4rjesti ruotsalainen <strong>Annika S\u00f6renstam<\/strong>, joka tunnetaan l\u00e4mpimist\u00e4 v\u00e4leist\u00e4\u00e4n presidentti Trumpiin.<\/p>\n<p class=\"paragraph\">Jatkossa h\u00e4n pelaa yliopistogolfia ja opiskelee Miamissa.<\/p>\n<p>Donald Trump ja Kai Trump pit\u00e4v\u00e4t pallon ly\u00f6misest\u00e4. EPA \/ AOP<\/p>\n","protected":false},"excerpt":{"rendered":"Kai Trumpilla on turvallinen olo treffeill\u00e4. Kai Trump jatkaa golfaamista Miamin yliopistossa. AOP Golfammattilaisuuteen t\u00e4ht\u00e4\u00e4v\u00e4 Kai Trump vieraili&hellip;\n","protected":false},"author":2,"featured_media":138058,"comment_status":"","ping_status":"","sticky":false,"template":"","format":"standard","meta":{"footnotes":""},"categories":[14],"tags":[35,22,23,26,27,33,31,30,17,24,25,28,29,15,18,21,142,144,32,19,20,56,16,638,59,60,61,143,145],"class_list":{"0":"post-138057","1":"post","2":"type-post","3":"status-publish","4":"format-standard","5":"has-post-thumbnail","7":"category-ulkomaat","8":"tag-24h","9":"tag-breaking-news","10":"tag-breakingnews","11":"tag-featured-news","12":"tag-featurednews","13":"tag-fi","14":"tag-finland","15":"tag-finnish","16":"tag-headlines","17":"tag-latest-news","18":"tag-latestnews","19":"tag-main-news","20":"tag-mainnews","21":"tag-news","22":"tag-otsikot","23":"tag-paauutiset","24":"tag-poliitikot","25":"tag-presidentti","26":"tag-suomi","27":"tag-top-stories","28":"tag-topstories","29":"tag-ulkomaat","30":"tag-uutiset","31":"tag-valtiovalta","32":"tag-world","33":"tag-world-news","34":"tag-worldnews","35":"tag-yhdysvaltain-politiikka","36":"tag-yhdysvaltalaiset-poliittiset-puolueet"},"share_on_mastodon":{"url":"https:\/\/pubeurope.com\/@fi\/115867287786448314","error":""},"_links":{"self":[{"href":"https:\/\/www.europesays.com\/fi\/wp-json\/wp\/v2\/posts\/138057","targetHints":{"allow":["GET"]}}],"collection":[{"href":"https:\/\/www.europesays.com\/fi\/wp-json\/wp\/v2\/posts"}],"about":[{"href":"https:\/\/www.europesays.com\/fi\/wp-json\/wp\/v2\/types\/post"}],"author":[{"embeddable":true,"href":"https:\/\/www.europesays.com\/fi\/wp-json\/wp\/v2\/users\/2"}],"replies":[{"embeddable":true,"href":"https:\/\/www.europesays.com\/fi\/wp-json\/wp\/v2\/comments?post=138057"}],"version-history":[{"count":0,"href":"https:\/\/www.europesays.com\/fi\/wp-json\/wp\/v2\/posts\/138057\/revisions"}],"wp:featuredmedia":[{"embeddable":true,"href":"https:\/\/www.europesays.com\/fi\/wp-json\/wp\/v2\/media\/138058"}],"wp:attachment":[{"href":"https:\/\/www.europesays.com\/fi\/wp-json\/wp\/v2\/media?parent=138057"}],"wp:term":[{"taxonomy":"category","embeddable":true,"href":"https:\/\/www.europesays.com\/fi\/wp-json\/wp\/v2\/categories?post=138057"},{"taxonomy":"post_tag","embeddable":true,"href":"https:\/\/www.europesays.com\/fi\/wp-json\/wp\/v2\/tags?post=138057"}],"curies":[{"name":"wp","href":"https:\/\/api.w.org\/{rel}","templated":true}]}}