{"id":138063,"date":"2026-01-09T21:47:08","date_gmt":"2026-01-09T21:47:08","guid":{"rendered":"https:\/\/www.europesays.com\/fi\/138063\/"},"modified":"2026-01-09T21:47:08","modified_gmt":"2026-01-09T21:47:08","slug":"laura-malmivaara-julkaisi-kaksi-poikkeuksellista-kuvaa","status":"publish","type":"post","link":"https:\/\/www.europesays.com\/fi\/138063\/","title":{"rendered":"Laura Malmivaara julkaisi kaksi poikkeuksellista kuvaa"},"content":{"rendered":"<p>Laura Malmivaara lomailee perheens\u00e4 kanssa Thaimaassa.<\/p>\n<p><img decoding=\"async\" class=\"image image-show image-preview\" src=\"https:\/\/www.europesays.com\/fi\/wp-content\/uploads\/2026\/01\/a5e2c68c6966f2da0a694c9e7c1742870af5b30cf538a2a7782842e0f68334e5.jpg\" alt=\"\"\/><img decoding=\"async\" class=\"image image-show\" src=\"https:\/\/www.europesays.com\/fi\/wp-content\/uploads\/2026\/01\/1767995228_673_a5e2c68c6966f2da0a694c9e7c1742870af5b30cf538a2a7782842e0f68334e5.jpg\" alt=\"\"\/><\/p>\n<p>Laura Malmivaara on ehdolla Kultainen Venla -palkinnon voittajaksi parhaasta naisp\u00e4\u00e4osasta sarjassa Queen of Fucking Everything.  Atte Kajova<\/p>\n<p class=\"paragraph\">N\u00e4yttelij\u00e4 Laura Malmivaara on ollut perheens\u00e4 kanssa lomalla Thaimaan Koh Samuilla ja Koh Taossa.<\/p>\n<p class=\"paragraph\">Malmivaara  kertoo jo palanneensa takaisin Suomen-pakkasiin.<\/p>\n<p class=\"paragraph\">\u2013 Takaisin pakkasessa. Jopa studiolla on niin kylm\u00e4, ett\u00e4 pit\u00e4\u00e4 kerrospukeutua, Malmivaara kertoo Instagramissa.<\/p>\n<p class=\"paragraph\">Malmivaara on nyt julkaissut lomareissustaan useita kuvia Instagramissa. Ihanien maisemien lis\u00e4ksi kuvissa n\u00e4kyy osittain h\u00e4nen kolmen vuoden ik\u00e4inen Aatos-poikansa.<\/p>\n<p class=\"paragraph\">Pojan kasvoja Malmivaara ei tosin kuvissa n\u00e4yt\u00e4.<\/p>\n<p class=\"paragraph\">Aatos syntyi p\u00e4\u00e4si\u00e4isen\u00e4 2022. Malmivaaralla, 52, on my\u00f6s kaksi aikuista tyt\u00e4rt\u00e4.<\/p>\n<p class=\"paragraph\">\u2013 Arki rullaa tosi kivasti ja oikein hyvin pystyy j\u00e4rjest\u00e4m\u00e4\u00e4n kaikki omat tekemiset, supersuositun Queen of fucking everything -sarjan n\u00e4yttelij\u00e4t\u00e4hti kertoi Iltalehdelle vuosi sitten joulukuussa.<\/p>\n<p class=\"paragraph\">Vuosi sitten Ylell\u00e4 ilmestynyt sarja saa jatkoa Nelosella sarjan ja elokuvan muodossa.<\/p>\n","protected":false},"excerpt":{"rendered":"Laura Malmivaara lomailee perheens\u00e4 kanssa Thaimaassa. Laura Malmivaara on ehdolla Kultainen Venla -palkinnon voittajaksi parhaasta naisp\u00e4\u00e4osasta sarjassa Queen&hellip;\n","protected":false},"author":2,"featured_media":138064,"comment_status":"","ping_status":"","sticky":false,"template":"","format":"standard","meta":{"footnotes":""},"categories":[136],"tags":[35,153,407,137,33,31,30,408,99,718,98,32,140,109],"class_list":{"0":"post-138063","1":"post","2":"type-post","3":"status-publish","4":"format-standard","5":"has-post-thumbnail","7":"category-julkkikset","8":"tag-24h","9":"tag-audiovisuaalinen-media","10":"tag-celebrities","11":"tag-entertainment","12":"tag-fi","13":"tag-finland","14":"tag-finnish","15":"tag-julkkikset","16":"tag-lapset","17":"tag-nayttamotaide","18":"tag-perhe","19":"tag-suomi","20":"tag-tv-ja-elokuvat","21":"tag-viihde"},"share_on_mastodon":{"url":"https:\/\/pubeurope.com\/@fi\/115867342808902854","error":""},"_links":{"self":[{"href":"https:\/\/www.europesays.com\/fi\/wp-json\/wp\/v2\/posts\/138063","targetHints":{"allow":["GET"]}}],"collection":[{"href":"https:\/\/www.europesays.com\/fi\/wp-json\/wp\/v2\/posts"}],"about":[{"href":"https:\/\/www.europesays.com\/fi\/wp-json\/wp\/v2\/types\/post"}],"author":[{"embeddable":true,"href":"https:\/\/www.europesays.com\/fi\/wp-json\/wp\/v2\/users\/2"}],"replies":[{"embeddable":true,"href":"https:\/\/www.europesays.com\/fi\/wp-json\/wp\/v2\/comments?post=138063"}],"version-history":[{"count":0,"href":"https:\/\/www.europesays.com\/fi\/wp-json\/wp\/v2\/posts\/138063\/revisions"}],"wp:featuredmedia":[{"embeddable":true,"href":"https:\/\/www.europesays.com\/fi\/wp-json\/wp\/v2\/media\/138064"}],"wp:attachment":[{"href":"https:\/\/www.europesays.com\/fi\/wp-json\/wp\/v2\/media?parent=138063"}],"wp:term":[{"taxonomy":"category","embeddable":true,"href":"https:\/\/www.europesays.com\/fi\/wp-json\/wp\/v2\/categories?post=138063"},{"taxonomy":"post_tag","embeddable":true,"href":"https:\/\/www.europesays.com\/fi\/wp-json\/wp\/v2\/tags?post=138063"}],"curies":[{"name":"wp","href":"https:\/\/api.w.org\/{rel}","templated":true}]}}