{"id":138065,"date":"2026-01-09T21:50:07","date_gmt":"2026-01-09T21:50:07","guid":{"rendered":"https:\/\/www.europesays.com\/fi\/138065\/"},"modified":"2026-01-09T21:50:07","modified_gmt":"2026-01-09T21:50:07","slug":"temptation-islandin-elmer-andberg-paljastaa-uusi-suhde","status":"publish","type":"post","link":"https:\/\/www.europesays.com\/fi\/138065\/","title":{"rendered":"Temptation Islandin Elmer Andberg paljastaa: Uusi suhde"},"content":{"rendered":"<p class=\"article-content article-content-width !bg-background\">Temptation Island Suomessa vuonna 2023 n\u00e4hty <a alt=\"Haku\" class=\"text-primary-red font-extrabold\" href=\"https:\/\/www.seiska.fi\/haku?q=Elmer Andberg\" rel=\"nofollow noopener\" target=\"_blank\">Elmer Andberg<\/a> on nyky\u00e4\u00e4n varattu mies, kertoo<a href=\"https:\/\/www.is.fi\/viihde\/art-2000011686057.html\" target=\"_blank\" rel=\"nofollow noopener\"> Ilta-Sanomat<\/a>.<\/p>\n<p class=\"font-weight-bold m-font-weight-bold article-content article-content-width !bg-background\">Video: Tiktalk &#8211; Sara Janhunen.<\/p>\n<p class=\"article-content article-content-width !bg-background\">Fleda minttiin -heitostaan aiemmin tunnettu herra karisti Suomen p\u00f6lyt jaloistaan viime vuonna ja l\u00e4hti luomaan uutta uraa Abu Dhabiin.<\/p>\n<p class=\"article-content article-content-width !bg-background\">Aiemmin Elmer antoi iskuvinkkej\u00e4 ja kuvasi hiuslakkaa suihkien\u00a0somevideoita, mutta nyt h\u00e4n v\u00e4litt\u00e4\u00e4 luksusasuntoja.<\/p>\n<p>Paljasti suhdetilanteensa<\/p>\n<p class=\"article-content article-content-width !bg-background\">Ilta-Sanomat tavoitti Elmerin kertomaan nykyisest\u00e4 el\u00e4m\u00e4st\u00e4\u00e4n lis\u00e4\u00e4. Elmer paljastaa haastattelussa, ett\u00e4 on nyky\u00e4\u00e4n varattu mies.<\/p>\n<p class=\"article-content article-content-width !bg-background\">Temppareissa h\u00e4n oli silloisen kumppaninsa <a alt=\"Haku\" class=\"text-primary-red font-extrabold\" href=\"https:\/\/www.seiska.fi\/haku?q=Kian\" rel=\"nofollow noopener\" target=\"_blank\">Kian<\/a> kanssa.<\/p>\n<p class=\"article-content article-content-width !bg-background\">Nyt h\u00e4nell\u00e4 on ollut el\u00e4m\u00e4ss\u00e4\u00e4n uusi rakkaus jo kymmenen kuukauden ajan, h\u00e4n kertoo haastattelussa. Kaksikolla on aikeissa muuttaa yhteen niin, ett\u00e4 nainen muuttaa ulkomaille Elmerin luokse ensi vuoden alussa.<\/p>\n<p>Suuri muutos<\/p>\n<p class=\"article-content article-content-width !bg-background\">Seiska uutisoi Elmerin uudesta el\u00e4m\u00e4st\u00e4 kiinteist\u00f6nv\u00e4litt\u00e4j\u00e4n\u00e4 jo joulukuussa.\u00a0<\/p>\n<p class=\"article-content article-content-width !bg-background\">Elmer muutti viime elokuussa Abu Dhabiin \u00e4itins\u00e4 ja is\u00e4puolensa kanssa.<\/p>\n<p class=\"article-content article-content-width !bg-background\">H\u00e4n ilmoitti asiasta Instagram-tilill\u00e4\u00e4n.<\/p>\n<p class=\"article-content article-content-width !bg-background\">\u2013 Ei riit\u00e4 sanat kiitt\u00e4m\u00e4\u00e4n kun ei voi kiitt\u00e4\u00e4 tarpeeksi! Elmer kirjoitti videon ohella.<\/p>\n<p class=\"article-content article-content-width !bg-background\">Videolla n\u00e4kyv\u00e4ss\u00e4 tekstiss\u00e4 h\u00e4n avasi el\u00e4m\u00e4ntarinaansa enemm\u00e4n.<\/p>\n<p class=\"article-content article-content-width !bg-background\">\u2013 T\u00e4n\u00e4\u00e4n l\u00e4hdin k\u00e4velem\u00e4\u00e4n lapsuudenhuoneestani kenties viimeist\u00e4 kertaa. Matkalla vaan muistot py\u00f6rii p\u00e4\u00e4ss\u00e4. Muistot aikuiseksi kasvamisessa t\u00e4ss\u00e4 talossa. Nyt uudet tuulet puhaltaa, Elmer kirjoitti.<\/p>\n","protected":false},"excerpt":{"rendered":"Temptation Island Suomessa vuonna 2023 n\u00e4hty Elmer Andberg on nyky\u00e4\u00e4n varattu mies, kertoo Ilta-Sanomat. Video: Tiktalk &#8211; Sara&hellip;\n","protected":false},"author":2,"featured_media":138066,"comment_status":"","ping_status":"","sticky":false,"template":"","format":"standard","meta":{"footnotes":""},"categories":[133],"tags":[20668,20667,137,33,31,30,14920,1311,651,32,206,2929,20669,156,109],"class_list":{"0":"post-138065","1":"post","2":"type-post","3":"status-publish","4":"format-standard","5":"has-post-thumbnail","7":"category-televisiot","8":"tag-abu-dhabi","9":"tag-elmer-andberg","10":"tag-entertainment","11":"tag-fi","12":"tag-finland","13":"tag-finnish","14":"tag-luksusasunto","15":"tag-rakkaus","16":"tag-suhteet","17":"tag-suomi","18":"tag-televisiot","19":"tag-temptation-island-suomi","20":"tag-tis-elmer","21":"tag-tv","22":"tag-viihde"},"share_on_mastodon":{"url":"https:\/\/pubeurope.com\/@fi\/115867354596249522","error":""},"_links":{"self":[{"href":"https:\/\/www.europesays.com\/fi\/wp-json\/wp\/v2\/posts\/138065","targetHints":{"allow":["GET"]}}],"collection":[{"href":"https:\/\/www.europesays.com\/fi\/wp-json\/wp\/v2\/posts"}],"about":[{"href":"https:\/\/www.europesays.com\/fi\/wp-json\/wp\/v2\/types\/post"}],"author":[{"embeddable":true,"href":"https:\/\/www.europesays.com\/fi\/wp-json\/wp\/v2\/users\/2"}],"replies":[{"embeddable":true,"href":"https:\/\/www.europesays.com\/fi\/wp-json\/wp\/v2\/comments?post=138065"}],"version-history":[{"count":0,"href":"https:\/\/www.europesays.com\/fi\/wp-json\/wp\/v2\/posts\/138065\/revisions"}],"wp:featuredmedia":[{"embeddable":true,"href":"https:\/\/www.europesays.com\/fi\/wp-json\/wp\/v2\/media\/138066"}],"wp:attachment":[{"href":"https:\/\/www.europesays.com\/fi\/wp-json\/wp\/v2\/media?parent=138065"}],"wp:term":[{"taxonomy":"category","embeddable":true,"href":"https:\/\/www.europesays.com\/fi\/wp-json\/wp\/v2\/categories?post=138065"},{"taxonomy":"post_tag","embeddable":true,"href":"https:\/\/www.europesays.com\/fi\/wp-json\/wp\/v2\/tags?post=138065"}],"curies":[{"name":"wp","href":"https:\/\/api.w.org\/{rel}","templated":true}]}}