{"id":138067,"date":"2026-01-09T21:54:06","date_gmt":"2026-01-09T21:54:06","guid":{"rendered":"https:\/\/www.europesays.com\/fi\/138067\/"},"modified":"2026-01-09T21:54:06","modified_gmt":"2026-01-09T21:54:06","slug":"suomalaispelaajaa-kaupitellaan-nhlssa-iltalehti","status":"publish","type":"post","link":"https:\/\/www.europesays.com\/fi\/138067\/","title":{"rendered":"Suomalaispelaajaa kaupitellaan NHL:ss\u00e4 &#8211; Iltalehti"},"content":{"rendered":"<ol>\n<li><a href=\"https:\/\/news.google.com\/rss\/articles\/CBMidkFVX3lxTE5lb3d0OEd5V0tDckhWS3VxWXo1dm8tYmFuSzBjRGRiVHAwWHc0VWJtOWxvQzNDYXN3MDVVQ1I4RzQ4QnNiRnFIY0w4LVNWcWpMcW9hTGNURE1wNG82Rkw3OVBpUWJOa0EtNXBqX1pnMTRoMjBfWUE?oc=5\" target=\"_blank\" rel=\"nofollow noopener\">Suomalaispelaajaa kaupitellaan NHL:ss\u00e4<\/a>&nbsp;&nbsp;Iltalehti<\/li>\n<li><a href=\"https:\/\/news.google.com\/rss\/articles\/CBMipAFBVV95cUxQZzJ1T1NtTDRzMjJYSVZGQzlPaDYzNjFXMWhfMHIwRGtSc2NSc19FN0ttd1NxWDV5UWtqV0hNZk9aUjJScUZwazFFa2plc3c4b0pkM2N3dGpNelRTUXNXSl9INEVQZTlGTHlFREpaa1ZqbDRDZXp1YzdFVG1jN1kwalZwLU9wUTFWY09oeHNDU2RETk9YeGRlcXRvYnkwNlh2Z21pTw?oc=5\" target=\"_blank\" rel=\"nofollow noopener\">Leijonien olympiajoukkueesta rannalle j\u00e4\u00e4nyt NHL-pelaaja kaupan<\/a>&nbsp;&nbsp;Sportti.com<\/li>\n<li><a href=\"https:\/\/news.google.com\/rss\/articles\/CBMiwAFBVV95cUxQRlI1UDBsZnZFQldrNzZ4aFJEeWRkcXFmdVNHUllkZDhlWm43RUlpZDM3ZU9wLTVfSC0yU3hjTGVGUlpYVGpwcnIxYnVjQjFUZGc5RjluMnl2T05oRVpKc2JmNmNNVk1ySFJqMVh6NldvU1RrdktuZ0h2ZHN5ODdOMnZxSFoxWEZZeFRaVlQxejlpVm5jUnhwdk80dUllckNBREFadkZuZEFsd3pnN2pRX3I0RklKRVVMUUZpaF92Rlc?oc=5\" target=\"_blank\" rel=\"nofollow noopener\">V\u00e4ite: Carolina Hurricanes kaupittelee Jesperi Kotkanieme\u00e4 &#8211; mukana kahdessa tarjouksessa<\/a>&nbsp;&nbsp;NHL Suomi<\/li>\n<li><a href=\"https:\/\/news.google.com\/rss\/articles\/CBMi3AFBVV95cUxNdndRVy1HaXFEX3N3SkpJcUE5d1kzYm50R0x4c3JTZHA5QVVLTUhYNVBWVkoxUGVSUUN6Sk9MM01YdmltMW53bGltMjlsbUZwMEhYUDZFdW55M1FRV0I1cmEtanRKUnpBTFJqVlFQQ0M2RXZNUWtDTzlnZUhJWUR2Y1pndHExdGtNV0xoRG9FMWdOR1NQSUx6akMyNEIzTk03TmlwN2xkMXZPZ01jU0dCM1E3RVJxNU5ObVFqRTI5LTVoMnVrM09KQk9kclJad0RQcVBfd2Jta015ZWZW?oc=5\" target=\"_blank\" rel=\"nofollow noopener\">Jesperi Kotkaniemen pelaajakauppa k\u00e4vi l\u00e4hell\u00e4 \u2013 t\u00e4m\u00e4 vesitti siirron<\/a>&nbsp;&nbsp;MSN<\/li>\n<li><a href=\"https:\/\/news.google.com\/rss\/articles\/CBMi5wFBVV95cUxOXzVLcUJpQ2ZzZE9pZEF4bGphRXZ2NTdVRV85aEYxZjMxUDUxM1ozRVNDMkpLNEttam9JWVJzbDJYTENOYWdUOWRTa200U3llbE1sdmw2LU9QaVdXRDR6Z2tDNktTQkRET3NVQ2ZzZG0yLXJCVEc0VDk3V3hQR2FYOHFjSm5zZ19JeV9XX0p5dVVTejdLbElZOVd5X1FVYzVrN0tuemU2TUxoVmhJem9EN2JmQlF4RlJvOVA3QlRwMTRnaUFmeXVJVGNFYmNGai0wdTlmdXJhZ2tRakZQdVlTU2tpVlQ2U1U?oc=5\" target=\"_blank\" rel=\"nofollow noopener\">V\u00e4ite: Carolina Hurricanes kaupittelee Jesperi Kotkanieme\u00e4 \u2013 mukana kahdessa tarjouksessa<\/a>&nbsp;&nbsp;MSN<\/li>\n<\/ol>\n","protected":false},"excerpt":{"rendered":"Suomalaispelaajaa kaupitellaan NHL:ss\u00e4&nbsp;&nbsp;Iltalehti Leijonien olympiajoukkueesta rannalle j\u00e4\u00e4nyt NHL-pelaaja kaupan&nbsp;&nbsp;Sportti.com V\u00e4ite: Carolina Hurricanes kaupittelee Jesperi Kotkanieme\u00e4 &#8211; mukana kahdessa&hellip;\n","protected":false},"author":2,"featured_media":138068,"comment_status":"","ping_status":"","sticky":false,"template":"","format":"standard","meta":{"footnotes":""},"categories":[158],"tags":[35,1274,33,31,30,1143,41,1146,159,32,1145,160],"class_list":{"0":"post-138067","1":"post","2":"type-post","3":"status-publish","4":"format-standard","5":"has-post-thumbnail","7":"category-urheilu","8":"tag-24h","9":"tag-ammattiurheilu","10":"tag-fi","11":"tag-finland","12":"tag-finnish","13":"tag-jaakiekko","14":"tag-liikunta-ja-urheilu","15":"tag-miesten-jaakiekko","16":"tag-sports","17":"tag-suomi","18":"tag-talviurheilu","19":"tag-urheilu"},"share_on_mastodon":{"url":"https:\/\/pubeurope.com\/@fi\/115867370395229797","error":""},"_links":{"self":[{"href":"https:\/\/www.europesays.com\/fi\/wp-json\/wp\/v2\/posts\/138067","targetHints":{"allow":["GET"]}}],"collection":[{"href":"https:\/\/www.europesays.com\/fi\/wp-json\/wp\/v2\/posts"}],"about":[{"href":"https:\/\/www.europesays.com\/fi\/wp-json\/wp\/v2\/types\/post"}],"author":[{"embeddable":true,"href":"https:\/\/www.europesays.com\/fi\/wp-json\/wp\/v2\/users\/2"}],"replies":[{"embeddable":true,"href":"https:\/\/www.europesays.com\/fi\/wp-json\/wp\/v2\/comments?post=138067"}],"version-history":[{"count":0,"href":"https:\/\/www.europesays.com\/fi\/wp-json\/wp\/v2\/posts\/138067\/revisions"}],"wp:featuredmedia":[{"embeddable":true,"href":"https:\/\/www.europesays.com\/fi\/wp-json\/wp\/v2\/media\/138068"}],"wp:attachment":[{"href":"https:\/\/www.europesays.com\/fi\/wp-json\/wp\/v2\/media?parent=138067"}],"wp:term":[{"taxonomy":"category","embeddable":true,"href":"https:\/\/www.europesays.com\/fi\/wp-json\/wp\/v2\/categories?post=138067"},{"taxonomy":"post_tag","embeddable":true,"href":"https:\/\/www.europesays.com\/fi\/wp-json\/wp\/v2\/tags?post=138067"}],"curies":[{"name":"wp","href":"https:\/\/api.w.org\/{rel}","templated":true}]}}