{"id":138069,"date":"2026-01-09T21:55:08","date_gmt":"2026-01-09T21:55:08","guid":{"rendered":"https:\/\/www.europesays.com\/fi\/138069\/"},"modified":"2026-01-09T21:55:08","modified_gmt":"2026-01-09T21:55:08","slug":"ylpea-saa-olla-sweeney-todd-ihastutti-ensi-iltayleison-katso-kuvakooste-tampere-talosta","status":"publish","type":"post","link":"https:\/\/www.europesays.com\/fi\/138069\/","title":{"rendered":"\u201dYlpe\u00e4 saa olla\u201d \u2013 Sweeney Todd ihastutti ensi-iltayleis\u00f6n, katso kuvakooste Tampere-talosta"},"content":{"rendered":"<p>Sweeney Todd oli hieno alku Tampereen oopperan juhlavuodelle. Konserttiversio sai yleis\u00f6lt\u00e4 kiitosta.<\/p>\n<p class=\"article-body mb-nof-24 px-nof-16\">Kuinka niin v\u00e4h\u00e4ll\u00e4 saa niin paljon? T\u00e4t\u00e4 mietti moni Tampere-talon Isossa salissa torstai-iltana.<\/p>\n<p class=\"article-body mb-nof-24 px-nof-16\">Salin lavalla Sweeney Todd, Fleet Streetin paholaisparturi, leikkaa herrojen kurkkuja ja rouva Lovett valmistaa ruumiista piirakoita. Tunnelma on juuri niin h\u00e4myisen synkk\u00e4 ja h\u00e4hm\u00e4inen kuin <a class=\"font-bold underline-offset-[0.12em] [text-decoration:var(--person-link-text-decoration)] ![text-decoration-color:var(--person-link-text-decoration-color)]\" href=\"https:\/\/www.aamulehti.fi\/haku\/?query=Hugh%20Wheelerin\" rel=\"nofollow noopener\" target=\"_blank\">Hugh Wheelerin<\/a> klassikkomusikaalissa kuuluukin olla. Huumoria unohtamatta.<\/p>\n","protected":false},"excerpt":{"rendered":"Sweeney Todd oli hieno alku Tampereen oopperan juhlavuodelle. Konserttiversio sai yleis\u00f6lt\u00e4 kiitosta. Kuinka niin v\u00e4h\u00e4ll\u00e4 saa niin paljon?&hellip;\n","protected":false},"author":2,"featured_media":138070,"comment_status":"","ping_status":"","sticky":false,"template":"","format":"standard","meta":{"footnotes":""},"categories":[130],"tags":[157,137,33,31,30,32,109],"class_list":{"0":"post-138069","1":"post","2":"type-post","3":"status-publish","4":"format-standard","5":"has-post-thumbnail","7":"category-viihde","8":"tag-aamulehti","9":"tag-entertainment","10":"tag-fi","11":"tag-finland","12":"tag-finnish","13":"tag-suomi","14":"tag-viihde"},"share_on_mastodon":{"url":"https:\/\/pubeurope.com\/@fi\/115867374217596081","error":""},"_links":{"self":[{"href":"https:\/\/www.europesays.com\/fi\/wp-json\/wp\/v2\/posts\/138069","targetHints":{"allow":["GET"]}}],"collection":[{"href":"https:\/\/www.europesays.com\/fi\/wp-json\/wp\/v2\/posts"}],"about":[{"href":"https:\/\/www.europesays.com\/fi\/wp-json\/wp\/v2\/types\/post"}],"author":[{"embeddable":true,"href":"https:\/\/www.europesays.com\/fi\/wp-json\/wp\/v2\/users\/2"}],"replies":[{"embeddable":true,"href":"https:\/\/www.europesays.com\/fi\/wp-json\/wp\/v2\/comments?post=138069"}],"version-history":[{"count":0,"href":"https:\/\/www.europesays.com\/fi\/wp-json\/wp\/v2\/posts\/138069\/revisions"}],"wp:featuredmedia":[{"embeddable":true,"href":"https:\/\/www.europesays.com\/fi\/wp-json\/wp\/v2\/media\/138070"}],"wp:attachment":[{"href":"https:\/\/www.europesays.com\/fi\/wp-json\/wp\/v2\/media?parent=138069"}],"wp:term":[{"taxonomy":"category","embeddable":true,"href":"https:\/\/www.europesays.com\/fi\/wp-json\/wp\/v2\/categories?post=138069"},{"taxonomy":"post_tag","embeddable":true,"href":"https:\/\/www.europesays.com\/fi\/wp-json\/wp\/v2\/tags?post=138069"}],"curies":[{"name":"wp","href":"https:\/\/api.w.org\/{rel}","templated":true}]}}