{"id":138078,"date":"2026-01-09T22:10:08","date_gmt":"2026-01-09T22:10:08","guid":{"rendered":"https:\/\/www.europesays.com\/fi\/138078\/"},"modified":"2026-01-09T22:10:08","modified_gmt":"2026-01-09T22:10:08","slug":"kuohunta-iranissa-jatkuu-internet-yha-alhaalla","status":"publish","type":"post","link":"https:\/\/www.europesays.com\/fi\/138078\/","title":{"rendered":"Kuohunta Iranissa jatkuu \u2013 internet yh\u00e4 alhaalla"},"content":{"rendered":"<p>Iranin tilanne jatkuu r\u00e4j\u00e4hdysherkk\u00e4n\u00e4.<\/p>\n<p>Mielenosoitukset jatkuvat Iranissa.Video: Reuters<\/p>\n<p>9.1. 23:27<\/p>\n<p class=\"article-body mb-nof-24 px-nof-16\">Hallinnon vastaiset mielenosoitukset jatkuivat Iranissa perjantaina, vaikka maan autoritaarinen johto pyrkii rajoittamaan niit\u00e4 voimalla.<\/p>\n<p class=\"article-body mb-nof-24 px-nof-16\">Mielenosoittajat ovat olleet p\u00e4ivitt\u00e4inen n\u00e4ky iranilaiskaupunkien kaduilla jo kolmentoista p\u00e4iv\u00e4n ajan. Ihmisi\u00e4 ajaa kaduille maan huono taloustilanne ja valuutan heikkeneminen.<\/p>\n<p class=\"article-body mb-nof-24 px-nof-16\">Yhdysvalloista k\u00e4sin toimivan ihmisoikeusaktivistien uutistoimiston HRANA:n mukaan mielenosoituksissa on kuollut jo 62 ihmist\u00e4, uutistoimisto Reuters kertoo. Kuolleista 48 on HRANA:n mukaan mielenosoittajia ja 14 turvallisuusviranomaisten ty\u00f6ntekij\u00f6it\u00e4.<\/p>\n<p class=\"article-body mb-nof-24 px-nof-16\">Kansalaisj\u00e4rjest\u00f6jen mukaan Iranin turvallisuuskoneisto on vastannut mielenosoituksiin v\u00e4kivallalla my\u00f6s perjantaina. Esimerkiksi Hengaw-ihmisoikeusj\u00e4rjest\u00f6 kertoi useiden mielenosoittajien loukkaantuneen, kun turvallisuusviranomaiset avasivat tulen mielenosoittajia kohti Zahedanin kapungissa.<\/p>\n<p class=\"article-body mb-nof-24 px-nof-16\">Valtio on syytt\u00e4nyt mielenosoittajia vandalismista. Iranin ylin johtaja, ajatollah <a class=\"font-bold underline-offset-[0.12em] [text-decoration:var(--person-link-text-decoration)] ![text-decoration-color:var(--person-link-text-decoration-color)]\" href=\"https:\/\/www.is.fi\/haku\/?query=Ali%20Khamenei\" rel=\"nofollow noopener\" target=\"_blank\">Ali Khamenei<\/a> uhosi perjantaina, ettei islamilainen tasavalta \u201dper\u00e4\u00e4nny vandaalien edess\u00e4\u201d.<\/p>\n<p class=\"article-body mb-nof-24 px-nof-16\">Teheranin yleinen syytt\u00e4j\u00e4 puolestaan uhkasi turvallisuusviranomaisten kanssa yhteen ottavia tai omaisuutta polttavia mielenosoittajia kuolemantuomiolla.<\/p>\n<p class=\"article-body mb-nof-24 px-nof-16\">Iranin hallinto on katkaissut kansalaisten p\u00e4\u00e4syn suureen osaan internetist\u00e4. Internetin vapautta valvova NetBlocks-organisaatio kertoi perjantaina illalla, ett\u00e4 maa on ollut k\u00e4yt\u00e4nn\u00f6ss\u00e4 irrotettu internetist\u00e4 jo yli vuorokauden ajan.<\/p>\n<p class=\"article-body mb-nof-24 px-nof-16\">L\u00e4hi-it\u00e4\u00e4n erikoistunut tutkija <a class=\"font-bold underline-offset-[0.12em] [text-decoration:var(--person-link-text-decoration)] ![text-decoration-color:var(--person-link-text-decoration-color)]\" href=\"https:\/\/www.is.fi\/haku\/?query=Timo%20R.%20Stewart\" rel=\"nofollow noopener\" target=\"_blank\">Timo R. Stewart<\/a> kommentoi tilannetta viestipalvelu X:ss\u00e4.<\/p>\n<p class=\"article-body mb-nof-24 px-nof-16\">\u2013 Iranissa verkko on edelleen poikki, paitsi joiltain hallinnon omilta sivuilta. T\u00e4m\u00e4 on eritt\u00e4in huono merkki. Laajoja mielenosoituksia yritet\u00e4\u00e4n selv\u00e4sti murskata v\u00e4kivalloin viel\u00e4 entist\u00e4 raaemmin, Stewart kirjoittaa.<\/p>\n<p class=\"article-body mb-nof-24 px-nof-16\">Iranin viestint\u00e4ministeri\u00f6n mukaan internetin alas ajaminen johtuu \u201dvallitsevista olosuhteista\u201d, ja p\u00e4\u00e4t\u00f6ksen siit\u00e4 tekiv\u00e4t maan turvallisuusviranomaiset.<\/p>\n<p class=\"article-body mb-nof-24 px-nof-16\">Internetkatkos on rajoittanut merkitt\u00e4v\u00e4sti tiedon kulkua sis\u00e4\u00e4n ja ulos maasta. Reutersin mukaan my\u00f6s puheluissa maahan on ollut ongelmia.<\/p>\n<p class=\"article-body mb-nof-24 px-nof-16\">Mielenosoittajat ovat vaatineet ajatollahia pois vallasta ja maan johtoon <a class=\"font-bold underline-offset-[0.12em] [text-decoration:var(--person-link-text-decoration)] ![text-decoration-color:var(--person-link-text-decoration-color)]\" href=\"https:\/\/www.is.fi\/haku\/?query=Reza%20Pahlavia\" rel=\"nofollow noopener\" target=\"_blank\">Reza Pahlavia<\/a>, joka on entisen shaahin maanpaossa el\u00e4v\u00e4 poika. Pahlavi on kehottanut kannattajiaan osoittamaan mielt\u00e4\u00e4n.<\/p>\n<p class=\"article-body mb-nof-24 px-nof-16\">Pahlavin is\u00e4 oli l\u00e4nsimielinen shaahi <a class=\"font-bold underline-offset-[0.12em] [text-decoration:var(--person-link-text-decoration)] ![text-decoration-color:var(--person-link-text-decoration-color)]\" href=\"https:\/\/www.is.fi\/haku\/?query=Mohammed%20Reza%20Pahlavi\" rel=\"nofollow noopener\" target=\"_blank\">Mohammed Reza Pahlavi<\/a>. H\u00e4net sy\u00f6stiin vallasta Iranin vallankumouksessa vuonna 1979.<\/p>\n<p class=\"article-body mb-nof-24 px-nof-16\">Vallankumouksen j\u00e4lkeen Iranista tuli islamistinen teokratia, jonka ylin valta kuuluu ajatollahille.<\/p>\n","protected":false},"excerpt":{"rendered":"Iranin tilanne jatkuu r\u00e4j\u00e4hdysherkk\u00e4n\u00e4. Mielenosoitukset jatkuvat Iranissa.Video: Reuters 9.1. 23:27 Hallinnon vastaiset mielenosoitukset jatkuivat Iranissa perjantaina, vaikka maan&hellip;\n","protected":false},"author":2,"featured_media":138079,"comment_status":"","ping_status":"","sticky":false,"template":"","format":"standard","meta":{"footnotes":""},"categories":[87],"tags":[33,31,30,34,148,32,91,92],"class_list":{"0":"post-138078","1":"post","2":"type-post","3":"status-publish","4":"format-standard","5":"has-post-thumbnail","7":"category-internet","8":"tag-fi","9":"tag-finland","10":"tag-finnish","11":"tag-ilta-sanomat","12":"tag-internet","13":"tag-suomi","14":"tag-technology","15":"tag-teknologia"},"share_on_mastodon":{"url":"https:\/\/pubeurope.com\/@fi\/115867433196620783","error":""},"_links":{"self":[{"href":"https:\/\/www.europesays.com\/fi\/wp-json\/wp\/v2\/posts\/138078","targetHints":{"allow":["GET"]}}],"collection":[{"href":"https:\/\/www.europesays.com\/fi\/wp-json\/wp\/v2\/posts"}],"about":[{"href":"https:\/\/www.europesays.com\/fi\/wp-json\/wp\/v2\/types\/post"}],"author":[{"embeddable":true,"href":"https:\/\/www.europesays.com\/fi\/wp-json\/wp\/v2\/users\/2"}],"replies":[{"embeddable":true,"href":"https:\/\/www.europesays.com\/fi\/wp-json\/wp\/v2\/comments?post=138078"}],"version-history":[{"count":0,"href":"https:\/\/www.europesays.com\/fi\/wp-json\/wp\/v2\/posts\/138078\/revisions"}],"wp:featuredmedia":[{"embeddable":true,"href":"https:\/\/www.europesays.com\/fi\/wp-json\/wp\/v2\/media\/138079"}],"wp:attachment":[{"href":"https:\/\/www.europesays.com\/fi\/wp-json\/wp\/v2\/media?parent=138078"}],"wp:term":[{"taxonomy":"category","embeddable":true,"href":"https:\/\/www.europesays.com\/fi\/wp-json\/wp\/v2\/categories?post=138078"},{"taxonomy":"post_tag","embeddable":true,"href":"https:\/\/www.europesays.com\/fi\/wp-json\/wp\/v2\/tags?post=138078"}],"curies":[{"name":"wp","href":"https:\/\/api.w.org\/{rel}","templated":true}]}}