{"id":138082,"date":"2026-01-09T22:20:07","date_gmt":"2026-01-09T22:20:07","guid":{"rendered":"https:\/\/www.europesays.com\/fi\/138082\/"},"modified":"2026-01-09T22:20:07","modified_gmt":"2026-01-09T22:20:07","slug":"formulat-kalle-rovanpera-jai-kauas-karjesta-toinen-tulokas-savaytti","status":"publish","type":"post","link":"https:\/\/www.europesays.com\/fi\/138082\/","title":{"rendered":"Formulat: Kalle Rovanper\u00e4 j\u00e4i kauas k\u00e4rjest\u00e4 \u2013 toinen tulokas s\u00e4v\u00e4ytti"},"content":{"rendered":"<p>Formula|Kalle Rovanper\u00e4 keikkui koko aika-ajon alemmassa keskikastissa.<\/p>\n<p>9.1. 23:10<\/p>\n<p class=\"article-body mb-nof-24 px-nof-16\">Rallimestari <a class=\"font-bold underline-offset-[0.12em] [text-decoration:var(--person-link-text-decoration)] ![text-decoration-color:var(--person-link-text-decoration-color)]\" href=\"https:\/\/www.hs.fi\/haku\/?query=Kalle%20Rovanper%C3%A4\" rel=\"nofollow noopener\" target=\"_blank\">Kalle Rovanper\u00e4<\/a> sijoittui uransa ensimm\u00e4isess\u00e4 formula-autojen aika-ajossa sijalle 16.<\/p>\n<p class=\"article-body mb-nof-24 px-nof-16\">Uuden-Seelannin Formula Regional -sarjan kauden avauskilpailun aika-ajon paalupaikan vei F3-sarjassa ajava <a class=\"font-bold underline-offset-[0.12em] [text-decoration:var(--person-link-text-decoration)] ![text-decoration-color:var(--person-link-text-decoration-color)]\" href=\"https:\/\/www.hs.fi\/haku\/?query=Ugo%20Ugochukwu\" rel=\"nofollow noopener\" target=\"_blank\">Ugo Ugochukwu<\/a> ajalla 1.29,267. H\u00e4n oli seitsem\u00e4n tuhannesosaa nopeampi kuin <a class=\"font-bold underline-offset-[0.12em] [text-decoration:var(--person-link-text-decoration)] ![text-decoration-color:var(--person-link-text-decoration-color)]\" href=\"https:\/\/www.hs.fi\/haku\/?query=Louis%20Sharp\" rel=\"nofollow noopener\" target=\"_blank\">Louis Sharp<\/a>. Kolmanteen ruutuun ajoi <a class=\"font-bold underline-offset-[0.12em] [text-decoration:var(--person-link-text-decoration)] ![text-decoration-color:var(--person-link-text-decoration-color)]\" href=\"https:\/\/www.hs.fi\/haku\/?query=Freddie%20Slater\" rel=\"nofollow noopener\" target=\"_blank\">Freddie Slater<\/a>.<\/p>\n<p class=\"article-body mb-nof-24 px-nof-16\">Rovanper\u00e4 j\u00e4i Ugochukwun paaluajasta 1,040 sekuntia.<\/p>\n<p class=\"article-body mb-nof-24 px-nof-16\">Slater, Sharp ja Ugochukwu ovat junioriformuloiden kuumimpia lupauksia ja hiovat ajokuntoaan ennen varsinaisen kilpakauden alkua. Kaikki ajavat tulevalla kaudella F3-sarjassa, jossa kilpailee my\u00f6s <a class=\"font-bold underline-offset-[0.12em] [text-decoration:var(--person-link-text-decoration)] ![text-decoration-color:var(--person-link-text-decoration-color)]\" href=\"https:\/\/www.hs.fi\/haku\/?query=Tuukka%20Taponen\" rel=\"nofollow noopener\" target=\"_blank\">Tuukka Taponen<\/a>.<\/p>\n<p class=\"article-body mb-nof-24 px-nof-16\">Rovanper\u00e4 ei ollut aika-ajossa miss\u00e4\u00e4n vaiheessa k\u00e4rjen vauhdissa. Kuljettajat ajoivat 15 minuutin sessiossa useita nopeita kierroksia, ja Rovanper\u00e4 keikkui l\u00e4pi aika-ajon sijoilla 13\u201316. Aika-ajossa oli 19 kuskia.<\/p>\n<p class=\"article-body mb-nof-24 px-nof-16\">Rovanper\u00e4 ei ollut ainoa formuladebytantti aika-ajossa mukana. 22-vuotias uusiseelantilainen <a class=\"font-bold underline-offset-[0.12em] [text-decoration:var(--person-link-text-decoration)] ![text-decoration-color:var(--person-link-text-decoration-color)]\" href=\"https:\/\/www.hs.fi\/haku\/?query=Ryan%20Wood\" rel=\"nofollow noopener\" target=\"_blank\">Ryan Wood<\/a> on tuttu nimi urheiluautosarjoista ja onnistui hyvin.<\/p>\n<p class=\"article-body mb-nof-24 px-nof-16\">Wood ajoi aika-ajossa nelj\u00e4nteen ruutuun ja j\u00e4i paalumiehest\u00e4 vain 0,293 sekuntia.<\/p>\n<p class=\"article-body mb-nof-24 px-nof-16\">Kisaviikonlopun aikana ajetaan nelj\u00e4 kilpailua. Ensimm\u00e4inen ja toinen kisa ajetaan tulevana y\u00f6n\u00e4 Suomen aikaa.<\/p>\n<p class=\"article-body mb-nof-24 px-nof-16\">Rovanper\u00e4 kilpailee my\u00f6hemmin t\u00e4ll\u00e4 kaudella Japanin Super Formula -sarjassa.<\/p>\n","protected":false},"excerpt":{"rendered":"Formula|Kalle Rovanper\u00e4 keikkui koko aika-ajon alemmassa keskikastissa. 9.1. 23:10 Rallimestari Kalle Rovanper\u00e4 sijoittui uransa ensimm\u00e4isess\u00e4 formula-autojen aika-ajossa sijalle&hellip;\n","protected":false},"author":2,"featured_media":138083,"comment_status":"","ping_status":"","sticky":false,"template":"","format":"standard","meta":{"footnotes":""},"categories":[158],"tags":[33,31,30,46,159,32,160],"class_list":{"0":"post-138082","1":"post","2":"type-post","3":"status-publish","4":"format-standard","5":"has-post-thumbnail","7":"category-urheilu","8":"tag-fi","9":"tag-finland","10":"tag-finnish","11":"tag-helsingin-sanomat","12":"tag-sports","13":"tag-suomi","14":"tag-urheilu"},"share_on_mastodon":{"url":"https:\/\/pubeurope.com\/@fi\/115867472575010513","error":""},"_links":{"self":[{"href":"https:\/\/www.europesays.com\/fi\/wp-json\/wp\/v2\/posts\/138082","targetHints":{"allow":["GET"]}}],"collection":[{"href":"https:\/\/www.europesays.com\/fi\/wp-json\/wp\/v2\/posts"}],"about":[{"href":"https:\/\/www.europesays.com\/fi\/wp-json\/wp\/v2\/types\/post"}],"author":[{"embeddable":true,"href":"https:\/\/www.europesays.com\/fi\/wp-json\/wp\/v2\/users\/2"}],"replies":[{"embeddable":true,"href":"https:\/\/www.europesays.com\/fi\/wp-json\/wp\/v2\/comments?post=138082"}],"version-history":[{"count":0,"href":"https:\/\/www.europesays.com\/fi\/wp-json\/wp\/v2\/posts\/138082\/revisions"}],"wp:featuredmedia":[{"embeddable":true,"href":"https:\/\/www.europesays.com\/fi\/wp-json\/wp\/v2\/media\/138083"}],"wp:attachment":[{"href":"https:\/\/www.europesays.com\/fi\/wp-json\/wp\/v2\/media?parent=138082"}],"wp:term":[{"taxonomy":"category","embeddable":true,"href":"https:\/\/www.europesays.com\/fi\/wp-json\/wp\/v2\/categories?post=138082"},{"taxonomy":"post_tag","embeddable":true,"href":"https:\/\/www.europesays.com\/fi\/wp-json\/wp\/v2\/tags?post=138082"}],"curies":[{"name":"wp","href":"https:\/\/api.w.org\/{rel}","templated":true}]}}