{"id":138088,"date":"2026-01-09T22:24:17","date_gmt":"2026-01-09T22:24:17","guid":{"rendered":"https:\/\/www.europesays.com\/fi\/138088\/"},"modified":"2026-01-09T22:24:17","modified_gmt":"2026-01-09T22:24:17","slug":"uusi-ev2-tuo-kian-parhaat-puolet-uuteen-b-suv-malliin","status":"publish","type":"post","link":"https:\/\/www.europesays.com\/fi\/138088\/","title":{"rendered":"Uusi EV2 tuo Kian parhaat puolet uuteen B-SUV-malliin"},"content":{"rendered":"<ul>\n<li><strong>Kia esittelee uuden EV2:n, joka on Euroopassa valmistettava B-segmentin t\u00e4yss\u00e4hk\u00f6inen SUV, joka tuo saavutettavimman kontaktipisteen Kian s\u00e4hk\u00f6automallistoon<\/strong><\/li>\n<li><strong>Kaksi akkuvaihtoehtoa (42,2 kWh ja 61,0 kWh) tarjoavat alustavasti luokkansa parhaan kantaman (317 km ja 448 km, odottaa WLTP-vahvistusta)<\/strong><\/li>\n<li><strong>EV2 yhdist\u00e4\u00e4 viimeisimm\u00e4n teknologian \u00e4lykk\u00e4isiin turvaj\u00e4rjestelmiin ja liitett\u00e4vyysominaisuuksiin<\/strong><\/li>\n<li><strong>Kompaktit ulkomitat tarjoavat kokoaan suuremmat sis\u00e4tilat ja erinomaisen k\u00e4ytett\u00e4vyyden liukuvien ja s\u00e4\u00e4tyv\u00e4t selk\u00e4nojat sis\u00e4lt\u00e4vien takaistuinten avulla \u2013 tavaratila jopa 403 litraa<\/strong><\/li>\n<\/ul>\n<p>(Brysseli, Belgia) 9. tammikuuta 2026 \u2013 Kia on paljastanut uuden EV2-mallin, t\u00e4yss\u00e4hk\u00f6isen B-segmentin SUV:n joka edustaa kontaktipistett\u00e4<strong> <\/strong>br\u00e4ndin laajentuvaan t\u00e4yss\u00e4hk\u00f6iseen mallistoon. EV2 yhdist\u00e4\u00e4 rohkean muotoilun, kehittyneen teknologian, sek\u00e4 arjen mukautuvuuden, tarjoten Kian parhaita puolia merkin t\u00e4h\u00e4n menness\u00e4 pienikokoisimmassa s\u00e4hk\u00f6autossa.<\/p>\n<p>EV2 rakentuu Kian todistetusti voitokkaalle s\u00e4hk\u00f6isen liikkumisen perustalle. Se jatkaa palkintoja voittaneiden mallien, kuten EV6, EV9, EV3, sek\u00e4 viimeisimp\u00e4n\u00e4 EV4, tuomaa s\u00e4hk\u00f6isen liikkuvuuden osaamista entist\u00e4 saavutettavampaan ja kompaktimpaan segmenttiin laajentaen samalla br\u00e4ndin tavoitettavuutta laajemmalle yleis\u00f6lle Euroopassa. Euroopan toiseksi suurimpaan segmenttiin, B-SUV:n, saapuva EV2 vahvistaa Kian asemaa markkinassa, jonka odotetaan kasvavan huomattavasti s\u00e4hk\u00f6autojen osalta vuosikymmenen loppuun menness\u00e4.<\/p>\n<p>\u201dKia EV2 edustaa merkitt\u00e4v\u00e4\u00e4 askelta kohti s\u00e4hk\u00f6isen liikkuvuuden saavutettavuutta suuremmalle yleis\u00f6lle\u201d, sanoo Kia Europen toimitusjohtaja <strong>Soohang Chang<\/strong>. \u201dKaikkein kompakteimpana s\u00e4hk\u00f6autonamme se yhdist\u00e4\u00e4 rohkean muotoilun viimeisimpiin teknologisiin saavutuksiin latauksen, liitett\u00e4vyyden, ja turvallisuusteknologian saralla. EV2:n valmistaminen Slovakiassa vahvistaa samalla sitoutumistamme Eurooppaan ja varmistaa, ett\u00e4 malli peilaa mantereen kuljettajien tarpeita ja odotuksia.\u201d<\/p>\n<p><strong>Suunniteltu erottumaan<\/strong><\/p>\n<p>EV2 edustaa Kian tunnusomaista \u201dOpposites United\u201d muotoilufilosofiaa. T\u00e4m\u00e4 n\u00e4kyy vahvojen elementtien, kuten yl\u00f6sp\u00e4in kaartuvien piirteiden kautta, joita ovat inspiroineet Kian suuremmat s\u00e4hk\u00f6autot. N\u00e4m\u00e4 piirteet vahvistavat sen itsevarmaa SUV-siluettia ja vahvoja mittasuhteita, jotka soveltuvat erityisesti urbaaneihin ymp\u00e4rist\u00f6ihin.<\/p>\n<p>Pystysuuntaiset p\u00e4iv\u00e4ajovalot, Kian viimeisin Star Map -valokuvio, erottuva<strong> <\/strong>olkalinja<strong> <\/strong>sek\u00e4 vahvat py\u00f6r\u00e4nkaaret luovat erottuvan ulkopuolen.<\/p>\n<p>Vanteita on saatavilla 16- ja 19 tuuman v\u00e4lill\u00e4. Asiakkaat voivat my\u00f6s valita autonsa v\u00e4rin laajasta valikoimasta, jotka sis\u00e4lt\u00e4v\u00e4t metalli-, helmi\u00e4is-, sek\u00e4 mattav\u00e4rej\u00e4.<\/p>\n<p>GT-Line -varustetaso korostaa entisest\u00e4\u00e4n EV2:n urbaania luonnetta. Siihen kuuluvat kiilt\u00e4v\u00e4nmustat korostukset edess\u00e4, mukaan lukien etus\u00e4leik\u00f6n yl\u00e4puolen korostus, puskurin keskiosan korostus, etusumuvalojen suojat, sek\u00e4 etus\u00e4leik\u00f6n alempi osa. N\u00e4m\u00e4 yhdess\u00e4 luovat itsevarmemman ja korkealaatuisemman ilmeen.<\/p>\n<p><strong>Maksimaalisen k\u00e4ytett\u00e4vyyden sis\u00e4tilat<\/strong><\/p>\n<p>Sis\u00e4lt\u00e4 EV2 tarjoaa avoimen, rauhallisen matkustamon, joka on saanut inspiraationsa \u201dPicnic Box\u201d konseptista. Se yhdist\u00e4\u00e4 logiikan ja tunteen runsaasti kangasta k\u00e4ytt\u00e4vien materiaalien ja intuitiivisen suunnittelun kautta. Halki<strong> <\/strong>ohjaamon<strong> <\/strong>kulkeva kojelauta ymp\u00e4r\u00f6i matkustajat lis\u00e4ten mukavuutta ja tilantuntua.<\/p>\n<p>EV2:ssa on Kian viimeisin kolmin\u00e4ytt\u00f6inen ccNC-tietoviihdej\u00e4rjestelm\u00e4, joka koostuu 12,3\u201d kuljettajan n\u00e4yt\u00f6st\u00e4, 5,3\u201d ilmastoinnin hallintapaneelista, sek\u00e4 keskelle sijoitetusta 12,3\u201d kosketusn\u00e4yt\u00f6st\u00e4. Tunnelmavalaistus ja ymp\u00e4rist\u00f6yst\u00e4v\u00e4lliset materiaalit vahvistavat modernin sis\u00e4tilan tunnelmaa.<\/p>\n<p>Kian kompakteimpana t\u00e4yss\u00e4hk\u00f6autona EV2 esittelee my\u00f6s uuden ccNC Lite -tietoviihdej\u00e4rjestelm\u00e4n. Se heijastelee samaa n\u00e4ytt\u00f6jen asettelua ja ydintoimintoja kuin ccNC, mutta on saatavilla edullisempaan hintaan. Molemmat j\u00e4rjestelm\u00e4t tukevat langattomia OTA-p\u00e4ivityksi\u00e4 sek\u00e4 Kia Upgrades -lis\u00e4palveluita. *<\/p>\n<p>Uusi liukuva ja s\u00e4\u00e4tyv\u00e4t selk\u00e4nojat sis\u00e4lt\u00e4v\u00e4 takaistuin maksimoi p\u00e4ivitt\u00e4isen k\u00e4ytett\u00e4vyyden. Takajalkatilat ulottuvat aina 885 millimetrist\u00e4 segmentiss\u00e4\u00e4n johtavaan 958 millimetriin. Kun istuimet ovat etummaisimmassa asennossaan, EV2 tarjoaa vaikuttavat jopa 403 litraa tavaratilaa. Tavaratilaa tukee etutavaratila, joka on kooltaan luokassaan johtavat 15 litraa.<\/p>\n<p>Normaalissa istuinasennossa p\u00e4\u00e4ntila on 973 millimetri\u00e4 sek\u00e4 neli- ett\u00e4 viisipaikkaisena. Nelipaikkaisessa mallissa p\u00e4\u00e4ntila on 968 millimetri\u00e4 istuinten ollessa taaimmaisimmassa asennossa, ja 955 millimetri\u00e4 taaimmaisimmassa ja pystyimm\u00e4ss\u00e4 asennossa.<\/p>\n<p><strong>Kompakti ulkopuolelta, tilava sis\u00e4lt\u00e4<\/strong><\/p>\n<p>Kian s\u00e4hk\u00f6autoille omistetulle perusrakenteelle pohjautuva EV2 yhdist\u00e4\u00e4 kompaktit ulkomitat suurempiin segmentteihin vertautuviin sis\u00e4tiloihin.<\/p>\n<p>2 565 millimetrin akseliv\u00e4li mahdollistaa monipuoliset istuinratkaisut. Asiakkaat voivat valita joko viisipaikkaisen tai nelipaikkaisen, erikseen liukuvien ja s\u00e4\u00e4dett\u00e4vien istuinten v\u00e4lilt\u00e4. T\u00e4m\u00e4 tekee EV2:sta riitt\u00e4v\u00e4n mukautuvan toimiakseen jopa perheen p\u00e4\u00e4autona.<\/p>\n<p>\u201dJokainen elementti uudessa EV2:ssa on suunniteltu eurooppalainen el\u00e4m\u00e4ntyyli huomioiden\u201d, sanoo <strong>Sjoerd Knipping<\/strong>, Kia Europen operatiivinen johtaja. \u201dSen kompakti koko, riittoisat sis\u00e4tilat, ja edistykselliset teknologiat tekev\u00e4t sen arkeen sis\u00e4llytt\u00e4misest\u00e4 helppoa. EV2 laajentaa s\u00e4hk\u00f6autoilun vieh\u00e4tt\u00e4vyytt\u00e4 my\u00f6s suuremman segmenttien ominaisuuksien kautta, jotka olemme tuoneet malliston pienimp\u00e4\u00e4n autoomme.<\/p>\n<p><strong>Itsevarmaa s\u00e4hk\u00f6ist\u00e4 suorituskyky\u00e4<\/strong><\/p>\n<p>EV2 on saatavilla kahdella akkuvaihtoehdolla: 42,2 kilowattituntia sek\u00e4 pitk\u00e4n kantaman 61-kilowattituntinen. WLTP-mittaustuloksia odottavat, alustavat toimintamatkaennusteet ovat 317 kilometri\u00e4 pienemm\u00e4lle akulle ja 448 kilometri\u00e4 pitk\u00e4n kantaman versiolle.<\/p>\n<p>Molemmat versiot hy\u00f6dynt\u00e4v\u00e4t 400 voltin arkkitehtuuria ja mahdollistavat nopean DC-pikalatauksen. Pienemm\u00e4n akkukoon versio lataa 10-80 % vain 29 minuutissa, ja pitk\u00e4n kantaman versiolla vastaava aika on noin 30 minuuttia mahdollistaen nopean ja k\u00e4yt\u00e4nn\u00f6llisen latausajan jokaisella matkalla.<\/p>\n<p>EV2 on my\u00f6s ensimm\u00e4inen Kian malli, joka tukee sek\u00e4 11 kW:n ett\u00e4 lis\u00e4varusteista 22 kW:n AC-latausta. T\u00e4m\u00e4 heijastelee eurooppalaista latausverkostoa, joka koostuu suurelta osin AC-latausasemista tarjoten samalla enemm\u00e4n joustavuutta kotilataamisen sek\u00e4 asiointilatauksen osalta.<\/p>\n<p>EV2 tarjoaa saumattomasti yhteensopivan t\u00e4yss\u00e4hk\u00f6isen kokemuksen sis\u00e4\u00e4nrakennetun s\u00e4hk\u00f6auton reittisuunnittelun kautta, joka on linkitetty Kia Charge-palveluun sek\u00e4 Plug &amp; Charge -toimintoon kortittoman tai sovelluksettoman latauksen mahdollistamiseksi. Auto tukee my\u00f6s kaksisuuntaista latausta V2L (Vehicle-to-Load) ja V2G (Vehicle-to-Grid) kautta, joka mahdollistaa virran luovuttamisen asiakkaiden s\u00e4hk\u00f6laitteiden tarpeisiin tai takaisin s\u00e4hk\u00f6verkkoon.<\/p>\n<p><strong>Suurempien segmenttien teknologiaa <\/strong><\/p>\n<p>EV2 tarjoaa laajan kattauksen kehittyneit\u00e4 kuljettajaa avustavia j\u00e4rjestelmi\u00e4 (ADAS, Advanced Driver Assistance System) sek\u00e4 liitett\u00e4vyysominaisuuksia, joita tyypillisesti vain suurempien segmenttien autot tarjoavat.<\/p>\n<p>Vakio- ja lis\u00e4varusteiset j\u00e4rjestelm\u00e4t sis\u00e4lt\u00e4v\u00e4t muun muassa Moottoritieavustin 2:n, Etut\u00f6rm\u00e4yksen estoj\u00e4rjestelm\u00e4 2.0, \u00c4lyk\u00e4s vakionopeudens\u00e4\u00e4din 2.0, Katvealueen monitori, Ymp\u00e4rist\u00f6n valvontaj\u00e4rjestelm\u00e4, sek\u00e4 viimeisimm\u00e4t pys\u00e4k\u00f6intiavustimet. \u00c4lyk\u00e4s et\u00e4pys\u00e4k\u00f6intij\u00e4rjestelm\u00e4 mahdollistaa ajoneuvon liikuttamisen suorassa linjassa auton ulkopuolelta avaimella, joka on segmentiss\u00e4\u00e4n ainutlaatuinen ominaisuus.<\/p>\n<p>Digitaalinen k\u00e4yt\u00e4nn\u00f6llisyys paranee entisest\u00e4\u00e4n t\u00e4yden Kia App -\u00e4lypuhelinsovelluksen integraation kautta. Saatavilla on Digital Key -\u00e4lypuhelinavain, joka hy\u00f6dynt\u00e4\u00e4 NFC, Bluetooth, sek\u00e4 UWB-teknologiaa. EV2 tukee my\u00f6s langattomia OTA-p\u00e4ivityksi\u00e4 sek\u00e4 viimeisimpi\u00e4 viihdepalveluita. Lis\u00e4varusteinen kahdeksan kaiuttimen Harman\/Kardon \u00e4\u00e4nentoisto nostaa matkustuskokemuksen uudelle tasolle.<\/p>\n<p><strong>Vastuullinen valinta s\u00e4hk\u00f6iseen liikkumiseen<\/strong><\/p>\n<p>EV2 heijastaa Kian sitoutumista vastuullisuuteen merkin kymmenen materiaaliratkaisun konseptin kautta sek\u00e4 sis\u00e4tiloissa ett\u00e4 auton ulkopuolella. N\u00e4ihin sis\u00e4ltyv\u00e4t bio- ja BTX-vapaa ulkomaalipinta, biopohjaiset muovit, bio-pohjaiset istuinverhoilut, sek\u00e4 kalaverkoista tehdyt ohjaamon matot.<\/p>\n<p>Slovakiassa Kian \u017dilinan tehtaalla valmistettava EV2 hy\u00f6tyy lyhyemmist\u00e4 kuljetusmatkoista tukien samalla eurooppalaista elinkeinoel\u00e4m\u00e4\u00e4 ty\u00f6paikkojen kautta. Samalla EV2:n valmistus paikallisesti alleviivaa Kian panostusta markkinakohtaisille ja vastuullisille liikkumisratkaisuille.<\/p>\n<p><strong>Eurooppalaista tuotantoa<\/strong><\/p>\n<p>EV2 on toinen t\u00e4yss\u00e4hk\u00f6inen malli, jota valmistetaan Kian \u017dilinan tehtaalla seuraten viime vuonna lanseerattua EV4:\u00e4\u00e4. Tuotanto alkaa kahdessa vaiheessa 42,2 kilowattitunnin Standard Range -mallin k\u00e4ynnist\u00e4ess\u00e4 tuotannon helmikuussa 2026. Pitk\u00e4n kantaman sek\u00e4 GT-Line -variantit seuraavat kes\u00e4kuussa 2026.<\/p>\n<p>Suomeen EV2 saapuu vuoden 2026 toisella nelj\u00e4nneksell\u00e4.<\/p>\n<p><strong>Tekniset tiedot | Kia EV2*<\/strong><\/p>\n<tr>\n<td colspan=\"2\" width=\"179\">\n<p><strong>Malli<\/strong><\/p>\n<\/td>\n<td colspan=\"2\" width=\"426\">\n<p><strong>EV2<\/strong><\/p>\n<\/td>\n<\/tr>\n<tr>\n<td colspan=\"2\" width=\"179\">\n<p><strong>Malliversio<\/strong><\/p>\n<\/td>\n<td width=\"208\">\n<p>Standard-range<\/p>\n<\/td>\n<td width=\"219\">\n<p>Long-range<\/p>\n<\/td>\n<\/tr>\n<tr>\n<td colspan=\"2\" width=\"179\">\n<p><strong>Perusrakenne<\/strong><\/p>\n<\/td>\n<td colspan=\"2\" width=\"426\">\n<p>E-GMP<\/p>\n<\/td>\n<\/tr>\n<tr>\n<td colspan=\"2\" width=\"179\">\n<p><strong>Pituus (mm)<\/strong><\/p>\n<\/td>\n<td colspan=\"2\" width=\"426\">\n<p>4,060<\/p>\n<\/td>\n<\/tr>\n<tr>\n<td colspan=\"2\" width=\"179\">\n<p><strong>Leveys (mm)<\/strong><\/p>\n<\/td>\n<td colspan=\"2\" width=\"426\">\n<p>1,800<\/p>\n<\/td>\n<\/tr>\n<tr>\n<td colspan=\"2\" width=\"179\">\n<p><strong>Korkeus (mm)<\/strong><\/p>\n<\/td>\n<td colspan=\"2\" width=\"426\">\n<p>1,575<\/p>\n<\/td>\n<\/tr>\n<tr>\n<td colspan=\"2\" width=\"179\">\n<p><strong>Akseliv\u00e4li (mm)<\/strong><\/p>\n<\/td>\n<td colspan=\"2\" width=\"426\">\n<p>2,565<\/p>\n<\/td>\n<\/tr>\n<tr>\n<td colspan=\"2\" width=\"179\">\n<p><strong>Akku (kWh)<\/strong><\/p>\n<\/td>\n<td width=\"208\">\n<p>42.2<\/p>\n<\/td>\n<td width=\"219\">\n<p>61.0<\/p>\n<\/td>\n<\/tr>\n<tr>\n<td colspan=\"2\" width=\"179\">\n<p><strong>Teho (kW)<\/strong><\/p>\n<\/td>\n<td width=\"208\">\n<p>108<\/p>\n<\/td>\n<td width=\"219\"\/><\/tr>\n<tr>\n<td colspan=\"2\" width=\"179\">\n<p><strong>Kantama (km, WLTP)<\/strong><\/p>\n<\/td>\n<td width=\"208\">\n<p>317<\/p>\n<\/td>\n<td width=\"219\">\n<p>448<\/p>\n<\/td>\n<\/tr>\n<tr>\n<td rowspan=\"2\" width=\"94\">\n<p><strong>Latausaika (H:min)<\/strong><\/p>\n<\/td>\n<td width=\"85\">\n<p><strong>DC pikalataus<\/strong><\/p>\n<p><strong>(10-80%)<\/strong><\/p>\n<\/td>\n<td width=\"208\">\n<p>0:29<\/p>\n<\/td>\n<td width=\"219\">\n<p>0:30<\/p>\n<\/td>\n<\/tr>\n<tr>\n<td width=\"85\">\n<p><strong>AC lataus (11 kW \/ 22 kW)<\/strong><\/p>\n<\/td>\n<td width=\"208\">\n<p>4:05 \/ 2:35<\/p>\n<\/td>\n<td width=\"219\">\n<p>5:35 \/ 3:00<\/p>\n<\/td>\n<\/tr>\n<tr>\n<td colspan=\"2\" width=\"179\">\n<p><strong>Renkaat<\/strong><\/p>\n<\/td>\n<td colspan=\"2\" width=\"426\">\n<p>205\/65 R16<\/p>\n<p>215\/50 R18<\/p>\n<p>225\/45 R19 (GT-Line)<\/p>\n<\/td>\n<\/tr>\n<tr>\n<td colspan=\"2\" width=\"179\">\n<p><strong>Tavaratila (L, VDA)<\/strong><\/p>\n<\/td>\n<td width=\"208\">\n<p>362 (5 istuinta)<br \/>403 (4-paikkainen liukuvilla ja s\u00e4\u00e4tyvill\u00e4 takaistuimilla)<\/p>\n<\/td>\n<td width=\"219\">\n<p>362 (5-seater)<br \/>403 (4-seater w\/ sliding and reclining seats)<\/p>\n<\/td>\n<\/tr>\n<p>** Tekniset tiedot ovat viel\u00e4 alustavia ja odottavat Eurooppalaisen tyypitysprosessin valmistumista.<\/p>\n","protected":false},"excerpt":{"rendered":"Kia esittelee uuden EV2:n, joka on Euroopassa valmistettava B-segmentin t\u00e4yss\u00e4hk\u00f6inen SUV, joka tuo saavutettavimman kontaktipisteen Kian s\u00e4hk\u00f6automallistoon Kaksi&hellip;\n","protected":false},"author":2,"featured_media":138089,"comment_status":"","ping_status":"","sticky":false,"template":"","format":"standard","meta":{"footnotes":""},"categories":[76],"tags":[79,77,33,31,30,32,78],"class_list":{"0":"post-138088","1":"post","2":"type-post","3":"status-publish","4":"format-standard","5":"has-post-thumbnail","7":"category-talous","8":"tag-business","9":"tag-economy","10":"tag-fi","11":"tag-finland","12":"tag-finnish","13":"tag-suomi","14":"tag-talous"},"share_on_mastodon":{"url":"https:\/\/pubeurope.com\/@fi\/115867488443924389","error":""},"_links":{"self":[{"href":"https:\/\/www.europesays.com\/fi\/wp-json\/wp\/v2\/posts\/138088","targetHints":{"allow":["GET"]}}],"collection":[{"href":"https:\/\/www.europesays.com\/fi\/wp-json\/wp\/v2\/posts"}],"about":[{"href":"https:\/\/www.europesays.com\/fi\/wp-json\/wp\/v2\/types\/post"}],"author":[{"embeddable":true,"href":"https:\/\/www.europesays.com\/fi\/wp-json\/wp\/v2\/users\/2"}],"replies":[{"embeddable":true,"href":"https:\/\/www.europesays.com\/fi\/wp-json\/wp\/v2\/comments?post=138088"}],"version-history":[{"count":0,"href":"https:\/\/www.europesays.com\/fi\/wp-json\/wp\/v2\/posts\/138088\/revisions"}],"wp:featuredmedia":[{"embeddable":true,"href":"https:\/\/www.europesays.com\/fi\/wp-json\/wp\/v2\/media\/138089"}],"wp:attachment":[{"href":"https:\/\/www.europesays.com\/fi\/wp-json\/wp\/v2\/media?parent=138088"}],"wp:term":[{"taxonomy":"category","embeddable":true,"href":"https:\/\/www.europesays.com\/fi\/wp-json\/wp\/v2\/categories?post=138088"},{"taxonomy":"post_tag","embeddable":true,"href":"https:\/\/www.europesays.com\/fi\/wp-json\/wp\/v2\/tags?post=138088"}],"curies":[{"name":"wp","href":"https:\/\/api.w.org\/{rel}","templated":true}]}}