{"id":138094,"date":"2026-01-09T22:27:07","date_gmt":"2026-01-09T22:27:07","guid":{"rendered":"https:\/\/www.europesays.com\/fi\/138094\/"},"modified":"2026-01-09T22:27:07","modified_gmt":"2026-01-09T22:27:07","slug":"musertava-uutinen-ruotsista-rakastettu-urheilutahti-kuoli-31-vuotiaana","status":"publish","type":"post","link":"https:\/\/www.europesays.com\/fi\/138094\/","title":{"rendered":"Musertava uutinen Ruotsista \u2013 rakastettu urheilut\u00e4hti kuoli 31-vuotiaana"},"content":{"rendered":"<p>Viktor Rhodin menehtyi tiistaina.<\/p>\n<p>9.1. 22:31<\/p>\n<p class=\"article-body mb-nof-24 px-nof-16\">Ruotsalainen entinen k\u00e4sipalloilija <a class=\"font-bold underline-offset-[0.12em] [text-decoration:var(--person-link-text-decoration)] ![text-decoration-color:var(--person-link-text-decoration-color)]\" href=\"https:\/\/www.is.fi\/haku\/?query=Viktor%20Rhodin\" rel=\"nofollow noopener\" target=\"_blank\">Viktor Rhodin<\/a> on kuollut, kertoo muun muassa <a class=\"underline underline-offset-[0.12em] [text-decoration-thickness:var(--generic-link-underline-thickness)] [text-decoration-color:var(--generic-link-underline-color)] [text-decoration-skip-ink:var(--generic-link-underline-skip-ink)] break-words\" href=\"https:\/\/www.aftonbladet.se\/sportbladet\/a\/8p66kr\/tidigare-handbollsspelaren-viktor-rhodin-ar-dod-blev-31-ar\" rel=\"nofollow noopener\" target=\"_blank\">Aftonbladet<\/a>.<\/p>\n<p class=\"article-body mb-nof-24 px-nof-16\">Sy\u00f6p\u00e4\u00e4 sairastanut Rhodin kuoli tiistaina 6. tammikuuta. H\u00e4n oli 31-vuotias.<\/p>\n<p class=\"article-body mb-nof-24 px-nof-16\">Rhodinin aivoista l\u00f6ytyi pahanlaatuinen kasvain kev\u00e4\u00e4ll\u00e4 2020. Ruotsalainen k\u00e4vi leikkauksessa, ja noin vuosi sy\u00f6p\u00e4diagnoosin j\u00e4lkeen h\u00e4n pystyi taas pelaamaan maan p\u00e4\u00e4sarjassa.<\/p>\n<p class=\"article-body mb-nof-24 px-nof-16\">Rhodinin viimeinen kausi oli 2022\u201323, jonka h\u00e4n vietti Aran\u00e4sissa.<\/p>\n<p class=\"article-body mb-nof-24 px-nof-16\">Sy\u00f6p\u00e4 uusiutui kev\u00e4\u00e4ll\u00e4 2024, eik\u00e4 sit\u00e4 voinut en\u00e4\u00e4 leikata. Sy\u00f6p\u00e4 levisi nopeasti viime kes\u00e4n aikana.<\/p>\n<p class=\"article-body mb-nof-24 px-nof-16\">K\u00e4sipallovalmentaja <a class=\"font-bold underline-offset-[0.12em] [text-decoration:var(--person-link-text-decoration)] ![text-decoration-color:var(--person-link-text-decoration-color)]\" href=\"https:\/\/www.is.fi\/haku\/?query=Jerry%20Hallb%C3%A4ck\" rel=\"nofollow noopener\" target=\"_blank\">Jerry Hallb\u00e4ck<\/a> kertoo Aftonbladetille, ett\u00e4 koko Ruotsin lajiyhteis\u00f6 suree uutista.<\/p>\n<p class=\"article-body mb-nof-24 px-nof-16\">\u2013 On kamalaa, ett\u00e4 niin nuori ja uskomattoman l\u00e4mmin henkil\u00f6, jolla on fantastisia piirteit\u00e4 ja joka on maailman kiltein tyyppi, menehtyy aivan liian nuorena. Uskon, ett\u00e4 kaikki k\u00e4sipalloyhteis\u00f6ss\u00e4 surevat hienon joukkuekaverin ja vastustajan menett\u00e4mist\u00e4, Hallb\u00e4ck sanoi Aftonbladetin mukaan.<\/p>\n<p class=\"article-body mb-nof-24 px-nof-16\">\u2013 H\u00e4n oli henkil\u00f6, jota kunnioitettiin suuresti Ruotsin k\u00e4sipalloyhteis\u00f6ss\u00e4.<\/p>\n<p class=\"article-body mb-nof-24 px-nof-16\">Rhodinia suremaan j\u00e4\u00e4v\u00e4t etenkin h\u00e4nen puolisonsa <a class=\"font-bold underline-offset-[0.12em] [text-decoration:var(--person-link-text-decoration)] ![text-decoration-color:var(--person-link-text-decoration-color)]\" href=\"https:\/\/www.is.fi\/haku\/?query=Mikaela\" rel=\"nofollow noopener\" target=\"_blank\">Mikaela <\/a>ja lapsensa <a class=\"font-bold underline-offset-[0.12em] [text-decoration:var(--person-link-text-decoration)] ![text-decoration-color:var(--person-link-text-decoration-color)]\" href=\"https:\/\/www.is.fi\/haku\/?query=Inez\" rel=\"nofollow noopener\" target=\"_blank\">Inez<\/a>.<\/p>\n<p class=\"article-body mb-nof-24 px-nof-16\">\u2013 H\u00e4n oli maailman paras is\u00e4 Inezille, Mikaela viestitti ruotsalaiselle <a class=\"underline underline-offset-[0.12em] [text-decoration-thickness:var(--generic-link-underline-thickness)] [text-decoration-color:var(--generic-link-underline-color)] [text-decoration-skip-ink:var(--generic-link-underline-skip-ink)] break-words\" href=\"https:\/\/www.expressen.se\/sport\/handboll\/handbollsspelaren-viktor-rhodin-dod--blev-31-ar-gammal\/\" rel=\"nofollow noopener\" target=\"_blank\">Expressenille<\/a>.<\/p>\n","protected":false},"excerpt":{"rendered":"Viktor Rhodin menehtyi tiistaina. 9.1. 22:31 Ruotsalainen entinen k\u00e4sipalloilija Viktor Rhodin on kuollut, kertoo muun muassa Aftonbladet. Sy\u00f6p\u00e4\u00e4&hellip;\n","protected":false},"author":2,"featured_media":138095,"comment_status":"","ping_status":"","sticky":false,"template":"","format":"standard","meta":{"footnotes":""},"categories":[5],"tags":[22,23,26,27,33,31,30,17,34,24,25,28,29,15,18,21,32,19,20,16],"class_list":{"0":"post-138094","1":"post","2":"type-post","3":"status-publish","4":"format-standard","5":"has-post-thumbnail","7":"category-otsikot","8":"tag-breaking-news","9":"tag-breakingnews","10":"tag-featured-news","11":"tag-featurednews","12":"tag-fi","13":"tag-finland","14":"tag-finnish","15":"tag-headlines","16":"tag-ilta-sanomat","17":"tag-latest-news","18":"tag-latestnews","19":"tag-main-news","20":"tag-mainnews","21":"tag-news","22":"tag-otsikot","23":"tag-paauutiset","24":"tag-suomi","25":"tag-top-stories","26":"tag-topstories","27":"tag-uutiset"},"share_on_mastodon":{"url":"https:\/\/pubeurope.com\/@fi\/115867500062871784","error":""},"_links":{"self":[{"href":"https:\/\/www.europesays.com\/fi\/wp-json\/wp\/v2\/posts\/138094","targetHints":{"allow":["GET"]}}],"collection":[{"href":"https:\/\/www.europesays.com\/fi\/wp-json\/wp\/v2\/posts"}],"about":[{"href":"https:\/\/www.europesays.com\/fi\/wp-json\/wp\/v2\/types\/post"}],"author":[{"embeddable":true,"href":"https:\/\/www.europesays.com\/fi\/wp-json\/wp\/v2\/users\/2"}],"replies":[{"embeddable":true,"href":"https:\/\/www.europesays.com\/fi\/wp-json\/wp\/v2\/comments?post=138094"}],"version-history":[{"count":0,"href":"https:\/\/www.europesays.com\/fi\/wp-json\/wp\/v2\/posts\/138094\/revisions"}],"wp:featuredmedia":[{"embeddable":true,"href":"https:\/\/www.europesays.com\/fi\/wp-json\/wp\/v2\/media\/138095"}],"wp:attachment":[{"href":"https:\/\/www.europesays.com\/fi\/wp-json\/wp\/v2\/media?parent=138094"}],"wp:term":[{"taxonomy":"category","embeddable":true,"href":"https:\/\/www.europesays.com\/fi\/wp-json\/wp\/v2\/categories?post=138094"},{"taxonomy":"post_tag","embeddable":true,"href":"https:\/\/www.europesays.com\/fi\/wp-json\/wp\/v2\/tags?post=138094"}],"curies":[{"name":"wp","href":"https:\/\/api.w.org\/{rel}","templated":true}]}}