{"id":138104,"date":"2026-01-09T22:51:07","date_gmt":"2026-01-09T22:51:07","guid":{"rendered":"https:\/\/www.europesays.com\/fi\/138104\/"},"modified":"2026-01-09T22:51:07","modified_gmt":"2026-01-09T22:51:07","slug":"trump-yhdysvallat-paattaa-mitka-oljy-yhtiot-saavat-toimia-venezuelassa-uutisia-lyhyesti","status":"publish","type":"post","link":"https:\/\/www.europesays.com\/fi\/138104\/","title":{"rendered":"Trump: Yhdysvallat p\u00e4\u00e4tt\u00e4\u00e4, mitk\u00e4 \u00f6ljy-yhti\u00f6t saavat toimia Venezuelassa | Uutisia lyhyesti"},"content":{"rendered":"<p class=\"aw-1gybjub aw-5vja16 kEtdKx kmuxyA yle__article__paragraph\">Yhdysvaltain presidentti Donald Trump tapasi perjantaina suurten kansainv\u00e4listen \u00f6ljy-yhti\u00f6iden edustajia Valkoisessa talossa.<\/p>\n<p><img decoding=\"async\" alt=\"Kolme miest\u00e4 seisoo tuolien takana kokousp\u00f6yd\u00e4n ymp\u00e4rill\u00e4 Valkoisessa talossa.\" src=\"https:\/\/www.europesays.com\/fi\/wp-content\/uploads\/2026\/01\/39-157945369616e1c90a32.jpeg\" class=\"aw-1l9m598 hKVVvP\"\/><\/p>\n<p>Avaa kuvien katselu<\/p>\n<p>Varapresidentti J.D. Vance, presidentti Donald Trump ja ulkoministeri Marco Rubio osallistuivat perjantaina tapaamiseen \u00f6ljy-yhti\u00f6iden edustajien kanssa Valkoisessa talossa. Kuva: Saul Loeb \/ AFP<\/p>\n<p>9.1. 22:25\u2022P\u00e4ivitetty 9.1. 23:27<\/p>\n<p class=\"aw-1gybjub aw-1p7kakr kEtdKx cEmitX yle__article__paragraph\">Presidentti <strong class=\"aw-ak79eh KyCXm yle__article__strong\">Donald Trump<\/strong> sanoo, ett\u00e4 Yhdysvaltain hallinto p\u00e4\u00e4tt\u00e4\u00e4 siit\u00e4, mitk\u00e4 \u00f6ljy-yhti\u00f6t p\u00e4\u00e4sev\u00e4t investoimaan Venezuelaan.<\/p>\n<p class=\"aw-1gybjub aw-1p7kakr kEtdKx cEmitX yle__article__paragraph\">Trump kommentoi asiaa tavattuaan perjantaina suurten \u00f6ljy-yhti\u00f6iden edustajien kanssa Valkoisessa talossa. H\u00e4n lis\u00e4si, ett\u00e4 seuraava tapaaminen \u00f6ljy-yhti\u00f6iden kanssa on sovittu ensi viikolle.<\/p>\n<p class=\"aw-1gybjub aw-1p7kakr kEtdKx cEmitX yle__article__paragraph\">Yhdysvallat teki viime viikonloppuna Venezuelan p\u00e4\u00e4kaupunkiin Caracasiin sotilaallisen operaation, jonka yhteydess\u00e4 maan presidentti <strong class=\"aw-ak79eh KyCXm yle__article__strong\">Nicolas Maduro<\/strong> ja h\u00e4nen vaimonsa siepattiin ja tuotiin Yhdysvaltoihin.<\/p>\n<p class=\"aw-1gybjub aw-1p7kakr kEtdKx cEmitX yle__article__paragraph\">Trumpin mukaan kansainv\u00e4liset \u00f6ljy-yhti\u00f6t eiv\u00e4t voineet toimia turvallisesti Venezuelassa Maduron ollessa vallassa.<\/p>\n<p class=\"aw-1gybjub aw-1p7kakr kEtdKx cEmitX yle__article__paragraph\">\u2013 Nyt te voitte toimia t\u00e4ysin turvassa. Kyseess\u00e4 on t\u00e4ysin toinen Venezuela, Trump lis\u00e4si.<\/p>\n<p class=\"aw-1gybjub aw-1p7kakr kEtdKx cEmitX yle__article__paragraph\">Trump sanoi my\u00f6s, ett\u00e4 Venezuelaan sijoittamista pohtivat yhdysvaltalaiset \u00f6ljy-yhti\u00f6t saavat turvatakuut, joilla turvataan liiketoiminta maassa.<\/p>\n<p class=\"aw-1gybjub aw-1p7kakr kEtdKx cEmitX yle__article__paragraph\">Trump vakuutti tapaamisen j\u00e4lkeen, ett\u00e4 \u00f6ljyteollisuuden toiminta Venezuelassa k\u00e4ynnistyy Yhdysvaltojen alaisuudessa \u201dl\u00e4hes v\u00e4litt\u00f6m\u00e4sti\u201d. Yhdysvallat aikoo jalostaa ja myyd\u00e4 jopa 50 miljoonaa barrelia venezuelalaista raaka\u00f6ljy\u00e4 uuden Venezuelan kanssa tehdyn sopimuksen mukaisesti.<\/p>\n<p class=\"aw-1gybjub aw-1p7kakr kEtdKx cEmitX yle__article__paragraph\">\u00d6ljy-yhti\u00f6t asioivat suoraan Yhdysvaltojen kanssa, eiv\u00e4t Venezuelan, Trump sanoi.<\/p>\n<p class=\"aw-1gybjub aw-1p7kakr kEtdKx cEmitX yle__article__paragraph\">L\u00e4hteet: Reuters, AFP<\/p>\n","protected":false},"excerpt":{"rendered":"Yhdysvaltain presidentti Donald Trump tapasi perjantaina suurten kansainv\u00e4listen \u00f6ljy-yhti\u00f6iden edustajia Valkoisessa talossa. Avaa kuvien katselu Varapresidentti J.D. Vance,&hellip;\n","protected":false},"author":2,"featured_media":138105,"comment_status":"","ping_status":"","sticky":false,"template":"","format":"standard","meta":{"footnotes":""},"categories":[14],"tags":[22,23,585,26,27,33,31,30,17,70,24,25,28,29,15,2536,18,21,6811,32,19,20,56,16,7605,59,60,61,619,146],"class_list":{"0":"post-138104","1":"post","2":"type-post","3":"status-publish","4":"format-standard","5":"has-post-thumbnail","7":"category-ulkomaat","8":"tag-breaking-news","9":"tag-breakingnews","10":"tag-donald-trump","11":"tag-featured-news","12":"tag-featurednews","13":"tag-fi","14":"tag-finland","15":"tag-finnish","16":"tag-headlines","17":"tag-kansainvalinen-politiikka","18":"tag-latest-news","19":"tag-latestnews","20":"tag-main-news","21":"tag-mainnews","22":"tag-news","23":"tag-oljy-ja-kaasu","24":"tag-otsikot","25":"tag-paauutiset","26":"tag-presidentti-trumpin-hallinto","27":"tag-suomi","28":"tag-top-stories","29":"tag-topstories","30":"tag-ulkomaat","31":"tag-uutiset","32":"tag-venezuela","33":"tag-world","34":"tag-world-news","35":"tag-worldnews","36":"tag-yhdysvallat","37":"tag-yhdysvaltain-presidentti"},"share_on_mastodon":{"url":"https:\/\/pubeurope.com\/@fi\/115867594522341267","error":""},"_links":{"self":[{"href":"https:\/\/www.europesays.com\/fi\/wp-json\/wp\/v2\/posts\/138104","targetHints":{"allow":["GET"]}}],"collection":[{"href":"https:\/\/www.europesays.com\/fi\/wp-json\/wp\/v2\/posts"}],"about":[{"href":"https:\/\/www.europesays.com\/fi\/wp-json\/wp\/v2\/types\/post"}],"author":[{"embeddable":true,"href":"https:\/\/www.europesays.com\/fi\/wp-json\/wp\/v2\/users\/2"}],"replies":[{"embeddable":true,"href":"https:\/\/www.europesays.com\/fi\/wp-json\/wp\/v2\/comments?post=138104"}],"version-history":[{"count":0,"href":"https:\/\/www.europesays.com\/fi\/wp-json\/wp\/v2\/posts\/138104\/revisions"}],"wp:featuredmedia":[{"embeddable":true,"href":"https:\/\/www.europesays.com\/fi\/wp-json\/wp\/v2\/media\/138105"}],"wp:attachment":[{"href":"https:\/\/www.europesays.com\/fi\/wp-json\/wp\/v2\/media?parent=138104"}],"wp:term":[{"taxonomy":"category","embeddable":true,"href":"https:\/\/www.europesays.com\/fi\/wp-json\/wp\/v2\/categories?post=138104"},{"taxonomy":"post_tag","embeddable":true,"href":"https:\/\/www.europesays.com\/fi\/wp-json\/wp\/v2\/tags?post=138104"}],"curies":[{"name":"wp","href":"https:\/\/api.w.org\/{rel}","templated":true}]}}