{"id":138108,"date":"2026-01-09T22:53:09","date_gmt":"2026-01-09T22:53:09","guid":{"rendered":"https:\/\/www.europesays.com\/fi\/138108\/"},"modified":"2026-01-09T22:53:09","modified_gmt":"2026-01-09T22:53:09","slug":"kammottava-tilanne-helsingissa-olli-jokinen-vannoi-kostoa-mtvn-lahetyksessa","status":"publish","type":"post","link":"https:\/\/www.europesays.com\/fi\/138108\/","title":{"rendered":"Kammottava tilanne Helsingiss\u00e4 \u2013 Olli Jokinen vannoi kostoa MTV:n l\u00e4hetyksess\u00e4"},"content":{"rendered":"<p>HIFK:n p\u00e4\u00e4valmentaja ei ymm\u00e4rt\u00e4nyt tuomarin ratkaisua. <\/p>\n<p><img decoding=\"async\" class=\"image image-show image-preview\" src=\"https:\/\/www.europesays.com\/fi\/wp-content\/uploads\/2026\/01\/9da914e1e40bec7a2abf92c75fdfdaa337a018ab1b7a97687fa229a8ca5dafaf.jpg\" alt=\"\"\/><img decoding=\"async\" class=\"image image-show\" src=\"https:\/\/www.europesays.com\/fi\/wp-content\/uploads\/2026\/01\/1767999189_921_9da914e1e40bec7a2abf92c75fdfdaa337a018ab1b7a97687fa229a8ca5dafaf.jpg\" alt=\"\"\/><\/p>\n<p>Hugo Alnefelt loukkaantui.  Matti Raivio\/AOP<\/p>\n<p class=\"paragraph\">HIFK ja Ilveksen perjantai-illan ottelussa n\u00e4htiin 1. er\u00e4ss\u00e4 pelottava tilanne, kun maalivahti <strong>Hugo Alnefelt<\/strong> loukkaantui ja vietiin paareilla ulos kaukalossa.<\/p>\n<p class=\"paragraph\">Alnefeltiin osui Ilveksen maalille ajanut <strong>Teemu Engberg<\/strong>, joka selvisi tilanteesta ilman j\u00e4\u00e4hy\u00e4.<\/p>\n<p class=\"paragraph\">Sit\u00e4 ei kotijoukkueen p\u00e4\u00e4valmentaja <strong>Olli Jokinen<\/strong> voinut ymm\u00e4rt\u00e4\u00e4. H\u00e4n pen\u00e4si tuomarilta selityst\u00e4 siihen, miksi j\u00e4\u00e4hyaition ovi ei avautunut, vaikka Alnefelt oli pysytellyt tilanteessa tiukasti maalivahdin alueella.<\/p>\n<p class=\"paragraph\">Kun Jokinen sai vastaukseksi \u201dpelitilannekontaktin\u201d ja \u201dhuonon tuurin\u201d, mies p\u00e4\u00e4sti ilmoille uhkauksen kostosta.<\/p>\n<p class=\"paragraph\">\u2013 Asia selv\u00e4! \u00c4l\u00e4 sitten vihell\u00e4, kun tulee toisella puolella ihan t\u00e4ysin samanlaisia koko ilta. \u00c4l\u00e4 sitten vihell\u00e4! \u201dOJ\u201d <a href=\"https:\/\/www.mtvuutiset.fi\/artikkeli\/olli-jokisen-uhkailevat-sanat-tallentuivat-tuomarivideolle\/9280346\" target=\"_blank\" rel=\"noopener nofollow\">huusi<\/a> tuomarikameran tallenteessa, joka n\u00e4ytettiin ottelun tv-l\u00e4hetyksess\u00e4.<\/p>\n<p class=\"paragraph\">Ottelu on kahden er\u00e4n j\u00e4lkeen tilanteessa 1\u20130.<\/p>\n<p>Teemu Engberg ajoi maalille ja osui Hugo Alnefeltia p\u00e4\u00e4h\u00e4n.  Matti Raivio\/AOP<\/p>\n","protected":false},"excerpt":{"rendered":"HIFK:n p\u00e4\u00e4valmentaja ei ymm\u00e4rt\u00e4nyt tuomarin ratkaisua. Hugo Alnefelt loukkaantui. Matti Raivio\/AOP HIFK ja Ilveksen perjantai-illan ottelussa n\u00e4htiin 1.&hellip;\n","protected":false},"author":2,"featured_media":138109,"comment_status":"","ping_status":"","sticky":false,"template":"","format":"standard","meta":{"footnotes":""},"categories":[5],"tags":[35,22,23,26,27,33,31,30,17,1143,24,25,41,28,29,1616,15,18,21,32,1145,538,19,20,16],"class_list":{"0":"post-138108","1":"post","2":"type-post","3":"status-publish","4":"format-standard","5":"has-post-thumbnail","7":"category-otsikot","8":"tag-24h","9":"tag-breaking-news","10":"tag-breakingnews","11":"tag-featured-news","12":"tag-featurednews","13":"tag-fi","14":"tag-finland","15":"tag-finnish","16":"tag-headlines","17":"tag-jaakiekko","18":"tag-latest-news","19":"tag-latestnews","20":"tag-liikunta-ja-urheilu","21":"tag-main-news","22":"tag-mainnews","23":"tag-media-viestinta","24":"tag-news","25":"tag-otsikot","26":"tag-paauutiset","27":"tag-suomi","28":"tag-talviurheilu","29":"tag-tiede-ja-tekniikka","30":"tag-top-stories","31":"tag-topstories","32":"tag-uutiset"},"share_on_mastodon":{"url":"https:\/\/pubeurope.com\/@fi\/115867602330239369","error":""},"_links":{"self":[{"href":"https:\/\/www.europesays.com\/fi\/wp-json\/wp\/v2\/posts\/138108","targetHints":{"allow":["GET"]}}],"collection":[{"href":"https:\/\/www.europesays.com\/fi\/wp-json\/wp\/v2\/posts"}],"about":[{"href":"https:\/\/www.europesays.com\/fi\/wp-json\/wp\/v2\/types\/post"}],"author":[{"embeddable":true,"href":"https:\/\/www.europesays.com\/fi\/wp-json\/wp\/v2\/users\/2"}],"replies":[{"embeddable":true,"href":"https:\/\/www.europesays.com\/fi\/wp-json\/wp\/v2\/comments?post=138108"}],"version-history":[{"count":0,"href":"https:\/\/www.europesays.com\/fi\/wp-json\/wp\/v2\/posts\/138108\/revisions"}],"wp:featuredmedia":[{"embeddable":true,"href":"https:\/\/www.europesays.com\/fi\/wp-json\/wp\/v2\/media\/138109"}],"wp:attachment":[{"href":"https:\/\/www.europesays.com\/fi\/wp-json\/wp\/v2\/media?parent=138108"}],"wp:term":[{"taxonomy":"category","embeddable":true,"href":"https:\/\/www.europesays.com\/fi\/wp-json\/wp\/v2\/categories?post=138108"},{"taxonomy":"post_tag","embeddable":true,"href":"https:\/\/www.europesays.com\/fi\/wp-json\/wp\/v2\/tags?post=138108"}],"curies":[{"name":"wp","href":"https:\/\/api.w.org\/{rel}","templated":true}]}}