{"id":138110,"date":"2026-01-09T23:05:08","date_gmt":"2026-01-09T23:05:08","guid":{"rendered":"https:\/\/www.europesays.com\/fi\/138110\/"},"modified":"2026-01-09T23:05:08","modified_gmt":"2026-01-09T23:05:08","slug":"tuukka-temosen-skeittivideo-hurmaa-seiska","status":"publish","type":"post","link":"https:\/\/www.europesays.com\/fi\/138110\/","title":{"rendered":"Tuukka Temosen skeittivideo hurmaa | Seiska"},"content":{"rendered":"<p>\n            (100425) &#8212; Iitti, October 4, 2025 \u2013 Tuukka Temonen poses for the camera during his interview for Seiska in his Pizzeria and Bar Rehtori in Iitti, Finland, 4. October 2025. (Matti Matikainen\/Aller Media)<br \/>\n            Matti Matikainen\n        <\/p>\n<p class=\"subtitle \">Tuukan video her\u00e4tt\u00e4\u00e4 katsojissa ihastusta.<\/p>\n<p class=\"article-content article-content-width !bg-background\">Elokuvaohjaajana ja Apulanta-yhtyeen entisen\u00e4 basistina tunnettu  on formuloiden lis\u00e4ksi my\u00f6s skeittaamisen yst\u00e4v\u00e4.<\/p>\n<p class=\"article-content article-content-width !bg-background\">Rankasta viime vuodesta huolimatta Tuukka ei ole j\u00e4\u00e4nyt laakereilleen lep\u00e4\u00e4m\u00e4\u00e4n\u00a0\u2013 p\u00e4invastoin. Omaa ravintolaansa kotinsa l\u00e4heisyydess\u00e4 py\u00f6ritt\u00e4v\u00e4 Tuukka julkaisi <a href=\"https:\/\/www.instagram.com\/tuukkatemonen\/\" aria-label=\"Tuukka Temosen Instagram\" target=\"_blank\" rel=\"nofollow noopener\">Instagramissaan<\/a> t\u00e4n\u00e4\u00e4n (9.1.) vauhdikkaan skeittivideon.<\/p>\n<p class=\"article-content article-content-width !bg-background\">Siin\u00e4 h\u00e4n liukuu skeittiparkin obstaakkelille ja suorittaa heel flip -tempun.<\/p>\n<p class=\"article-content article-content-width !bg-background\"> \u2013\u00a0Oon kyl tosi iloinen, et pystyn viel ees jotenkin skeittaamaan viel 50 vuotiaana, Tuukka kirjoittaa julkaisun kuvatekstiss\u00e4.<\/p>\n<p>        <a itemprop=\"url\" href=\"https:\/\/www.seiska.fi\/kotimaa\/tuukka-temoselta-ilouutinen\/2036621\" rel=\"nofollow noopener\" target=\"_blank\"><\/p>\n<p>\nTuukka Temonen\n<\/p>\n<p class=\"section-date\">\n        <strong class=\"article-section\" data-section=\"kotimaa\"><br \/>\n            kotimaa<br \/>\n        <\/strong><br \/>\n        3.1. 11:30\n    <\/p>\n<p>Tuukka Temoselta ilouutinen\n    <\/p>\n<p itemprop=\"description\" class=\"subtitle \">\n    Raskaan vuoden j\u00e4lkeen Tuukan el\u00e4m\u00e4\u00e4n on alkanut l\u00f6yty\u00e4 my\u00f6s uutta valoa.\n<\/p>\n<p>        <\/a><\/p>\n<p>Kommenteissa ihastellaan<\/p>\n<p class=\"article-content article-content-width !bg-background\">Temppu her\u00e4tt\u00e4\u00e4 julkaisun kommentoijien keskuudessa ihastusta. Muun muassa The 69 Eyes -yhtyeen rumpali, Jussi69, on kommentoinut p\u00e4ivityst\u00e4:<\/p>\n<p class=\"article-content article-content-width !bg-background\"> \u2013\u00a0M\u00e4 just yritin Half Inch Olliee, Bam otti oppia. Mut ei l\u00e4hteny. H\u00e4nelt\u00e4 kyll\u00e4 l\u00e4htee.<\/p>\n<p>                <img decoding=\"async\" src=\"https:\/\/www.europesays.com\/fi\/wp-content\/uploads\/2026\/01\/1767999908_680_2036638.webp.jpeg\" width=\"576\" height=\"274\" title=\"Tuukka py\u00f6ritt\u00e4\u00e4 Iitiss\u00e4 Pizzeria Rehtori -ravintolaa. Kuva vuodelta 2025.\" alt=\"Tuukka Temonen laittaa pizzalapiolla pizzaa uuniin Ravintola Rehtorissa.\" loading=\"lazy\" \/>            <\/p>\n<p>\n            Tuukka py\u00f6ritt\u00e4\u00e4 Iitiss\u00e4 Pizzeria Rehtori -ravintolaa. Kuva vuodelta 2025.<br \/>\n            Matti Matikainen\n        <\/p>\n<p>        <a itemprop=\"url\" href=\"https:\/\/www.seiska.fi\/kotimaa\/tuukka-temonen-tunnustaa-vanhan-holmoilyn-anteeksi-aiti\/1980979\" rel=\"nofollow noopener\" target=\"_blank\"><\/p>\n<p>\nTuukka Temonen:\n<\/p>\n<p class=\"section-date\">\n        <strong class=\"article-section\" data-section=\"kotimaa\"><br \/>\n            kotimaa<br \/>\n        <\/strong><br \/>\n        2.11.2025 10:30\n    <\/p>\n<p>Tuukka Temonen tunnustaa vanhan h\u00f6lm\u00f6ilyn: &#8221;Anteeksi \u00e4iti&#8221;\n    <\/p>\n<p itemprop=\"description\" class=\"subtitle \">\n    Ohjaaja tunnustaa nyttemmin jo vanhentuneen rikoksen.\n<\/p>\n<p>        <\/a><\/p>\n<p class=\"article-content article-content-width !bg-background\">Jussi viittaa Jackass -hurjap\u00e4\u00e4ryhm\u00e4st\u00e4 tuttuun skeittauksen yst\u00e4v\u00e4\u00e4n, . Vanhat yst\u00e4vykset Jussi ja Bam <a href=\"https:\/\/www.instagram.com\/p\/DS3Ch57gaRC\/\" aria-label=\"Bam Margeran Instagram-julkaisu\" target=\"_blank\" rel=\"nofollow noopener\">viettiv\u00e4t hiljattain aikaa<\/a> Miamissa.<\/p>\n<p>Menetys ja menestyst\u00e4<\/p>\n<p class=\"article-content article-content-width !bg-background\">Tuukan viime vuoteen osui raskas menetys, kun h\u00e4nen puolisonsa, n\u00e4yttelij\u00e4\u00a0, menehtyi marraskuun 17. p\u00e4iv\u00e4n\u00e4 pitk\u00e4n sairauden uuvuttamana.<\/p>\n<p>        <a itemprop=\"url\" href=\"https:\/\/www.seiska.fi\/kotimaa\/olga-temonen-siunattiin-haudan-lepoon-tallainen-oli-siunaustilaisuus\/2007095\" rel=\"nofollow noopener\" target=\"_blank\"><\/p>\n<p>\nT\u00e4llainen oli siunaustilaisuus\n<\/p>\n<p class=\"section-date\">\n        <strong class=\"article-section\" data-section=\"kotimaa\"><br \/>\n            kotimaa<br \/>\n        <\/strong><br \/>\n        29.11.2025 15:17\n    <\/p>\n<p>Olga Temonen siunattiin haudan lepoon \u2013 t\u00e4llainen oli siunaustilaisuus\n    <\/p>\n<p itemprop=\"description\" class=\"subtitle \">\n    Olgan hautajaisissa vallitsi poikkeuksellinen tunnelma.\n<\/p>\n<p>        <\/a><\/p>\n<p class=\"article-content article-content-width !bg-background\">Mutta p\u00e4\u00e4ttyneeseen vuoteen mahtui menestyst\u00e4kin.<\/p>\n<p class=\"article-content article-content-width !bg-background\">Kahdeksas lokakuuta sai ensi-iltansa Tuukan ohjaama Cancel-elokuva, josta tuli yleis\u00f6menestys. Lokakuun loppuun menness\u00e4 elokuva oli ker\u00e4nnyt jo hurjat yli 145 000 katsojaa kotimaisissa elokuvateattereissa.\u00a0<\/p>\n<p><script async src=\"\/\/www.instagram.com\/embed.js\"><\/script><\/p>\n","protected":false},"excerpt":{"rendered":"(100425) &#8212; Iitti, October 4, 2025 \u2013 Tuukka Temonen poses for the camera during his interview for Seiska&hellip;\n","protected":false},"author":2,"featured_media":138111,"comment_status":"","ping_status":"","sticky":false,"template":"","format":"standard","meta":{"footnotes":""},"categories":[136],"tags":[5499,13601,407,137,33,31,30,408,3411,24018,32,2721,109],"class_list":{"0":"post-138110","1":"post","2":"type-post","3":"status-publish","4":"format-standard","5":"has-post-thumbnail","7":"category-julkkikset","8":"tag-bam-margera","9":"tag-cancel-elokuva","10":"tag-celebrities","11":"tag-entertainment","12":"tag-fi","13":"tag-finland","14":"tag-finnish","15":"tag-julkkikset","16":"tag-olga-temonen","17":"tag-skeittaus","18":"tag-suomi","19":"tag-tuukka-temonen","20":"tag-viihde"},"share_on_mastodon":{"url":"https:\/\/pubeurope.com\/@fi\/115867649491884590","error":""},"_links":{"self":[{"href":"https:\/\/www.europesays.com\/fi\/wp-json\/wp\/v2\/posts\/138110","targetHints":{"allow":["GET"]}}],"collection":[{"href":"https:\/\/www.europesays.com\/fi\/wp-json\/wp\/v2\/posts"}],"about":[{"href":"https:\/\/www.europesays.com\/fi\/wp-json\/wp\/v2\/types\/post"}],"author":[{"embeddable":true,"href":"https:\/\/www.europesays.com\/fi\/wp-json\/wp\/v2\/users\/2"}],"replies":[{"embeddable":true,"href":"https:\/\/www.europesays.com\/fi\/wp-json\/wp\/v2\/comments?post=138110"}],"version-history":[{"count":0,"href":"https:\/\/www.europesays.com\/fi\/wp-json\/wp\/v2\/posts\/138110\/revisions"}],"wp:featuredmedia":[{"embeddable":true,"href":"https:\/\/www.europesays.com\/fi\/wp-json\/wp\/v2\/media\/138111"}],"wp:attachment":[{"href":"https:\/\/www.europesays.com\/fi\/wp-json\/wp\/v2\/media?parent=138110"}],"wp:term":[{"taxonomy":"category","embeddable":true,"href":"https:\/\/www.europesays.com\/fi\/wp-json\/wp\/v2\/categories?post=138110"},{"taxonomy":"post_tag","embeddable":true,"href":"https:\/\/www.europesays.com\/fi\/wp-json\/wp\/v2\/tags?post=138110"}],"curies":[{"name":"wp","href":"https:\/\/api.w.org\/{rel}","templated":true}]}}