{"id":138114,"date":"2026-01-09T23:13:08","date_gmt":"2026-01-09T23:13:08","guid":{"rendered":"https:\/\/www.europesays.com\/fi\/138114\/"},"modified":"2026-01-09T23:13:08","modified_gmt":"2026-01-09T23:13:08","slug":"markku-bruno-leino-on-kuollut","status":"publish","type":"post","link":"https:\/\/www.europesays.com\/fi\/138114\/","title":{"rendered":"Markku &#8221;Bruno&#8221; Leino on kuollut"},"content":{"rendered":"<p>Markku Leino tunnettiin laajasta roolituksestaan porilaisessa elokuvatuotannossa.<\/p>\n<p>9.1. 15:10<\/p>\n<p class=\"article-body mb-nof-24 px-nof-16\">Pori<\/p>\n<p class=\"article-body mb-nof-24 px-nof-16\">N\u00e4yttelij\u00e4n\u00e4 ja koomikkona tunnetuksi tullut porilainen <a class=\"font-bold underline-offset-[0.12em] [text-decoration:var(--person-link-text-decoration)] ![text-decoration-color:var(--person-link-text-decoration-color)]\" href=\"https:\/\/www.satakunnankansa.fi\/haku\/?query=Markku%20%E2%80%9DBruno%E2%80%9D%20Leino\" rel=\"nofollow noopener\" target=\"_blank\">Markku \u201dBruno\u201d Leino<\/a> on kuollut. Leino l\u00f6ytyi menehtyneen\u00e4 keskiviikkona 7. tammikuuta. Omaiset ovat vahvistaneet Leinon kuoleman.<\/p>\n<p class=\"article-body mb-nof-24 px-nof-16\">30. syyskuuta vuonna 1956 syntynyt Leino k\u00e4vi koulunsa Porin K\u00e4pp\u00e4r\u00e4n koulussa ja opiskeli my\u00f6hemmin Porin kauppaoppilaitoksessa. Leino tuli tunnetuksi etenkin kulttuuritoiminnastaan. H\u00e4n oli ahkera harrastajan\u00e4yttelij\u00e4, joka tuli yleis\u00f6lle tutuksi muun muassa Vihre\u00e4st\u00e4 Teatterista ja Monikasvoista. H\u00e4net tunnettiin hyv\u00e4n tuulen luojana ja teatterien \u201dluottomiehen\u00e4\u201d.<\/p>\n<p class=\"article-body mb-nof-24 px-nof-16\">Leino esiintyi kaikissa ohjaaja <a class=\"font-bold underline-offset-[0.12em] [text-decoration:var(--person-link-text-decoration)] ![text-decoration-color:var(--person-link-text-decoration-color)]\" href=\"https:\/\/www.satakunnankansa.fi\/haku\/?query=Visa%20M%C3%A4kisen\" rel=\"nofollow noopener\" target=\"_blank\">Visa M\u00e4kisen<\/a> elokuvissa ja televisiotuotannoissa. H\u00e4n toimi elokuvissa paitsi n\u00e4yttelij\u00e4n\u00e4, my\u00f6s tuotantojen monitoimimiehen\u00e4, joka \u201dei tiennyt mit\u00e4 tarkoittaa huonotuulisuus\u201d.<\/p>\n<p class=\"article-body mb-nof-24 px-nof-16\">H\u00e4nen skaalansa oli laaja. Markku Leinon filmografiaan kuuluivat imdb.com-sivuston mukaan muiden ohessa seuraavat tuotannot: Selim, Kulkuri ja joutsen, Pekko ja unissak\u00e4velij\u00e4, Pekko aikamiespoika, Veturimiehet heiluttaa, Pirtua pirtua, Outoja voimia, Ruuvit l\u00f6ys\u00e4ll\u00e4, Pekka ja P\u00e4tk\u00e4, Y\u00f6n saalistajat, Vain silloin kun nauran, Vapaa duunari Ville-Kalle ja Likainen puolitusina.<\/p>\n<p class=\"article-body mb-nof-24 px-nof-16\">Markku Leino loi my\u00f6s oman koomikkohahmonsa Brunon. Entisen miehen serkku Bruno -nimell\u00e4 ilmestyi Leinon hupailuista c-kasetti. Bruno muodostui my\u00f6s Leinon kutsumanimeksi.<\/p>\n<p class=\"article-body mb-nof-24 px-nof-16\">Leino ahkeroi my\u00f6s laajalti muissa yhteyksiss\u00e4 laajan sosiaalisen verkostonsa ansiosta. H\u00e4n toimi muun muassa porilaisen salibandyn erikoisseura SBS Porin kotiotteluissa kuuluttajana.<\/p>\n<p class=\"article-body nof-ui-body-medium mb-nof-24 px-nof-16\">Oikaisu 9.1. kello 21.38: Jutun kuvatekstiss\u00e4 luki virheellisesti, ett\u00e4 Leino menehtyi vuonna 2025. Vuosiluku korjattu vuodeksi 2026.<\/p>\n","protected":false},"excerpt":{"rendered":"Markku Leino tunnettiin laajasta roolituksestaan porilaisessa elokuvatuotannossa. 9.1. 15:10 Pori N\u00e4yttelij\u00e4n\u00e4 ja koomikkona tunnetuksi tullut porilainen Markku \u201dBruno\u201d&hellip;\n","protected":false},"author":2,"featured_media":138115,"comment_status":"","ping_status":"","sticky":false,"template":"","format":"standard","meta":{"footnotes":""},"categories":[130],"tags":[137,33,31,30,80,32,109],"class_list":{"0":"post-138114","1":"post","2":"type-post","3":"status-publish","4":"format-standard","5":"has-post-thumbnail","7":"category-viihde","8":"tag-entertainment","9":"tag-fi","10":"tag-finland","11":"tag-finnish","12":"tag-satakunnan-kansa","13":"tag-suomi","14":"tag-viihde"},"share_on_mastodon":{"url":"https:\/\/pubeurope.com\/@fi\/115867681018589808","error":""},"_links":{"self":[{"href":"https:\/\/www.europesays.com\/fi\/wp-json\/wp\/v2\/posts\/138114","targetHints":{"allow":["GET"]}}],"collection":[{"href":"https:\/\/www.europesays.com\/fi\/wp-json\/wp\/v2\/posts"}],"about":[{"href":"https:\/\/www.europesays.com\/fi\/wp-json\/wp\/v2\/types\/post"}],"author":[{"embeddable":true,"href":"https:\/\/www.europesays.com\/fi\/wp-json\/wp\/v2\/users\/2"}],"replies":[{"embeddable":true,"href":"https:\/\/www.europesays.com\/fi\/wp-json\/wp\/v2\/comments?post=138114"}],"version-history":[{"count":0,"href":"https:\/\/www.europesays.com\/fi\/wp-json\/wp\/v2\/posts\/138114\/revisions"}],"wp:featuredmedia":[{"embeddable":true,"href":"https:\/\/www.europesays.com\/fi\/wp-json\/wp\/v2\/media\/138115"}],"wp:attachment":[{"href":"https:\/\/www.europesays.com\/fi\/wp-json\/wp\/v2\/media?parent=138114"}],"wp:term":[{"taxonomy":"category","embeddable":true,"href":"https:\/\/www.europesays.com\/fi\/wp-json\/wp\/v2\/categories?post=138114"},{"taxonomy":"post_tag","embeddable":true,"href":"https:\/\/www.europesays.com\/fi\/wp-json\/wp\/v2\/tags?post=138114"}],"curies":[{"name":"wp","href":"https:\/\/api.w.org\/{rel}","templated":true}]}}