{"id":138116,"date":"2026-01-09T23:14:08","date_gmt":"2026-01-09T23:14:08","guid":{"rendered":"https:\/\/www.europesays.com\/fi\/138116\/"},"modified":"2026-01-09T23:14:08","modified_gmt":"2026-01-09T23:14:08","slug":"tutkijat-eivat-uskoneet-silmiaan-outo-kohde-avaruudessa-allistyttaa","status":"publish","type":"post","link":"https:\/\/www.europesays.com\/fi\/138116\/","title":{"rendered":"Tutkijat eiv\u00e4t uskoneet silmi\u00e4\u00e4n: Outo kohde avaruudessa \u00e4llistytt\u00e4\u00e4"},"content":{"rendered":"<p>Galaksijoukot ovat valtavia rakennelmia <a href=\"https:\/\/tieku.fi\/maailmankaikkeus\" class=\"hover:font-bold\" rel=\"nofollow noopener\" target=\"_blank\">maailmankaikkeudessa<\/a>. Niiss\u00e4 voi olla satojatuhansia galakseja, pime\u00e4\u00e4 ainetta ja kuumaa kaasua, joita painovoima pit\u00e4\u00e4 koossa.<\/p>\n<p>Ne syntyv\u00e4t miljardien vuosien kuluessa, kun painovoima kuumentaa kaasupilvi\u00e4 ja ohjaa galaksien kehityst\u00e4.<\/p>\n<p>Tutkimalla galaksijoukkoja voidaan n\u00e4hd\u00e4, miten galaksit kasvavat, ja tehd\u00e4 niist\u00e4 p\u00e4\u00e4telmi\u00e4 maailmankaikkeuden rakenneesta ja kehityksest\u00e4.<\/p>\n<p>Nyt tutkijat ovat bonganneet avaruudesta niin oudon galaksijoukon, ett\u00e4 se voi sotkea kaiken, mit\u00e4 galaksijoukoista on p\u00e4\u00e4telty.<\/p>\n","protected":false},"excerpt":{"rendered":"Galaksijoukot ovat valtavia rakennelmia maailmankaikkeudessa. Niiss\u00e4 voi olla satojatuhansia galakseja, pime\u00e4\u00e4 ainetta ja kuumaa kaasua, joita painovoima pit\u00e4\u00e4&hellip;\n","protected":false},"author":2,"featured_media":138117,"comment_status":"","ping_status":"","sticky":false,"template":"","format":"standard","meta":{"footnotes":""},"categories":[112],"tags":[33,31,30,118,32,119],"class_list":{"0":"post-138116","1":"post","2":"type-post","3":"status-publish","4":"format-standard","5":"has-post-thumbnail","7":"category-tiede","8":"tag-fi","9":"tag-finland","10":"tag-finnish","11":"tag-science","12":"tag-suomi","13":"tag-tiede"},"share_on_mastodon":{"url":"https:\/\/pubeurope.com\/@fi\/115867684891709587","error":""},"_links":{"self":[{"href":"https:\/\/www.europesays.com\/fi\/wp-json\/wp\/v2\/posts\/138116","targetHints":{"allow":["GET"]}}],"collection":[{"href":"https:\/\/www.europesays.com\/fi\/wp-json\/wp\/v2\/posts"}],"about":[{"href":"https:\/\/www.europesays.com\/fi\/wp-json\/wp\/v2\/types\/post"}],"author":[{"embeddable":true,"href":"https:\/\/www.europesays.com\/fi\/wp-json\/wp\/v2\/users\/2"}],"replies":[{"embeddable":true,"href":"https:\/\/www.europesays.com\/fi\/wp-json\/wp\/v2\/comments?post=138116"}],"version-history":[{"count":0,"href":"https:\/\/www.europesays.com\/fi\/wp-json\/wp\/v2\/posts\/138116\/revisions"}],"wp:featuredmedia":[{"embeddable":true,"href":"https:\/\/www.europesays.com\/fi\/wp-json\/wp\/v2\/media\/138117"}],"wp:attachment":[{"href":"https:\/\/www.europesays.com\/fi\/wp-json\/wp\/v2\/media?parent=138116"}],"wp:term":[{"taxonomy":"category","embeddable":true,"href":"https:\/\/www.europesays.com\/fi\/wp-json\/wp\/v2\/categories?post=138116"},{"taxonomy":"post_tag","embeddable":true,"href":"https:\/\/www.europesays.com\/fi\/wp-json\/wp\/v2\/tags?post=138116"}],"curies":[{"name":"wp","href":"https:\/\/api.w.org\/{rel}","templated":true}]}}