{"id":138120,"date":"2026-01-09T23:17:08","date_gmt":"2026-01-09T23:17:08","guid":{"rendered":"https:\/\/www.europesays.com\/fi\/138120\/"},"modified":"2026-01-09T23:17:08","modified_gmt":"2026-01-09T23:17:08","slug":"venezuelan-rauhannobelisti-saattaa-luovuttaa-palkintonsa-donald-trumpille","status":"publish","type":"post","link":"https:\/\/www.europesays.com\/fi\/138120\/","title":{"rendered":"Venezuelan rauhannobelisti saattaa luovuttaa palkintonsa Donald Trumpille"},"content":{"rendered":"<p>Yhdysvaltain presidentti sanoi tapaavansa Nobelin rauhanpalkinnon vastaanottaneen Mar\u00eda Corina Machadon mahdollisesti ensi viikolla.<\/p>\n<p>Maria Machadon tyt\u00e4r otti joulukuussa Nobelin rauhanpalkinnon vasaan \u00e4itins\u00e4 puolesta<\/p>\n<p>9.1. 22:59<\/p>\n<p class=\"article-body mb-nof-24 px-nof-16\">Yhdysvaltain presidentti <a class=\"font-bold underline-offset-[0.12em] [text-decoration:var(--person-link-text-decoration)] ![text-decoration-color:var(--person-link-text-decoration-color)]\" href=\"https:\/\/www.is.fi\/haku\/?query=Donald%20Trump\" rel=\"nofollow noopener\" target=\"_blank\">Donald Trump<\/a> ei ole peitellyt pettymyst\u00e4\u00e4n siit\u00e4, ett\u00e4 h\u00e4n j\u00e4i joulukuussa ilman Nobelin rauhanpalkintoa, vaikka olisi sen omasta mielest\u00e4\u00e4n ansainnut. Edellisen kerran h\u00e4n ilmaisi n\u00e4rk\u00e4styst\u00e4\u00e4n asiasta torstaina <a class=\"underline underline-offset-[0.12em] [text-decoration-thickness:var(--generic-link-underline-thickness)] [text-decoration-color:var(--generic-link-underline-color)] [text-decoration-skip-ink:var(--generic-link-underline-skip-ink)] break-words\" href=\"https:\/\/www.is.fi\/ulkomaat\/art-2000011735527.html\" rel=\"nofollow noopener\" target=\"_blank\">haukkumalla Norjan<\/a>, jossa p\u00e4\u00e4t\u00f6s palkinnon saajasta tehd\u00e4\u00e4n vuosittain.<\/p>\n<p class=\"article-body mb-nof-24 px-nof-16\">Saattaa kuitenkin olla, ett\u00e4 Trump on nyt saamassa Nobelin rauhanpalkinnon, vaikka sit\u00e4 ei h\u00e4nelle varsinaisesti ole osoitettukaan. Asiasta uutisoi muun muassa <a class=\"underline underline-offset-[0.12em] [text-decoration-thickness:var(--generic-link-underline-thickness)] [text-decoration-color:var(--generic-link-underline-color)] [text-decoration-skip-ink:var(--generic-link-underline-skip-ink)] break-words\" href=\"https:\/\/www.nytimes.com\/2026\/01\/09\/world\/americas\/trump-venezuela-machado-nobel-prize.htmlhttps:\/\/www.nytimes.com\/2026\/01\/09\/world\/americas\/trump-venezuela-machado-nobel-prize.htmlhttps:\/\/www.nytimes.com\/2026\/01\/09\/world\/americas\/trump-venezuela-machado-nobel-prize.htmlhttps:\/\/www.nytimes.com\/2026\/01\/09\/world\/americas\/trump-venezuela-machado-nobel-prize.htmlhttps:\/\/www.nytimes.com\/2026\/01\/09\/world\/americas\/trump-venezuela-machado-nobel-prize.html\" rel=\"nofollow noopener\" target=\"_blank\">New York Times<\/a>.<\/p>\n<p class=\"article-body mb-nof-24 px-nof-16\">Trumpin sijaan Norjan Nobel-komitea my\u00f6nsi palkinnon joulukuussa venezuelalaiselle oppositiojohtajalle <a class=\"font-bold underline-offset-[0.12em] [text-decoration:var(--person-link-text-decoration)] ![text-decoration-color:var(--person-link-text-decoration-color)]\" href=\"https:\/\/www.is.fi\/haku\/?query=Mar%C3%ADa%20Corina%20Machadolle\" rel=\"nofollow noopener\" target=\"_blank\">Mar\u00eda Corina Machadolle<\/a>, joka oli kehunut Trumpia aiemmin. Valkoinen talo kiiruhti oitis kritisoimaan komiteaa v\u00e4\u00e4rin perustein tehdyst\u00e4 valinnasta.<\/p>\n<p class=\"article-body mb-nof-24 px-nof-16\">Machado kuitenkin omisti palkintonsa l\u00e4hes saman tien Trumpille.<\/p>\n<p><img decoding=\"async\" src=\"https:\/\/www.europesays.com\/fi\/wp-content\/uploads\/2026\/01\/1768000628_573_468.jpg\" alt=\"Mar\u00eda Corina Machado vastaanotti Nobelinsa joulukuussa Norjassa, mink\u00e4 j\u00e4lkeen h\u00e4n ei ole palannut kotimaahansa. H\u00e4n vilkutti tukijoilleen hotellin parvekkeelta Oslossa.\" class=\"_Img_1rerz_1\" style=\"aspect-ratio:1.5011727912431587\" loading=\"eager\"\/><\/p>\n<p class=\"article-picture-caption\">Mar\u00eda Corina Machado vastaanotti Nobelinsa joulukuussa Norjassa, mink\u00e4 j\u00e4lkeen h\u00e4n ei ole palannut kotimaahansa. H\u00e4n vilkutti tukijoilleen hotellin parvekkeelta Oslossa. Kuva:\u00a0Jonas Been Henriksen \/ NTB \/ Reuters<\/p>\n<p class=\"article-body mb-nof-24 px-nof-16\">Kun Yhdysvallat iski viime viikolla Venezuelaan ja otti kiinni presidentti <a class=\"font-bold underline-offset-[0.12em] [text-decoration:var(--person-link-text-decoration)] ![text-decoration-color:var(--person-link-text-decoration-color)]\" href=\"https:\/\/www.is.fi\/haku\/?query=Nicolas%20Maduron\" rel=\"nofollow noopener\" target=\"_blank\">Nicolas Maduron<\/a>, valtaa maassa eiv\u00e4t kuitenkaan saaneet Machadon vaaleissa menestyneet liittolaiset. Heid\u00e4n sijaansa Venezuelaa n\u00e4ytt\u00e4v\u00e4t johtavan edelleen Maduron varapresidentti ja muu entinen hallinto.<\/p>\n<p class=\"article-body mb-nof-24 px-nof-16\">Valkoisen talon l\u00e4hteet kertoivat <a class=\"underline underline-offset-[0.12em] [text-decoration-thickness:var(--generic-link-underline-thickness)] [text-decoration-color:var(--generic-link-underline-color)] [text-decoration-skip-ink:var(--generic-link-underline-skip-ink)] break-words\" href=\"https:\/\/www.washingtonpost.com\/national-security\/2026\/01\/04\/us-venezuela-plan-trump-rubio-miller\/\" rel=\"nofollow noopener\" target=\"_blank\">Washington Postille<\/a> viime viikolla, ett\u00e4 Machado syyllistyi Trumpin n\u00e4k\u00f6kulmasta \u201d\u00e4\u00e4rimm\u00e4iseen syntiin\u201d ottamalla Nobelin vastaan.<\/p>\n<p class=\"article-body mb-nof-24 px-nof-16\">\u2013 Jos h\u00e4n olisi luopunut siit\u00e4 ja sanonut: \u201dEn voi hyv\u00e4ksy\u00e4 sit\u00e4, koska se kuuluu Donald Trumpille\u201d, h\u00e4n olisi t\u00e4n\u00e4\u00e4n Venezuelan presidentti, l\u00e4hde kertoi.<\/p>\n<p class=\"article-body mb-nof-24 px-nof-16\">Trump perusteli julkisuudessa Machadon \u201dsyrj\u00e4ytt\u00e4mist\u00e4\u201d sill\u00e4, ett\u00e4 t\u00e4ll\u00e4 ei olisi riitt\u00e4v\u00e4\u00e4 kannatusta kotimaassaan, vaikka t\u00e4m\u00e4n on arvioitu nauttivan siell\u00e4 kansalaisten laajaa luottamusta. Toistaiseksi ei ole t\u00e4ytt\u00e4 varmuutta siit\u00e4, toimivatko Venezuelassa nyt valtaa pit\u00e4v\u00e4t Maduron liittolaiset Trumpin toiveiden mukaisesti yhteisty\u00f6ss\u00e4 Yhdysvaltojen kanssa.<\/p>\n<p><img decoding=\"async\" src=\"https:\/\/www.europesays.com\/fi\/wp-content\/uploads\/2026\/01\/1768000628_954_468.jpg\" alt=\"Trump ei ole j\u00e4\u00e4nyt t\u00e4ysin ilman rauhanpalkintoja. Kansainv\u00e4linen jalkapalloliitto Fifa my\u00f6nsi h\u00e4nelle ensimm\u00e4isen oman rauhanpalkintonsa niin ik\u00e4\u00e4n joulukuussa. Sen luovutti Trumpille FIFA:n toimitusjohtaja Gianni Infantino.\" class=\"_Img_1rerz_1\" style=\"aspect-ratio:1.5\" loading=\"eager\"\/><\/p>\n<p class=\"article-picture-caption\">Trump ei ole j\u00e4\u00e4nyt t\u00e4ysin ilman rauhanpalkintoja. Kansainv\u00e4linen jalkapalloliitto Fifa my\u00f6nsi h\u00e4nelle ensimm\u00e4isen oman rauhanpalkintonsa niin ik\u00e4\u00e4n joulukuussa. Sen luovutti Trumpille FIFA:n toimitusjohtaja Gianni Infantino. Kuva:\u00a0Jonathan Ernst \/ Reuters<\/p>\n<p class=\"article-body mb-nof-24 px-nof-16\">Machado on pyrkinyt p\u00e4\u00e4sem\u00e4\u00e4n Trumpin suosioon. Maanantaina h\u00e4n kertoi <a class=\"underline underline-offset-[0.12em] [text-decoration-thickness:var(--generic-link-underline-thickness)] [text-decoration-color:var(--generic-link-underline-color)] [text-decoration-skip-ink:var(--generic-link-underline-skip-ink)] break-words\" href=\"https:\/\/www.foxnews.com\/video\/6387273934112\" rel=\"nofollow noopener\" target=\"_blank\">Fox Newsille<\/a> tarjoavansa omaa palkintoaan Trumpille ja sanoi eleen olevan kiitollisuuden osoitus Venezuelan kansalta Maduron kaatamisesta.<\/p>\n<p class=\"article-body mb-nof-24 px-nof-16\">Trump kommentoi asiaa torstaina niin ik\u00e4\u00e4n Fox Newsin <a class=\"underline underline-offset-[0.12em] [text-decoration-thickness:var(--generic-link-underline-thickness)] [text-decoration-color:var(--generic-link-underline-color)] [text-decoration-skip-ink:var(--generic-link-underline-skip-ink)] break-words\" href=\"https:\/\/www.youtube.com\/watch?v=JLbxmDh_8ds\" rel=\"nofollow noopener\" target=\"_blank\">haastattelussa<\/a>.<\/p>\n<p class=\"article-body mb-nof-24 px-nof-16\">\u2013 Ymm\u00e4rt\u00e4\u00e4kseni h\u00e4n on tulossa joskus ensi viikolla. Odotan p\u00e4\u00e4sev\u00e4ni tervehtim\u00e4\u00e4n h\u00e4nt\u00e4, Trump sanoi Machadoon liittyen.<\/p>\n<p class=\"article-body mb-nof-24 px-nof-16\">H\u00e4n kertoi, ett\u00e4 Machadon Nobelin vastaanottaminen olisi \u201dmahtava kunnia\u201d. H\u00e4n lis\u00e4si, ett\u00e4 h\u00e4nen itsens\u00e4 j\u00e4tt\u00e4minen palkinnotta oli \u201dsuuri h\u00e4pe\u00e4 Norjalle\u201d.<\/p>\n<p class=\"article-body mb-nof-24 px-nof-16\">Trump on toistuvasti v\u00e4itt\u00e4nyt neuvotelleensa rauhan useissa sodissa palattuaan Valkoiseen taloon tammikuun lopulla. Joissakin tapauksissa osapuolet ovat kiitelleet Trumpia rauhan edist\u00e4misest\u00e4.<\/p>\n<p class=\"article-body mb-nof-24 px-nof-16\">Kaikissa tapauksissa Trumpin roolista rauhan syntymisess\u00e4 ei ole t\u00e4ytt\u00e4 selvyytt\u00e4, eik\u00e4 taistelut ole my\u00f6sk\u00e4\u00e4n aina p\u00e4\u00e4ttyneet niin, ett\u00e4 voitaisiin puhua varsinaisesta rauhasta.<\/p>\n","protected":false},"excerpt":{"rendered":"Yhdysvaltain presidentti sanoi tapaavansa Nobelin rauhanpalkinnon vastaanottaneen Mar\u00eda Corina Machadon mahdollisesti ensi viikolla. Maria Machadon tyt\u00e4r otti joulukuussa&hellip;\n","protected":false},"author":2,"featured_media":138121,"comment_status":"","ping_status":"","sticky":false,"template":"","format":"standard","meta":{"footnotes":""},"categories":[14],"tags":[22,23,26,27,33,31,30,17,34,24,25,28,29,15,18,21,32,19,20,56,16,59,60,61],"class_list":{"0":"post-138120","1":"post","2":"type-post","3":"status-publish","4":"format-standard","5":"has-post-thumbnail","7":"category-ulkomaat","8":"tag-breaking-news","9":"tag-breakingnews","10":"tag-featured-news","11":"tag-featurednews","12":"tag-fi","13":"tag-finland","14":"tag-finnish","15":"tag-headlines","16":"tag-ilta-sanomat","17":"tag-latest-news","18":"tag-latestnews","19":"tag-main-news","20":"tag-mainnews","21":"tag-news","22":"tag-otsikot","23":"tag-paauutiset","24":"tag-suomi","25":"tag-top-stories","26":"tag-topstories","27":"tag-ulkomaat","28":"tag-uutiset","29":"tag-world","30":"tag-world-news","31":"tag-worldnews"},"share_on_mastodon":{"url":"https:\/\/pubeurope.com\/@fi\/115867696708646758","error":""},"_links":{"self":[{"href":"https:\/\/www.europesays.com\/fi\/wp-json\/wp\/v2\/posts\/138120","targetHints":{"allow":["GET"]}}],"collection":[{"href":"https:\/\/www.europesays.com\/fi\/wp-json\/wp\/v2\/posts"}],"about":[{"href":"https:\/\/www.europesays.com\/fi\/wp-json\/wp\/v2\/types\/post"}],"author":[{"embeddable":true,"href":"https:\/\/www.europesays.com\/fi\/wp-json\/wp\/v2\/users\/2"}],"replies":[{"embeddable":true,"href":"https:\/\/www.europesays.com\/fi\/wp-json\/wp\/v2\/comments?post=138120"}],"version-history":[{"count":0,"href":"https:\/\/www.europesays.com\/fi\/wp-json\/wp\/v2\/posts\/138120\/revisions"}],"wp:featuredmedia":[{"embeddable":true,"href":"https:\/\/www.europesays.com\/fi\/wp-json\/wp\/v2\/media\/138121"}],"wp:attachment":[{"href":"https:\/\/www.europesays.com\/fi\/wp-json\/wp\/v2\/media?parent=138120"}],"wp:term":[{"taxonomy":"category","embeddable":true,"href":"https:\/\/www.europesays.com\/fi\/wp-json\/wp\/v2\/categories?post=138120"},{"taxonomy":"post_tag","embeddable":true,"href":"https:\/\/www.europesays.com\/fi\/wp-json\/wp\/v2\/tags?post=138120"}],"curies":[{"name":"wp","href":"https:\/\/api.w.org\/{rel}","templated":true}]}}