{"id":138126,"date":"2026-01-09T23:31:07","date_gmt":"2026-01-09T23:31:07","guid":{"rendered":"https:\/\/www.europesays.com\/fi\/138126\/"},"modified":"2026-01-09T23:31:07","modified_gmt":"2026-01-09T23:31:07","slug":"sean-diddy-combs-kirjoitti-presidentti-trumpille-kirjeen-pyysi-armahdusta","status":"publish","type":"post","link":"https:\/\/www.europesays.com\/fi\/138126\/","title":{"rendered":"Sean &#8221;Diddy&#8221; Combs kirjoitti presidentti Trumpille kirjeen \u2013 pyysi armahdusta"},"content":{"rendered":"<p>Musiikkimaailma j\u00e4rkyttyi syv\u00e4sti vuonna 2023, kun huippusuosittua musiikkimoguli ja rap-artisti <strong>Sean \u201cDiddy\u201d Combsia<\/strong>, 56, syytettiin vakavista seksuaalirikoksista ja ihmiskaupasta.<\/p>\n<p>Vyyhti l\u00e4hti purkautumaan ja yh\u00e4 uusia, vakavia syytteit\u00e4 Combsia kohtaan esitettiin vasemmalta ja oikealta.<\/p>\n<p>Lue my\u00f6s: <a href=\"https:\/\/www.voice.fi\/viihde\/a-220888\" title=\"Diddyn lapsen \u00e4iti paljastui \u2013 ty\u00f6skentelee asiantuntijana\" class=\"underline-custom !font-montserrat !font-bold !underline-offset-4 !decoration-4 !decoration-tilt-light !text-md\" rel=\"nofollow noopener\" target=\"_blank\">Diddyn lapsen \u00e4iti paljastui \u2013 ty\u00f6skentelee asiantuntijana<\/a><\/p>\n<p>Lue my\u00f6s: <a href=\"https:\/\/www.voice.fi\/viihde\/a-220847\" title=\"Rap-artisti Diddy on saanut lapsen \u2013 uusi tulokas nimetty is\u00e4ns\u00e4 mukaan\" class=\"underline-custom !font-montserrat !font-bold !underline-offset-4 !decoration-4 !decoration-tilt-light !text-md\" rel=\"nofollow noopener\" target=\"_blank\">Rap-artisti Diddy on saanut lapsen \u2013 uusi tulokas nimetty is\u00e4ns\u00e4 mukaan<\/a><\/p>\n<p>H\u00e4nt\u00e4 syytettiin muun muassa raiskauksista, ihmiskaupasta, raiskauksen kuvaamisesta ja kuvamateriaalin levitt\u00e4misest\u00e4 sek\u00e4 pahoinpitelyst\u00e4.<\/p>\n<p>Vuonna 2024 h\u00e4nt\u00e4 syytettiin per\u00e4ti <a href=\"https:\/\/www.washingtonpost.com\/style\/2024\/10\/01\/diddy-sexual-assault-lawsuit-victims-tony-buzbee\/\" target=\"_blank\" rel=\"noreferrer noopener nofollow\">120 rikoksesta<\/a>, joiden joukossa oli muun muassa lukuisia alaik\u00e4isiin kohdistuneita seksuaalirikoksia. Osa uhreista kertoi tulleensa huumatuiksi.<\/p>\n<p>Combs tuomittiin nelj\u00e4ksi vuodeksi ja kahdeksi kuukaudeksi vankilaan kahdesta prostituutiorikoksesta.<\/p>\n<p>Nyt h\u00e4n on l\u00e4hestynyt kirjeitse Yhdysvaltain presidentti <strong>Donald Trumpia<\/strong> ja pyyt\u00e4\u00e4 t\u00e4lt\u00e4 armahdusta. Trump kertoi asiasta <a href=\"https:\/\/www.nytimes.com\/2026\/01\/08\/us\/politics\/sean-combs-pardon.html\" target=\"_blank\" rel=\"noreferrer noopener nofollow\">New York Timesin<\/a> haastattelussa.<\/p>\n<p>Lue my\u00f6s: <a href=\"https:\/\/www.voice.fi\/viihde\/a-153700\" title=\"Suosikkir\u00e4pp\u00e4ri vaihtaa nimens\u00e4 Brother Loveksi \u2013 &quot;Tied\u00e4n, ett\u00e4 t\u00e4m\u00e4 on kornia&quot;\" class=\"underline-custom !font-montserrat !font-bold !underline-offset-4 !decoration-4 !decoration-tilt-light !text-md\" rel=\"nofollow noopener\" target=\"_blank\">Suosikkir\u00e4pp\u00e4ri vaihtaa nimens\u00e4 Brother Loveksi \u2013 &#8221;Tied\u00e4n, ett\u00e4 t\u00e4m\u00e4 on kornia&#8221;<\/a><\/p>\n<p>Lue my\u00f6s: <a href=\"https:\/\/www.voice.fi\/viihde\/a-143991\" title=\"Suosikkir\u00e4pp\u00e4ri haastettiin oikeuteen seksuaalisesta h\u00e4irinn\u00e4st\u00e4\" class=\"underline-custom !font-montserrat !font-bold !underline-offset-4 !decoration-4 !decoration-tilt-light !text-md\" rel=\"nofollow noopener\" target=\"_blank\">Suosikkir\u00e4pp\u00e4ri haastettiin oikeuteen seksuaalisesta h\u00e4irinn\u00e4st\u00e4<\/a><\/p>\n<p>Trump sanoi haastattelussa my\u00f6s, ettei aio my\u00f6nt\u00e4\u00e4 armahdusta.<\/p>\n<p><a href=\"https:\/\/www.bbc.com\/news\/articles\/c5yqe4j15lzo\" target=\"_blank\" rel=\"noreferrer noopener nofollow\">BBC <\/a>kertoo Combsin vedonneen joulukuussa my\u00f6s muutoksenhakutuomioistuimeen ja pyyt\u00e4neen tuomionsa kumoamista sek\u00e4 v\u00e4lit\u00f6nt\u00e4 vankilasta vapauttamista.<\/p>\n","protected":false},"excerpt":{"rendered":"Musiikkimaailma j\u00e4rkyttyi syv\u00e4sti vuonna 2023, kun huippusuosittua musiikkimoguli ja rap-artisti Sean \u201cDiddy\u201d Combsia, 56, syytettiin vakavista seksuaalirikoksista ja&hellip;\n","protected":false},"author":2,"featured_media":138127,"comment_status":"","ping_status":"","sticky":false,"template":"","format":"standard","meta":{"footnotes":""},"categories":[136],"tags":[24019,407,12969,585,137,33,31,30,408,12973,32,109],"class_list":{"0":"post-138126","1":"post","2":"type-post","3":"status-publish","4":"format-standard","5":"has-post-thumbnail","7":"category-julkkikset","8":"tag-armahdus","9":"tag-celebrities","10":"tag-diddy","11":"tag-donald-trump","12":"tag-entertainment","13":"tag-fi","14":"tag-finland","15":"tag-finnish","16":"tag-julkkikset","17":"tag-sean-combs","18":"tag-suomi","19":"tag-viihde"},"share_on_mastodon":{"url":"https:\/\/pubeurope.com\/@fi\/115867751723699631","error":""},"_links":{"self":[{"href":"https:\/\/www.europesays.com\/fi\/wp-json\/wp\/v2\/posts\/138126","targetHints":{"allow":["GET"]}}],"collection":[{"href":"https:\/\/www.europesays.com\/fi\/wp-json\/wp\/v2\/posts"}],"about":[{"href":"https:\/\/www.europesays.com\/fi\/wp-json\/wp\/v2\/types\/post"}],"author":[{"embeddable":true,"href":"https:\/\/www.europesays.com\/fi\/wp-json\/wp\/v2\/users\/2"}],"replies":[{"embeddable":true,"href":"https:\/\/www.europesays.com\/fi\/wp-json\/wp\/v2\/comments?post=138126"}],"version-history":[{"count":0,"href":"https:\/\/www.europesays.com\/fi\/wp-json\/wp\/v2\/posts\/138126\/revisions"}],"wp:featuredmedia":[{"embeddable":true,"href":"https:\/\/www.europesays.com\/fi\/wp-json\/wp\/v2\/media\/138127"}],"wp:attachment":[{"href":"https:\/\/www.europesays.com\/fi\/wp-json\/wp\/v2\/media?parent=138126"}],"wp:term":[{"taxonomy":"category","embeddable":true,"href":"https:\/\/www.europesays.com\/fi\/wp-json\/wp\/v2\/categories?post=138126"},{"taxonomy":"post_tag","embeddable":true,"href":"https:\/\/www.europesays.com\/fi\/wp-json\/wp\/v2\/tags?post=138126"}],"curies":[{"name":"wp","href":"https:\/\/api.w.org\/{rel}","templated":true}]}}