{"id":138128,"date":"2026-01-09T23:38:08","date_gmt":"2026-01-09T23:38:08","guid":{"rendered":"https:\/\/www.europesays.com\/fi\/138128\/"},"modified":"2026-01-09T23:38:08","modified_gmt":"2026-01-09T23:38:08","slug":"kaliforniasta-tyttoleijoniin-sharks-organisaatiossa-pelaava-saimi-pesola-olen-tosi-ylpea-ja-iloinen-kutsusta-maajoukkueeseen","status":"publish","type":"post","link":"https:\/\/www.europesays.com\/fi\/138128\/","title":{"rendered":"Kaliforniasta Tytt\u00f6leijoniin \u2013 Sharks-organisaatiossa pelaava Saimi Pesola: \u201dOlen tosi ylpe\u00e4 ja iloinen kutsusta maajoukkueeseen\u201d"},"content":{"rendered":"<p>Suomen alle 18-vuotiaiden tytt\u00f6jen maajoukkueeseen nimettiin tammikuun 10. p\u00e4iv\u00e4n\u00e4 Kanadassa alkaviin MM-kisoihin my\u00f6s 15-vuotias maalivahti <strong>Saimi Pesola<\/strong>. Oulussa syntynyt Pesola pelaa t\u00e4ll\u00e4 hetkell\u00e4 San Jose Sharksin junioriorganisaatiossa, ja h\u00e4nen tarinansa j\u00e4\u00e4kiekon pariin on kulkenut Suomen ja Yhdysvaltojen v\u00e4li\u00e4 jo varhaisesta lapsuudesta l\u00e4htien.<\/p>\n<p>&#13;<br \/>\n&#13;<\/p>\n<p>Pesolan perhe on asunut vuorotellen Kaliforniassa ja Suomessa. Ensimm\u00e4isen kerran he muuttivat Yhdysvaltoihin vuonna 2015, kun Saimi oli viisivuotias. Muuton taustalla olivat is\u00e4n ty\u00f6t, ja j\u00e4\u00e4kiekko oli perheen arjessa vahvasti l\u00e4sn\u00e4. Saimin vanhemmat veljet pelasivat jo tuolloin j\u00e4\u00e4kiekkoa ja harjoittelivat San Jose Sharksin ymp\u00e4rist\u00f6ss\u00e4, joten my\u00f6s Saimille oli luontevaa l\u00e4hte\u00e4 mukaan samaan maailmaan.<\/p>\n<p>&#13;<\/p>\n<p>\u2013 Koska mun molemmat isoveljetkin pelasivat, niin m\u00e4 olin, ett\u00e4 m\u00e4kin haluan pelata, Saimi kertoo.\u00a0<\/p>\n<p>&#13;<\/p>\n<p>Suomeen palattuaan Pesola aloitti pelaamisen Muhoksen J\u00e4\u00e4klubissa. Luistelu ja hallilla oleminen olivat h\u00e4nelle kuitenkin tuttuja jo paljon aiemmin, sill\u00e4 h\u00e4n kulki veljiens\u00e4 mukana j\u00e4\u00e4halleilla jo aivan pienest\u00e4 asti. My\u00f6s is\u00e4n tausta maalivahtina vaikutti siihen, ett\u00e4 j\u00e4\u00e4kiekko tuli osaksi arkea varhain.<\/p>\n<p>&#13;<\/p>\n<p>\u2013 Aina m\u00e4 oon pelannut ja luistellut. Oon k\u00e4ynyt luistelukoulussa jo kaksivuotiaana. Olisinko ollut joku seitsem\u00e4nvuotias, kun ekaa kertaa menin oikeesti pelaamaan kamat p\u00e4\u00e4ll\u00e4.<\/p>\n<p>&#13;<\/p>\n<p>Maajoukkuevalinta tuli Pesolalle iloisena yll\u00e4tyksen\u00e4, varsinkin kun arki ja pelaaminen ovat viime vuodet olleet Kaliforniassa. Ajatus siit\u00e4, ett\u00e4 Yhdysvalloista k\u00e4sin voisi nousta Suomen tytt\u00f6jen maajoukkueeseen, ei ollut itsest\u00e4\u00e4nselvyys.<\/p>\n<p>&#13;<\/p>\n<p>\u2013 M\u00e4 en ollut hirveesti ajatellut, ett\u00e4 olisi edes mahdollista tulla sielt\u00e4 asti t\u00e4nne, mutta kun m\u00e4 tajusin ett\u00e4 on ja viel\u00e4 kun sain kutsun, niin olin kyll\u00e4 tosi ylpe\u00e4 ja iloinen.<\/p>\n<p>&#13;<\/p>\n<p>Joukkueessa Pesolalla oli yksi entuudestaan tuttu pelaaja. Vuonna 2023 h\u00e4n vietti vuoden Suomessa ja pelasi silloin LiKiss\u00e4 (Limingan Kiekko), jolloin h\u00e4n tutustui <strong>Viiviin<\/strong> (<strong>Ruonakoski<\/strong>), joka kuuluu my\u00f6s tytt\u00f6jen MM-joukkueeseen. Muuten joukkue oli uusi, mutta vastaanotto on ollut alusta alkaen l\u00e4mmin.\u00a0<\/p>\n<p>&#13;<\/p>\n<p>\u2013 Vaikka en muita tuntenut, niin kaikki oli tosi avoimia ja on toivottanut mut tervetulleeksi. Oli helppo tulla mukaan.<\/p>\n<p>&#13;<\/p>\n<p><img loading=\"lazy\" decoding=\"async\" src=\"https:\/\/www.europesays.com\/fi\/wp-content\/uploads\/2026\/01\/joukkue.jpg\" alt=\"joukkue.jpg\" width=\"1500\" height=\"992\"\/>Saimi kertoo, ett\u00e4 h\u00e4net on otettu hyvin vastaan Tytt\u00f6leijonien joukkueeseen.<\/p>\n<p>&#13;<br \/>\n&#13;<\/p>\n<p>Kun tieto maajoukkuevalinnasta levisi Saimin San Josen joukkueeseen, reaktiot olivat innostuneita. Junioriorganisaatiossa seurataan my\u00f6s kansainv\u00e4list\u00e4 j\u00e4\u00e4kiekkoa, ja Pesolan mahdollisuus edustaa Suomea her\u00e4tti paljon positiivista huomiota.<\/p>\n<p>&#13;<\/p>\n<p>\u2013 Kaikki oli tosi iloisia mun puolesta. Ne oli ihan, ett\u00e4 wau, mit\u00e4 ihmett\u00e4, onpa siisti\u00e4!<\/p>\n<p>&#13;<\/p>\n<p>Omaan seurajoukkueeseensa verrattuna Tytt\u00f6leijonat ovat Saimin mukaan nopeampia ja parempia laukomaan.<\/p>\n<p>&#13;<\/p>\n<p>Tuleviin MM-kisoihin Pesola l\u00e4htee rennolla, mutta motivoituneella asenteella. Nuorimpien pelaajien joukossa h\u00e4nen tavoitteensa liittyv\u00e4t ennen kaikkea kokemuksen kartuttamiseen ja hetkest\u00e4 nauttimiseen.<\/p>\n<p>&#13;<\/p>\n<p>\u2013 M\u00e4 koitan pit\u00e4\u00e4 kivaa ja nauttia, koska t\u00e4m\u00e4 on mun ensimm\u00e4inen vuosi ja aika menee tosi nopeesti.<\/p>\n<p>&#13;<\/p>\n<p>Pidemp\u00e4\u00e4n tulevaisuuteen katsottuna Pesolan haaveet ovat yksinkertaiset, mutta kunnianhimoiset.<\/p>\n<p>&#13;<\/p>\n<p>\u2013 Tavote olisi pelata niin pitk\u00e4\u00e4n kuin pystyy ja tehd\u00e4 itsest\u00e4ni ylpe\u00e4. Ett\u00e4 sitten joskus kun katsoo taaksep\u00e4in, voi sanoa ett\u00e4 kyll\u00e4 tuli menty\u00e4 pitk\u00e4lle.<\/p>\n<p>&#13;<\/p>\n<p>El\u00e4m\u00e4 Suomessa ja Kaliforniassa eroaa h\u00e4nen mukaansa monella tapaa. Kulttuuri ja arki ovat erilaisia, ja molemmissa on omat vahvuutensa.<\/p>\n<p>&#13;<\/p>\n<p>\u2013 Molemmissa on hyvi\u00e4 puolia, mutta kyll\u00e4 m\u00e4 ehk\u00e4 Amerikassa kuitenkin viihdyn v\u00e4h\u00e4n paremmin, Saimi miettii.<\/p>\n<p>&#13;<br \/>\n&#13;<\/p>\n<p>Alle 18-vuotiaiden tytt\u00f6jen MM-kisat pelataan Kanadan Sydneyss\u00e4 ja Membertoussa\u00a010.\u201318.1.2026. Kotikatsomoihin ottelut n\u00e4kyv\u00e4t TV5-kanavalta ja HBO Max -suoratoistopalvelusta.\u00a0<\/p>\n","protected":false},"excerpt":{"rendered":"Suomen alle 18-vuotiaiden tytt\u00f6jen maajoukkueeseen nimettiin tammikuun 10. p\u00e4iv\u00e4n\u00e4 Kanadassa alkaviin MM-kisoihin my\u00f6s 15-vuotias maalivahti Saimi Pesola. Oulussa&hellip;\n","protected":false},"author":2,"featured_media":138129,"comment_status":"","ping_status":"","sticky":false,"template":"","format":"standard","meta":{"footnotes":""},"categories":[158],"tags":[33,31,30,159,32,160],"class_list":{"0":"post-138128","1":"post","2":"type-post","3":"status-publish","4":"format-standard","5":"has-post-thumbnail","7":"category-urheilu","8":"tag-fi","9":"tag-finland","10":"tag-finnish","11":"tag-sports","12":"tag-suomi","13":"tag-urheilu"},"share_on_mastodon":{"url":"https:\/\/pubeurope.com\/@fi\/115867779647001745","error":""},"_links":{"self":[{"href":"https:\/\/www.europesays.com\/fi\/wp-json\/wp\/v2\/posts\/138128","targetHints":{"allow":["GET"]}}],"collection":[{"href":"https:\/\/www.europesays.com\/fi\/wp-json\/wp\/v2\/posts"}],"about":[{"href":"https:\/\/www.europesays.com\/fi\/wp-json\/wp\/v2\/types\/post"}],"author":[{"embeddable":true,"href":"https:\/\/www.europesays.com\/fi\/wp-json\/wp\/v2\/users\/2"}],"replies":[{"embeddable":true,"href":"https:\/\/www.europesays.com\/fi\/wp-json\/wp\/v2\/comments?post=138128"}],"version-history":[{"count":0,"href":"https:\/\/www.europesays.com\/fi\/wp-json\/wp\/v2\/posts\/138128\/revisions"}],"wp:featuredmedia":[{"embeddable":true,"href":"https:\/\/www.europesays.com\/fi\/wp-json\/wp\/v2\/media\/138129"}],"wp:attachment":[{"href":"https:\/\/www.europesays.com\/fi\/wp-json\/wp\/v2\/media?parent=138128"}],"wp:term":[{"taxonomy":"category","embeddable":true,"href":"https:\/\/www.europesays.com\/fi\/wp-json\/wp\/v2\/categories?post=138128"},{"taxonomy":"post_tag","embeddable":true,"href":"https:\/\/www.europesays.com\/fi\/wp-json\/wp\/v2\/tags?post=138128"}],"curies":[{"name":"wp","href":"https:\/\/api.w.org\/{rel}","templated":true}]}}