{"id":138144,"date":"2026-01-10T00:04:07","date_gmt":"2026-01-10T00:04:07","guid":{"rendered":"https:\/\/www.europesays.com\/fi\/138144\/"},"modified":"2026-01-10T00:04:07","modified_gmt":"2026-01-10T00:04:07","slug":"nhl-rajua-spekulointia-linus-ullmarkista-ottawa-puuttui-peliin","status":"publish","type":"post","link":"https:\/\/www.europesays.com\/fi\/138144\/","title":{"rendered":"NHL: Rajua spekulointia Linus Ullmarkista \u2013 Ottawa puuttui peliin"},"content":{"rendered":"<p>Ottawa Senators julkaisi suorasukaisen tiedotteen.<\/p>\n<p>9.1. 19:56<\/p>\n<p class=\"article-body mb-nof-24 px-nof-16\">Maalivahti <a class=\"font-bold underline-offset-[0.12em] [text-decoration:var(--person-link-text-decoration)] ![text-decoration-color:var(--person-link-text-decoration-color)]\" href=\"https:\/\/www.is.fi\/haku\/?query=Linus%20Ullmark\" rel=\"nofollow noopener\" target=\"_blank\">Linus Ullmark<\/a> on ollut pian kaksi viikkoa sivussa NHL-seuransa Ottawa Senatorsin kokoonpanosta.<\/p>\n<p class=\"article-body mb-nof-24 px-nof-16\">Ruotsalaisen poissaolo Ottawa Senatorsin riveist\u00e4 k\u00e4ynnisti sosiaalisessa mediassa spekulaatioita, ja perjantaina Ullmarkin seura julkaisi voimakkaan tiedotteen, jossa se tuomitsi huhujen levitt\u00e4j\u00e4t.<\/p>\n<p class=\"article-body mb-nof-24 px-nof-16\">Ullmark j\u00e4i sivuun joukkueen toiminnasta 28. joulukuuta henkil\u00f6kohtaisista syist\u00e4 eik\u00e4 ole pelannut sen j\u00e4lkeen. Senators on kertonut tukevansa Ullmarkia kaikin tavoin.<\/p>\n<p class=\"article-body mb-nof-24 px-nof-16\">32-vuotias ruotsalainen ei kuulu Ruotsin olympiajoukkueeseen.<\/p>\n<p class=\"article-body mb-nof-24 px-nof-16\">Senators tyrm\u00e4\u00e4 tiedotteessa spekulaatiot Ullmarkista sek\u00e4 spekuloijat, muttei erittele, mit\u00e4 Ullmarkista on v\u00e4itetty.<\/p>\n<p class=\"article-body mb-nof-24 px-nof-16\">\u2013\u2009Olemme todella pettyneit\u00e4 n\u00e4kemiimme t\u00e4ysin tuulesta temmattuihin tarinoihin, jotka levi\u00e4v\u00e4t seurastamme sosiaalisessa mediassa, seuran toimitusjohtaja <a class=\"font-bold underline-offset-[0.12em] [text-decoration:var(--person-link-text-decoration)] ![text-decoration-color:var(--person-link-text-decoration-color)]\" href=\"https:\/\/www.is.fi\/haku\/?query=Steve%20Staios\" rel=\"nofollow noopener\" target=\"_blank\">Steve Staios<\/a> sanoo tiedotteessa.<\/p>\n<p class=\"article-body mb-nof-24 px-nof-16\">\u2013 Pyysimme, ett\u00e4 ihmiset kunnioittavat h\u00e4nen yksityisyytt\u00e4\u00e4n, mutta se ei selv\u00e4stik\u00e4\u00e4n mennyt perille alhaisimmille netin trolleille ja sairaille ihmisille, jotka py\u00f6riv\u00e4t netiss\u00e4. Meit\u00e4 oksettaa, ett\u00e4 ulkopuoliset yritt\u00e4v\u00e4t h\u00e4irik\u00f6id\u00e4 seuraamme. T\u00e4m\u00e4 lausunto ly\u00f6 pisteen kaikille naurettaville nettispekulaatioille.<\/p>\n<p class=\"article-body mb-nof-24 px-nof-16\">Seurajohdon lis\u00e4ksi my\u00f6s joukkueen pelaajat kapteeni <a class=\"font-bold underline-offset-[0.12em] [text-decoration:var(--person-link-text-decoration)] ![text-decoration-color:var(--person-link-text-decoration-color)]\" href=\"https:\/\/www.is.fi\/haku\/?query=Brady%20Tkachukin\" rel=\"nofollow noopener\" target=\"_blank\">Brady Tkachukin<\/a> johdolla ovat ilmaisseet tukensa Ullmarkille.<\/p>\n<p class=\"article-body mb-nof-24 px-nof-16\">Toistaiseksi Ullmarkille ei ole tiedossa paluuaikataulua.<\/p>\n","protected":false},"excerpt":{"rendered":"Ottawa Senators julkaisi suorasukaisen tiedotteen. 9.1. 19:56 Maalivahti Linus Ullmark on ollut pian kaksi viikkoa sivussa NHL-seuransa Ottawa&hellip;\n","protected":false},"author":2,"featured_media":138145,"comment_status":"","ping_status":"","sticky":false,"template":"","format":"standard","meta":{"footnotes":""},"categories":[158],"tags":[33,31,30,34,159,32,160],"class_list":{"0":"post-138144","1":"post","2":"type-post","3":"status-publish","4":"format-standard","5":"has-post-thumbnail","7":"category-urheilu","8":"tag-fi","9":"tag-finland","10":"tag-finnish","11":"tag-ilta-sanomat","12":"tag-sports","13":"tag-suomi","14":"tag-urheilu"},"share_on_mastodon":{"url":"https:\/\/pubeurope.com\/@fi\/115867881584316682","error":""},"_links":{"self":[{"href":"https:\/\/www.europesays.com\/fi\/wp-json\/wp\/v2\/posts\/138144","targetHints":{"allow":["GET"]}}],"collection":[{"href":"https:\/\/www.europesays.com\/fi\/wp-json\/wp\/v2\/posts"}],"about":[{"href":"https:\/\/www.europesays.com\/fi\/wp-json\/wp\/v2\/types\/post"}],"author":[{"embeddable":true,"href":"https:\/\/www.europesays.com\/fi\/wp-json\/wp\/v2\/users\/2"}],"replies":[{"embeddable":true,"href":"https:\/\/www.europesays.com\/fi\/wp-json\/wp\/v2\/comments?post=138144"}],"version-history":[{"count":0,"href":"https:\/\/www.europesays.com\/fi\/wp-json\/wp\/v2\/posts\/138144\/revisions"}],"wp:featuredmedia":[{"embeddable":true,"href":"https:\/\/www.europesays.com\/fi\/wp-json\/wp\/v2\/media\/138145"}],"wp:attachment":[{"href":"https:\/\/www.europesays.com\/fi\/wp-json\/wp\/v2\/media?parent=138144"}],"wp:term":[{"taxonomy":"category","embeddable":true,"href":"https:\/\/www.europesays.com\/fi\/wp-json\/wp\/v2\/categories?post=138144"},{"taxonomy":"post_tag","embeddable":true,"href":"https:\/\/www.europesays.com\/fi\/wp-json\/wp\/v2\/tags?post=138144"}],"curies":[{"name":"wp","href":"https:\/\/api.w.org\/{rel}","templated":true}]}}