{"id":138146,"date":"2026-01-10T00:05:08","date_gmt":"2026-01-10T00:05:08","guid":{"rendered":"https:\/\/www.europesays.com\/fi\/138146\/"},"modified":"2026-01-10T00:05:08","modified_gmt":"2026-01-10T00:05:08","slug":"poliisi-kuulusteli-pepe-willbergia-kiistaa-syyllistyneensa-rikokseen","status":"publish","type":"post","link":"https:\/\/www.europesays.com\/fi\/138146\/","title":{"rendered":"Poliisi kuulusteli Pepe Willbergi\u00e4 \u2013 kiist\u00e4\u00e4 syyllistyneens\u00e4 rikokseen"},"content":{"rendered":"<p>Pepe Willbergin ja py\u00f6r\u00e4ilij\u00e4n t\u00f6rm\u00e4ykseen liittyv\u00e4 esitutkinta on l\u00e4hes valmis.<\/p>\n<p>Pepe Willberg esiintyi kirkkokonsertissa pian kolarista uutisoimisen j\u00e4lkeen.<\/p>\n<p>9.1. 14:54<\/p>\n<p class=\"article-body mb-nof-24 px-nof-16\">Poliisi on kuullut laulaja <a class=\"font-bold underline-offset-[0.12em] [text-decoration:var(--person-link-text-decoration)] ![text-decoration-color:var(--person-link-text-decoration-color)]\" href=\"https:\/\/www.is.fi\/haku\/?query=Pertti%20%E2%80%9DPepe%E2%80%9D%20Willbergi%C3%A4\" rel=\"nofollow noopener\" target=\"_blank\">Pertti \u201dPepe\u201d Willbergi\u00e4<\/a>, 79, osana tutkintaa, jossa Willbergi\u00e4 ep\u00e4ill\u00e4\u00e4n t\u00f6rke\u00e4st\u00e4 liikenneturvallisuuden vaarantamisesta ja vammantuottamuksesta. Willbergin ep\u00e4ill\u00e4\u00e4n t\u00f6rm\u00e4nneen py\u00f6r\u00e4ilij\u00e4\u00e4n Helsingiss\u00e4 12. joulukuuta.<\/p>\n<p class=\"article-body mb-nof-24 px-nof-16\">Tapauksen tutkinnanjohtaja, rikoskomisario Lasse Manninen kertoo, ett\u00e4 Willbergi\u00e4 on kuulusteltu t\u00e4n\u00e4\u00e4n perjantaina.<\/p>\n<p class=\"article-body mb-nof-24 px-nof-16\">Tutkinnanjohtaja kertoo lyhyesti kuulemisen sis\u00e4ll\u00f6st\u00e4.<\/p>\n<p class=\"article-body mb-nof-24 px-nof-16\">\u2013 Ep\u00e4illylle se tilanne on tullut yll\u00e4tt\u00e4en. H\u00e4n itse katsoo, ettei ole mielest\u00e4\u00e4n syyllistynyt asiassa rikokseen, Manninen sanoo.<\/p>\n<p class=\"article-body mb-nof-24 px-nof-16\">Esitutkinnasta puuttuu en\u00e4\u00e4 vain py\u00f6r\u00e4ilij\u00e4n l\u00e4\u00e4k\u00e4rinlausunto. Tapauksen on tarkoitus siirty\u00e4 ensi viikolla syyteharkintaan, riippuen l\u00e4\u00e4k\u00e4rinlausunnon saapumisesta.<\/p>\n<p class=\"article-body mb-nof-24 px-nof-16\">IS tavoitti Pepe Willbergin, mutta h\u00e4n ei halunnut kommentoida asiaa.<\/p>\n<p class=\"article-body mb-nof-24 px-nof-16\">Poliisi tutki tapausta ensin pelkk\u00e4n\u00e4 t\u00f6rke\u00e4n\u00e4 liikenneturvallisuuden vaarantamisena. Tutkintanimikkeisiin lis\u00e4ttiin vammantuottamus, sill\u00e4 poliisi katsoi, ett\u00e4 py\u00f6r\u00e4ilij\u00e4lle aiheutui \u201dv\u00e4h\u00e4ist\u00e4 suuremmat vammat\u201d.<\/p>\n<p class=\"article-body mb-nof-24 px-nof-16\">Py\u00f6r\u00e4ilij\u00e4 vietiin tapahtumapaikalta sairaalaan hoidettavaksi. H\u00e4n oli sairaalassa usean p\u00e4iv\u00e4n ajan.<\/p>\n<p class=\"article-body mb-nof-24 px-nof-16\">Willberg kommentoi asiaa aiemmin IS:lle ja kertoi, ettei n\u00e4hnyt py\u00f6r\u00e4ilij\u00e4\u00e4.<\/p>\n<p class=\"article-body mb-nof-24 px-nof-16\">\u2013 Kuulin vain jonkun krapsauksen auton kyljess\u00e4. Katselin ymp\u00e4rilleni peileist\u00e4, enk\u00e4 n\u00e4hnyt mit\u00e4\u00e4n. En ennen enk\u00e4 j\u00e4lkeen. Se risteys oli huomattavan tyhj\u00e4, laulaja kertoi.<\/p>\n<p class=\"article-body mb-nof-24 px-nof-16\">Willbergin vaimo <a class=\"font-bold underline-offset-[0.12em] [text-decoration:var(--person-link-text-decoration)] ![text-decoration-color:var(--person-link-text-decoration-color)]\" href=\"https:\/\/www.is.fi\/haku\/?query=Pauliina%20Visuri-Willberg\" rel=\"nofollow noopener\" target=\"_blank\">Pauliina Visuri-Willberg<\/a> kommentoi asiaa aiemmin IS:lle.<\/p>\n<p class=\"article-body mb-nof-24 px-nof-16\">\u2013 Pepe toivoisi, ett\u00e4 py\u00f6r\u00e4ilij\u00e4 toipuisi nopeasti ja on tietenkin pahoillaan, ett\u00e4 on ollut t\u00e4llaisessa osallisena, vaikkei ole ollut mit\u00e4\u00e4n tarkoituksellista, Visuri-Willberg sanoi.<\/p>\n<p class=\"article-body mb-nof-24 px-nof-16\">Poliisi kertoi tuoreeltaan, ett\u00e4 kuski poistui paikalta ennen poliisin saapumista. Willberg on kertonut poistuneensa paikalta, koska ei omien sanojensa mukaan huomannut, ett\u00e4 olisi t\u00f6rm\u00e4nnyt ihmiseen.<\/p>\n","protected":false},"excerpt":{"rendered":"Pepe Willbergin ja py\u00f6r\u00e4ilij\u00e4n t\u00f6rm\u00e4ykseen liittyv\u00e4 esitutkinta on l\u00e4hes valmis. Pepe Willberg esiintyi kirkkokonsertissa pian kolarista uutisoimisen j\u00e4lkeen.&hellip;\n","protected":false},"author":2,"featured_media":138147,"comment_status":"","ping_status":"","sticky":false,"template":"","format":"standard","meta":{"footnotes":""},"categories":[130],"tags":[137,33,31,30,34,32,109],"class_list":{"0":"post-138146","1":"post","2":"type-post","3":"status-publish","4":"format-standard","5":"has-post-thumbnail","7":"category-viihde","8":"tag-entertainment","9":"tag-fi","10":"tag-finland","11":"tag-finnish","12":"tag-ilta-sanomat","13":"tag-suomi","14":"tag-viihde"},"share_on_mastodon":{"url":"https:\/\/pubeurope.com\/@fi\/115867885418289600","error":""},"_links":{"self":[{"href":"https:\/\/www.europesays.com\/fi\/wp-json\/wp\/v2\/posts\/138146","targetHints":{"allow":["GET"]}}],"collection":[{"href":"https:\/\/www.europesays.com\/fi\/wp-json\/wp\/v2\/posts"}],"about":[{"href":"https:\/\/www.europesays.com\/fi\/wp-json\/wp\/v2\/types\/post"}],"author":[{"embeddable":true,"href":"https:\/\/www.europesays.com\/fi\/wp-json\/wp\/v2\/users\/2"}],"replies":[{"embeddable":true,"href":"https:\/\/www.europesays.com\/fi\/wp-json\/wp\/v2\/comments?post=138146"}],"version-history":[{"count":0,"href":"https:\/\/www.europesays.com\/fi\/wp-json\/wp\/v2\/posts\/138146\/revisions"}],"wp:featuredmedia":[{"embeddable":true,"href":"https:\/\/www.europesays.com\/fi\/wp-json\/wp\/v2\/media\/138147"}],"wp:attachment":[{"href":"https:\/\/www.europesays.com\/fi\/wp-json\/wp\/v2\/media?parent=138146"}],"wp:term":[{"taxonomy":"category","embeddable":true,"href":"https:\/\/www.europesays.com\/fi\/wp-json\/wp\/v2\/categories?post=138146"},{"taxonomy":"post_tag","embeddable":true,"href":"https:\/\/www.europesays.com\/fi\/wp-json\/wp\/v2\/tags?post=138146"}],"curies":[{"name":"wp","href":"https:\/\/api.w.org\/{rel}","templated":true}]}}