{"id":138156,"date":"2026-01-10T00:11:08","date_gmt":"2026-01-10T00:11:08","guid":{"rendered":"https:\/\/www.europesays.com\/fi\/138156\/"},"modified":"2026-01-10T00:11:08","modified_gmt":"2026-01-10T00:11:08","slug":"ella-kannisen-rakas-tati-kuristui-tuoliin-ja-kuoli","status":"publish","type":"post","link":"https:\/\/www.europesays.com\/fi\/138156\/","title":{"rendered":"Ella Kannisen rakas t\u00e4ti kuristui tuoliin ja kuoli"},"content":{"rendered":"<p>Turun hoivakodissa kuollut vanhus oli Ella Kannisen t\u00e4ti.<\/p>\n<p><img decoding=\"async\" class=\"image image-show image-preview\" src=\"https:\/\/www.europesays.com\/fi\/wp-content\/uploads\/2026\/01\/f0ac16b478d386e62aeb95900faa34ffcbf3bed9ab2612e685daaca2ce2cbab9.jpg\" alt=\"\"\/><img decoding=\"async\" class=\"image image-show\" src=\"https:\/\/www.europesays.com\/fi\/wp-content\/uploads\/2026\/01\/1768003868_544_f0ac16b478d386e62aeb95900faa34ffcbf3bed9ab2612e685daaca2ce2cbab9.jpg\" alt=\"\"\/><\/p>\n<p>Ella Kanninen sai Italiaan surullisen uutisen.  Miia Sir\u00e9n<\/p>\n<p class=\"paragraph\">Turussa hoivakodissa tuoliin kuristumalla kuollut vanhus oli juontaja Ella Kannisen t\u00e4ti.<\/p>\n<p class=\"paragraph\">Asiasta uutisoi ensimm\u00e4isen\u00e4 <a href=\"https:\/\/www.is.fi\/turun-seutu\/art-2000011740715.html\" target=\"_blank\" rel=\"noopener nofollow\">Ilta-Sanomat<\/a>.<\/p>\n<p class=\"paragraph\">\u2013 Olen hyvin j\u00e4rkyttynyt. T\u00e4m\u00e4 tapaus on j\u00e4rkytt\u00e4nyt meit\u00e4 kaikkia, Kanninen kertoo Iltalehdelle Italiasta.<\/p>\n<p class=\"paragraph\">H\u00e4n oli saanut tiedon poismenosta is\u00e4lt\u00e4\u00e4n.<\/p>\n<p class=\"paragraph\">\u2013 Jo itse kuolema oli surullista, mutta sitten is\u00e4ni kertoi, miten kaikki tapahtui.<\/p>\n<p class=\"paragraph\"><a href=\"https:\/\/www.iltalehti.fi\/kotimaa\/7c7f7aff-f117-4397-8fb7-72477d0f873e\" rel=\"nofollow noopener\" target=\"_blank\">Turun Sanomat<\/a> uutisoi t\u00e4n\u00e4\u00e4n perjantaina, ett\u00e4 79-vuotias nainen kuristui kuoliaaksi Esperin Hoivakoti Otsossa Turussa keskiviikkona. H\u00e4net oli sidottu.<\/p>\n<p class=\"paragraph\">\u2013 Kun kuulin, miten h\u00e4n oli kuollut, olin todella j\u00e4rkyttynyt. Koin ep\u00e4oikeudenmukaisuutta ihmisoikeuksien puolesta.<\/p>\n<p class=\"paragraph\">\u2013 Suomessa puhutaan paljon vanhusten hoidosta ja muistisairaiden hoidosta, niin t\u00e4m\u00e4 on varmaankin \u00e4\u00e4riesimerkki mit\u00e4 voi tapahtua. Toivottavasti vastaavaa ei tapahdu en\u00e4\u00e4 koskaan uudestaan.<\/p>\n<p class=\"paragraph\">Kannisen t\u00e4ti oli 79-vuotias ja h\u00e4n sairasti muistisairautta. Fyysisesti t\u00e4ti oli kuitenkin hyv\u00e4ss\u00e4 kunnossa.<\/p>\n<p class=\"paragraph\">\u2013 H\u00e4n oli urheilullinen, sairaus oli mieless\u00e4 eik\u00e4 h\u00e4nen kroppansa j\u00e4tt\u00e4nyt h\u00e4nt\u00e4. T\u00e4m\u00e4 on ihan k\u00e4sitt\u00e4m\u00e4t\u00f6nt\u00e4.<\/p>\n<p class=\"paragraph\">T\u00e4ti ei en\u00e4\u00e4 tunnistanut Kannista, mutta oli muistisairaudestaan huolimatta iloinen sukulaisia tavatessaan.<\/p>\n<p class=\"paragraph\">\u2013 Kun olin pieni ja nuorempi, olimme paljon yhteyksiss\u00e4. H\u00e4n on k\u00e4ynyt tapaamassa minua eri puolilla maailmaa, viime vuosina n\u00e4imme v\u00e4h\u00e4n harvemmin.<\/p>\n<p class=\"paragraph\">Kannisella on asiaan liittyv\u00e4 toive.<\/p>\n<p class=\"paragraph\">\u2013 Toivottavasti t\u00e4m\u00e4 her\u00e4tt\u00e4\u00e4 keskustelua. T\u00e4llaista ei saa sattua!<\/p>\n","protected":false},"excerpt":{"rendered":"Turun hoivakodissa kuollut vanhus oli Ella Kannisen t\u00e4ti. Ella Kanninen sai Italiaan surullisen uutisen. Miia Sir\u00e9n Turussa hoivakodissa&hellip;\n","protected":false},"author":2,"featured_media":138157,"comment_status":"","ping_status":"","sticky":false,"template":"","format":"standard","meta":{"footnotes":""},"categories":[5],"tags":[35,22,23,26,27,33,31,30,17,24,25,28,29,15,18,21,764,103,32,765,502,4855,167,19,20,16],"class_list":{"0":"post-138156","1":"post","2":"type-post","3":"status-publish","4":"format-standard","5":"has-post-thumbnail","7":"category-otsikot","8":"tag-24h","9":"tag-breaking-news","10":"tag-breakingnews","11":"tag-featured-news","12":"tag-featurednews","13":"tag-fi","14":"tag-finland","15":"tag-finnish","16":"tag-headlines","17":"tag-latest-news","18":"tag-latestnews","19":"tag-main-news","20":"tag-mainnews","21":"tag-news","22":"tag-otsikot","23":"tag-paauutiset","24":"tag-sairaudet","25":"tag-sosiaalikysymykset","26":"tag-suomi","27":"tag-taudit-ja-hairiot","28":"tag-terveydenhoito","29":"tag-terveydenhuolto-ja-sosiaalipalvelut","30":"tag-terveys","31":"tag-top-stories","32":"tag-topstories","33":"tag-uutiset"},"share_on_mastodon":{"url":"https:\/\/pubeurope.com\/@fi\/115867909039871711","error":""},"_links":{"self":[{"href":"https:\/\/www.europesays.com\/fi\/wp-json\/wp\/v2\/posts\/138156","targetHints":{"allow":["GET"]}}],"collection":[{"href":"https:\/\/www.europesays.com\/fi\/wp-json\/wp\/v2\/posts"}],"about":[{"href":"https:\/\/www.europesays.com\/fi\/wp-json\/wp\/v2\/types\/post"}],"author":[{"embeddable":true,"href":"https:\/\/www.europesays.com\/fi\/wp-json\/wp\/v2\/users\/2"}],"replies":[{"embeddable":true,"href":"https:\/\/www.europesays.com\/fi\/wp-json\/wp\/v2\/comments?post=138156"}],"version-history":[{"count":0,"href":"https:\/\/www.europesays.com\/fi\/wp-json\/wp\/v2\/posts\/138156\/revisions"}],"wp:featuredmedia":[{"embeddable":true,"href":"https:\/\/www.europesays.com\/fi\/wp-json\/wp\/v2\/media\/138157"}],"wp:attachment":[{"href":"https:\/\/www.europesays.com\/fi\/wp-json\/wp\/v2\/media?parent=138156"}],"wp:term":[{"taxonomy":"category","embeddable":true,"href":"https:\/\/www.europesays.com\/fi\/wp-json\/wp\/v2\/categories?post=138156"},{"taxonomy":"post_tag","embeddable":true,"href":"https:\/\/www.europesays.com\/fi\/wp-json\/wp\/v2\/tags?post=138156"}],"curies":[{"name":"wp","href":"https:\/\/api.w.org\/{rel}","templated":true}]}}