{"id":13817,"date":"2025-08-23T06:19:09","date_gmt":"2025-08-23T06:19:09","guid":{"rendered":"https:\/\/www.europesays.com\/fi\/13817\/"},"modified":"2025-08-23T06:19:09","modified_gmt":"2025-08-23T06:19:09","slug":"kuka-tarvitsee-kahta-ultra-bran-stadionkeikkaa","status":"publish","type":"post","link":"https:\/\/www.europesays.com\/fi\/13817\/","title":{"rendered":"Kuka tarvitsee kahta Ultra Bran stadionkeikkaa?"},"content":{"rendered":"<p><a href=\"https:\/\/www.iltalehti.fi\/kirjoittajat\/Mari Pudas\" class=\"article-description-pov-author\" rel=\"nofollow noopener\" target=\"_blank\"><\/p>\n<p>Mari Pudas<\/p>\n<p><img decoding=\"async\" class=\"author-image\" src=\"https:\/\/www.europesays.com\/fi\/wp-content\/uploads\/2025\/08\/f50424d9c9a5fc88148368aad487b389bacf6145da798fe918b1dbd72103f60f.png\" alt=\"\"\/><\/a><\/p>\n<p>Ultra Bra oli juuri sit\u00e4, mit\u00e4 odotettiin, kirjoittaa toimittaja Mari Pudas.<\/p>\n<p>T\u00e4n\u00e4\u00e4n klo 8:35<\/p>\n<p><img decoding=\"async\" class=\"image image-show image-preview\" src=\"https:\/\/www.europesays.com\/fi\/wp-content\/uploads\/2025\/08\/7287150358f7cdf402a1462127100dee828dbdc1e77a7605e0bd4efcd1a0342f.jpg\" alt=\"\"\/><img decoding=\"async\" class=\"image image-show\" src=\"https:\/\/www.europesays.com\/fi\/wp-content\/uploads\/2025\/08\/1755929948_938_7287150358f7cdf402a1462127100dee828dbdc1e77a7605e0bd4efcd1a0342f.jpg\" alt=\"\"\/><\/p>\n<p>Ultra Bran Terhi Kokkonen tarjoili yleis\u00f6lle, mit\u00e4 se halusi.  Elle Laitila<\/p>\n<p class=\"paragraph\">Stadionkeikat jakavat musiikin yst\u00e4vi\u00e4. Mit\u00e4 kovempi rock-puritaani, sit\u00e4 enemm\u00e4n tulee rutinaa stadionkeikkojen soundimaailmasta, siit\u00e4 ettei yleis\u00f6\u00f6n saa kontaktia ja ettei tunnelma yll\u00e4 koskaan klubikeikkojen tasolle.<\/p>\n<p class=\"paragraph\">Varmasti totta. Ultra Bran Olympiastadionin keikalla \u00e4\u00e4net puuroutuivat, kuten musiikkikriitikoilla on tapana sanoa, muutamaan otteeseen ainakin sivukatsomossa eik\u00e4 sanoista tahtonut saada selv\u00e4\u00e4, lavalla vaikutti olevan hieman teknisi\u00e4 ongelmia rytmityksen suhteen, eik\u00e4 klubikeikkojen intiimiydest\u00e4 ollut tietoakaan.<\/p>\n<p class=\"paragraph\">Mutta mit\u00e4 sitten? Ei stadionkeikoilta olekaan tarkoitus hakea sit\u00e4 t\u00e4ydellist\u00e4 soundimaailmaa. Stadionkeikat ovat kollektiivinen kokemusta, tunnelmaa, yhdess\u00e4 jaettuja tunteita ja Ultra Bran kohdalla tietysti my\u00f6s nostalgiaa.<\/p>\n<p class=\"paragraph\">Moni Iltalehden haastattelema katsoja sanoi ennen keikkaa haluavansa viel\u00e4 kerran kuulla kuulostavatko ja ennen kaikkea tuntuvatko kappaleet samalta kuin silloin omina nuoruuusvuosina.<\/p>\n<p class=\"paragraph\">Stadionkeikoista pit\u00e4vi\u00e4 suorastaan hemmotellaan n\u00e4in loppukes\u00e4st\u00e4, kun viikko sitten urheilupyh\u00e4t\u00f6ss\u00e4 esiintyi <strong>Katri Helena<\/strong>, t\u00e4n\u00e4 viikonloppuna Ultra Bra konsertoi per\u00e4ti kahdesti ja reilun kuukauden p\u00e4\u00e4st\u00e4 <a href=\"https:\/\/www.iltalehti.fi\/henkilot\/Robbie Williamsin\" class=\"article-link-person-page\" rel=\"nofollow noopener\" target=\"_blank\">Robbie Williams<\/a> tulee n\u00e4ytt\u00e4m\u00e4\u00e4n osaamistaan.<\/p>\n<p class=\"paragraph\">Katri Helena esiintyi siis vain viikko sitten Olympiastadionilla, joten v\u00e4ist\u00e4m\u00e4tt\u00e4 Ultra Bran keikkaa tulee verrattua siihen. T\u00e4m\u00e4 on v\u00e4h\u00e4n ep\u00e4reilua Ultra Brata kohtaan, sill\u00e4 Katri Helenalla oli selk\u00e4 teema &#8211; uran p\u00e4\u00e4t\u00f6skeikka.<\/p>\n<p class=\"paragraph\">Ultra Bralla t\u00e4t\u00e4 teemaa ei ole. Paluuta voi toki pit\u00e4\u00e4 yhten\u00e4 teemana, mutta yhtye ei kovin pitk\u00e4\u00e4n ole ollut poissa, vain seitsem\u00e4n vuotta.<\/p>\n<p>Ultra Bra oli juuri sellainen kuin odotettiinkin.  Elle Laitila<\/p>\n<p class=\"paragraph\">Se esiintyi Olympiastadionilla ja esiintyy lauantaina uudestaan. Ovatko keikat Ultra Bran uran viimeiset? Sit\u00e4 ei tiedet\u00e4, mutta ainakaan t\u00e4m\u00e4n jutun kirjoittaja ei lopullisiin hyv\u00e4steihin usko.<\/p>\n<p class=\"paragraph\">Ultra Brassa jaksaa aina yll\u00e4tt\u00e4\u00e4 se, miten samanlaiselta se kuulostaakaan vuodesta toiseen. Joku voi tulkita tuon negatiiviseksi, mutta ei se sit\u00e4 ole. Ultra Bra on aina hyv\u00e4.<\/p>\n<p class=\"paragraph\">Ultra Bran keikka kesti 2 tuntia ja 10 minuuttia. Yleis\u00f6lle ei sen kummempia l\u00e4tisty vaan yhtye puski junan lailla eteenp\u00e4in 32 kappaleen verran. Tuona aikana kuultiin hittej\u00e4 toisensa per\u00e4\u00e4n. Tytt\u00f6jen v\u00e4lisest\u00e4 yst\u00e4vyydest\u00e4, Savanni nukahtaa, Min\u00e4 suojelen sinua kaikelta, Kirjoituksia, Sin\u00e4 l\u00e4hdit pois ovat kappaleita, jotka kaikki tiet\u00e4v\u00e4t vaikka ei Ultra Brata kuuntelisikaan, osa Suomi-musiikin historiaa.<\/p>\n<p class=\"paragraph\">Useampi kappale sai my\u00f6s t\u00e4ysin uuden sovituksen, kun mukana oli 400-henkinen kuoro. Lapsikuorot voivat joskus olla pikkuoravamaisuudellaan hieman koomisia, mutta nyt kuorolaiset olivat teini-ik\u00e4isi\u00e4, ei siis aivan pieni\u00e4 lapsia. Kuoro toimi erinomaisen hyvin erityisesti Hauki-kappaleessa.<\/p>\n<p class=\"paragraph\">Keikan ehdottomaksi helmeksi nousi kappale, joka ei edes ole Ultra Bran oma. Kappale on <strong>Annika Eklundin<\/strong> ikivihre\u00e4 Shanghain valot.<\/p>\n<p class=\"paragraph\">Se koki uuden tulemisen talvella Uuden musiikin kilpailussa, kun Annika Eklund itse sek\u00e4 <strong>Keira<\/strong>, <strong>Laura Voutilainen<\/strong>, <strong>Linda Lampenius<\/strong>, <strong>Eini<\/strong> ja <strong>Bess<\/strong> esittiv\u00e4t sen v\u00e4liaikanumerona.<\/p>\n<p class=\"paragraph\">Kytk\u00f6s Ultra Brahan on tietenkin se, ett\u00e4 Shanghain valot on Kerkko Koskisen  kirjoittaman kappale. Ultra Bra esitti sen ensimm\u00e4isen kerran Ruisrockissa viime hein\u00e4kuussa.<\/p>\n<p class=\"paragraph\">T\u00e4m\u00e4 kappale, jos mik\u00e4, sopii t\u00e4ydellisesti esitett\u00e4v\u00e4ksi 40 000 katsojan edess\u00e4 Olympiastadionilla.<\/p>\n<p class=\"paragraph\">Ja Olympiastadionille sopi my\u00f6s koko Ultra Bra, joka tarjosi yleis\u00f6lle viel\u00e4 kerran paluun ihanalle ys\u00e4rille ja vuosituhannen alkuun. T\u00e4t\u00e4 me tarvitsemme t\u00e4ss\u00e4 maailmanajassa.<\/p>\n<p>Katsomossa tunnelma oli hillityn iloinen.  Elle Laitila<\/p>\n","protected":false},"excerpt":{"rendered":"Mari Pudas Ultra Bra oli juuri sit\u00e4, mit\u00e4 odotettiin, kirjoittaa toimittaja Mari Pudas. T\u00e4n\u00e4\u00e4n klo 8:35 Ultra Bran&hellip;\n","protected":false},"author":2,"featured_media":13818,"comment_status":"","ping_status":"","sticky":false,"template":"","format":"standard","meta":{"footnotes":""},"categories":[130],"tags":[35,138,137,33,31,30,47,141,742,32,484,109],"class_list":{"0":"post-13817","1":"post","2":"type-post","3":"status-publish","4":"format-standard","5":"has-post-thumbnail","7":"category-viihde","8":"tag-24h","9":"tag-audio","10":"tag-entertainment","11":"tag-fi","12":"tag-finland","13":"tag-finnish","14":"tag-musiikki","15":"tag-muusikot-bandit","16":"tag-suomalainen-musiikki","17":"tag-suomi","18":"tag-taiteellinen-ilmaisu-ja-mediat","19":"tag-viihde"},"share_on_mastodon":{"url":"","error":""},"_links":{"self":[{"href":"https:\/\/www.europesays.com\/fi\/wp-json\/wp\/v2\/posts\/13817","targetHints":{"allow":["GET"]}}],"collection":[{"href":"https:\/\/www.europesays.com\/fi\/wp-json\/wp\/v2\/posts"}],"about":[{"href":"https:\/\/www.europesays.com\/fi\/wp-json\/wp\/v2\/types\/post"}],"author":[{"embeddable":true,"href":"https:\/\/www.europesays.com\/fi\/wp-json\/wp\/v2\/users\/2"}],"replies":[{"embeddable":true,"href":"https:\/\/www.europesays.com\/fi\/wp-json\/wp\/v2\/comments?post=13817"}],"version-history":[{"count":0,"href":"https:\/\/www.europesays.com\/fi\/wp-json\/wp\/v2\/posts\/13817\/revisions"}],"wp:featuredmedia":[{"embeddable":true,"href":"https:\/\/www.europesays.com\/fi\/wp-json\/wp\/v2\/media\/13818"}],"wp:attachment":[{"href":"https:\/\/www.europesays.com\/fi\/wp-json\/wp\/v2\/media?parent=13817"}],"wp:term":[{"taxonomy":"category","embeddable":true,"href":"https:\/\/www.europesays.com\/fi\/wp-json\/wp\/v2\/categories?post=13817"},{"taxonomy":"post_tag","embeddable":true,"href":"https:\/\/www.europesays.com\/fi\/wp-json\/wp\/v2\/tags?post=13817"}],"curies":[{"name":"wp","href":"https:\/\/api.w.org\/{rel}","templated":true}]}}