{"id":138170,"date":"2026-01-10T00:36:09","date_gmt":"2026-01-10T00:36:09","guid":{"rendered":"https:\/\/www.europesays.com\/fi\/138170\/"},"modified":"2026-01-10T00:36:09","modified_gmt":"2026-01-10T00:36:09","slug":"jalleen-pakkasennatys-uusiksi-savukoskella-428-astetta-pakkasta","status":"publish","type":"post","link":"https:\/\/www.europesays.com\/fi\/138170\/","title":{"rendered":"J\u00e4lleen pakkasenn\u00e4tys uusiksi: Savukoskella \u201342,8 astetta pakkasta"},"content":{"rendered":"<p>    <img decoding=\"async\" class=\"responsive-image article__image-image lozad\"   src=\"https:\/\/www.europesays.com\/fi\/wp-content\/uploads\/2026\/01\/fcULC2FFYXfSnuLNvpP65cbFvEQJs_H8INeplgxEmGZIWKx2JwRUBnUyull1U3aW9pU-HBl1FMHFUJ33mMeelt8sLzsGmlj4W6xS.jpeg\" alt=\"Tammikuu on alkanut todellisissa paukkupakkasissa. Arkistokuva vuodelta 2023.\"\/><\/p>\n<p>\n                Tammikuu on alkanut todellisissa paukkupakkasissa. Arkistokuva vuodelta 2023.\n              <\/p>\n<p>\n                Kuva: Jussi Leinonen\n              <\/p>\n<p class=\"article__paragraph\">\n      Talven toistaiseksi kylmin pakkaslukema meni j\u00e4lleen uusiksi perjantain vastaisena y\u00f6n\u00e4. Ilmatieteen laitoksen mukaan Lapissa Savukoskella mitattiin perjantaiaamuna puoli seitsem\u00e4n aikoihin 42,8 astetta pakkasta.\n    <\/p>\n<p class=\"article__paragraph\">\n      Aikaisempi enn\u00e4tys oli torstailta samasta paikasta, \u00a0\u201341,5 astetta.\n    <\/p>\n<p class=\"article__paragraph\">\n      Sallan Naruskalla mitattiin my\u00f6s \u201341,8 astetta.\n    <\/p>\n<p class=\"article__paragraph\">\n      Kovia pakkaslukuja on my\u00f6s muualla kuin It\u00e4-Lapissa. Esimerkiksi Kittil\u00e4ss\u00e4 on t\u00e4ll\u00e4 hetkell\u00e4 laajalti \u2013\u202f40 astetta. Kittil\u00e4n lentoasemalla elohopea on laskenut -41,1 asteeseen.\n    <\/p>\n<p class=\"article__paragraph\">\n      Muualla Lapissa pakkasta oli perjantaiaamuna laajalti 30\u201335 astetta.\n    <\/p>\n<p class=\"article__paragraph\">\n      &#8221;Lauhinta&#8221; on Meri-Lapissa. Kemiss\u00e4 ja Torniossa pakkasta on 28 astetta.\n    <\/p>\n","protected":false},"excerpt":{"rendered":"Tammikuu on alkanut todellisissa paukkupakkasissa. Arkistokuva vuodelta 2023. Kuva: Jussi Leinonen Talven toistaiseksi kylmin pakkaslukema meni j\u00e4lleen uusiksi&hellip;\n","protected":false},"author":2,"featured_media":138171,"comment_status":"","ping_status":"","sticky":false,"template":"","format":"standard","meta":{"footnotes":""},"categories":[12],"tags":[22,23,26,27,33,31,30,17,24,25,28,29,15,18,21,32,19,20,16],"class_list":{"0":"post-138170","1":"post","2":"type-post","3":"status-publish","4":"format-standard","5":"has-post-thumbnail","7":"category-suomi","8":"tag-breaking-news","9":"tag-breakingnews","10":"tag-featured-news","11":"tag-featurednews","12":"tag-fi","13":"tag-finland","14":"tag-finnish","15":"tag-headlines","16":"tag-latest-news","17":"tag-latestnews","18":"tag-main-news","19":"tag-mainnews","20":"tag-news","21":"tag-otsikot","22":"tag-paauutiset","23":"tag-suomi","24":"tag-top-stories","25":"tag-topstories","26":"tag-uutiset"},"share_on_mastodon":{"url":"https:\/\/pubeurope.com\/@fi\/115868007408945095","error":""},"_links":{"self":[{"href":"https:\/\/www.europesays.com\/fi\/wp-json\/wp\/v2\/posts\/138170","targetHints":{"allow":["GET"]}}],"collection":[{"href":"https:\/\/www.europesays.com\/fi\/wp-json\/wp\/v2\/posts"}],"about":[{"href":"https:\/\/www.europesays.com\/fi\/wp-json\/wp\/v2\/types\/post"}],"author":[{"embeddable":true,"href":"https:\/\/www.europesays.com\/fi\/wp-json\/wp\/v2\/users\/2"}],"replies":[{"embeddable":true,"href":"https:\/\/www.europesays.com\/fi\/wp-json\/wp\/v2\/comments?post=138170"}],"version-history":[{"count":0,"href":"https:\/\/www.europesays.com\/fi\/wp-json\/wp\/v2\/posts\/138170\/revisions"}],"wp:featuredmedia":[{"embeddable":true,"href":"https:\/\/www.europesays.com\/fi\/wp-json\/wp\/v2\/media\/138171"}],"wp:attachment":[{"href":"https:\/\/www.europesays.com\/fi\/wp-json\/wp\/v2\/media?parent=138170"}],"wp:term":[{"taxonomy":"category","embeddable":true,"href":"https:\/\/www.europesays.com\/fi\/wp-json\/wp\/v2\/categories?post=138170"},{"taxonomy":"post_tag","embeddable":true,"href":"https:\/\/www.europesays.com\/fi\/wp-json\/wp\/v2\/tags?post=138170"}],"curies":[{"name":"wp","href":"https:\/\/api.w.org\/{rel}","templated":true}]}}