{"id":138180,"date":"2026-01-10T01:00:14","date_gmt":"2026-01-10T01:00:14","guid":{"rendered":"https:\/\/www.europesays.com\/fi\/138180\/"},"modified":"2026-01-10T01:00:14","modified_gmt":"2026-01-10T01:00:14","slug":"oikaisu-satakunnan-kansa","status":"publish","type":"post","link":"https:\/\/www.europesays.com\/fi\/138180\/","title":{"rendered":"Oikaisu &#8211; Satakunnan Kansa"},"content":{"rendered":"<ol>\n<li><a href=\"https:\/\/news.google.com\/rss\/articles\/CBMicEFVX3lxTE5XVDMyeGxlei1vdmVJR2pqU0lDUkM3ZTNtZVplVGdlSkg4b3JRWjBneFlhTnE3dTR6NjNMWDJiUFcxVHUyMmxzQUFMMEpFQ0gwOGhuZnE0elJYUGw0Zk1hdGg0Q2hIVkpiR21idGN1TVQ?oc=5\" target=\"_blank\" rel=\"nofollow noopener\">Oikaisu<\/a>&nbsp;&nbsp;Satakunnan Kansa<\/li>\n<li><a href=\"https:\/\/news.google.com\/rss\/articles\/CBMiQkFVX3lxTE4xOE5Wdl9TN3ZZRzVEN0M1cVhvdzhfZzVIckNNSkRPWl96S0FPQWhQbVl1V3ZMZmxCa2dpTWNWaWt4dw?oc=5\" target=\"_blank\" rel=\"nofollow noopener\">Oululainen tuuli- ja aurinkovoimarakentaja Suvic ajautui konkurssiin<\/a>&nbsp;&nbsp;Yle<\/li>\n<li><a href=\"https:\/\/news.google.com\/rss\/articles\/CBMifkFVX3lxTE9YUGpnMDdERUphNHNKUGk3di1MODZWTlVVcnNKOVd1elYxdm4zMGRPYWVxcjRUTjFvYlBOUE5rSUJxWU53dUVFVXE5RnFmTURldjJYdlBUZm9OdkhoU2N3TEJqN21fOUtCSDgxVTJjS3BLQ1BRTkhXRDRYNEtYUQ?oc=5\" target=\"_blank\" rel=\"nofollow noopener\">Dovre on maksukyvyt\u00f6n<\/a>&nbsp;&nbsp;Kauppalehti<\/li>\n<li><a href=\"https:\/\/news.google.com\/rss\/articles\/CBMicEFVX3lxTE92VWtSYTNPNjRYX1RtdnZ2WWNnbjlIdjlSYjRZaVRJRndkWDF3YmMzZkZGbFNHdmxsTlBJekpRTjlJZGtvWlJGMjlva0tDYUdOSjNXc0lwdlBQTF8xWVc4akJ3V0NWb3RyX2J6a2xpV0Y?oc=5\" target=\"_blank\" rel=\"nofollow noopener\">Talousvaikeudet | Ensin Satakunnassa aurinkovoimalaa rakentanut yhti\u00f6 ilmoitti konkurssista, nyt p\u00f6rssiin listattu emoyhti\u00f6 kertoo olevansa maksukyvyt\u00f6n<\/a>&nbsp;&nbsp;Satakunnan Kansa<\/li>\n<li><a href=\"https:\/\/news.google.com\/rss\/articles\/CBMigwFBVV95cUxPZmhQSVQ3VVpJa28xNl80MmFBaFNXWHk1RDZZdVlpdmRXaktsRl9RcGZvRnFUbU1SaFlGaHZKTkV3c3BwNlhkMjNBSkFDU1lZTHRFTHNNSnBqUTIyMWEtZl9iUDRyR3ZhTjZ5M2tqSi0ydl81c19ERTZXY3hZM1hyWlR0cw?oc=5\" target=\"_blank\" rel=\"nofollow noopener\">Suuren suomalaisen 367 MW tuulipuiston p\u00e4\u00e4urakoitsija kaatui konkurssiin \u2013 J\u00e4tti j\u00e4lkeens\u00e4 133 M\u20ac velat<\/a>&nbsp;&nbsp;Tekniikka&amp;Talous<\/li>\n<\/ol>\n","protected":false},"excerpt":{"rendered":"Oikaisu&nbsp;&nbsp;Satakunnan Kansa Oululainen tuuli- ja aurinkovoimarakentaja Suvic ajautui konkurssiin&nbsp;&nbsp;Yle Dovre on maksukyvyt\u00f6n&nbsp;&nbsp;Kauppalehti Talousvaikeudet | Ensin Satakunnassa aurinkovoimalaa rakentanut&hellip;\n","protected":false},"author":2,"featured_media":2527,"comment_status":"","ping_status":"","sticky":false,"template":"","format":"standard","meta":{"footnotes":""},"categories":[76],"tags":[79,77,33,31,30,80,32,78],"class_list":{"0":"post-138180","1":"post","2":"type-post","3":"status-publish","4":"format-standard","5":"has-post-thumbnail","7":"category-talous","8":"tag-business","9":"tag-economy","10":"tag-fi","11":"tag-finland","12":"tag-finnish","13":"tag-satakunnan-kansa","14":"tag-suomi","15":"tag-talous"},"share_on_mastodon":{"url":"https:\/\/pubeurope.com\/@fi\/115868101691675220","error":""},"_links":{"self":[{"href":"https:\/\/www.europesays.com\/fi\/wp-json\/wp\/v2\/posts\/138180","targetHints":{"allow":["GET"]}}],"collection":[{"href":"https:\/\/www.europesays.com\/fi\/wp-json\/wp\/v2\/posts"}],"about":[{"href":"https:\/\/www.europesays.com\/fi\/wp-json\/wp\/v2\/types\/post"}],"author":[{"embeddable":true,"href":"https:\/\/www.europesays.com\/fi\/wp-json\/wp\/v2\/users\/2"}],"replies":[{"embeddable":true,"href":"https:\/\/www.europesays.com\/fi\/wp-json\/wp\/v2\/comments?post=138180"}],"version-history":[{"count":0,"href":"https:\/\/www.europesays.com\/fi\/wp-json\/wp\/v2\/posts\/138180\/revisions"}],"wp:featuredmedia":[{"embeddable":true,"href":"https:\/\/www.europesays.com\/fi\/wp-json\/wp\/v2\/media\/2527"}],"wp:attachment":[{"href":"https:\/\/www.europesays.com\/fi\/wp-json\/wp\/v2\/media?parent=138180"}],"wp:term":[{"taxonomy":"category","embeddable":true,"href":"https:\/\/www.europesays.com\/fi\/wp-json\/wp\/v2\/categories?post=138180"},{"taxonomy":"post_tag","embeddable":true,"href":"https:\/\/www.europesays.com\/fi\/wp-json\/wp\/v2\/tags?post=138180"}],"curies":[{"name":"wp","href":"https:\/\/api.w.org\/{rel}","templated":true}]}}