{"id":138181,"date":"2026-01-10T01:01:12","date_gmt":"2026-01-10T01:01:12","guid":{"rendered":"https:\/\/www.europesays.com\/fi\/138181\/"},"modified":"2026-01-10T01:01:12","modified_gmt":"2026-01-10T01:01:12","slug":"mercosur-vapaakauppasopimus-sai-eu-maiden-enemmiston-taakseen-suomen-vienti-latinalaiseen-amerikaan-voi-kasvaa-tuntuvasti","status":"publish","type":"post","link":"https:\/\/www.europesays.com\/fi\/138181\/","title":{"rendered":"Mercosur-vapaakauppasopimus sai EU-maiden enemmist\u00f6n taakseen \u2013\u202fSuomen vienti Latinalaiseen Amerikaan voi kasvaa tuntuvasti"},"content":{"rendered":"<p>    <img decoding=\"async\" class=\"responsive-image article__image-image lozad\"   src=\"https:\/\/www.europesays.com\/fi\/wp-content\/uploads\/2026\/01\/sgu8f6BZedqgOlIvVzLYcoMhD2O8W_kaJuMmy_3iYnYWZJ-_EweZeEGkhO1HUSridHCqesO9kb_12X40jk1JxTqyhp_2lr4lS_o3.jpeg\" alt=\"Enemmist\u00f6 EU-maista kannatti Mercosur-vapaakauppasopimusta.\"\/><\/p>\n<p>\n                Enemmist\u00f6 EU-maista kannatti Mercosur-vapaakauppasopimusta.\n              <\/p>\n<p>\n                Kuva: NICOLAS TUCAT \/ AFP \/ Lehtikuva\n              <\/p>\n<p class=\"article__paragraph\">\n      EU-maat hyv\u00e4ksyv\u00e4t EU:n ja Etel\u00e4-Amerikan Mercosur-maiden v\u00e4lisen vapaakauppasopimuksen, kertovat uutistoimistot AFP ja Ritzau diplomaattil\u00e4hteiden perusteella. Uutistoimistojen mukaan j\u00e4senmaiden enemmist\u00f6 on asettunut sopimuksen tueksi.\n    <\/p>\n<p class=\"article__paragraph\">\n      Kirjallinen menettely sopimuksen viralliseksi hyv\u00e4ksymiseksi saataneen p\u00e4\u00e4t\u00f6kseen perjantaina illalla, kirjoitti uutistoimisto TT.\n    <\/p>\n<p class=\"article__paragraph\">\n      Sopimus synnytt\u00e4\u00e4 maailman suurimman vapaakauppa-alueen. Mercosur-maihin kuuluvat Argentiina, Brasilia, Paraguay ja Uruguay.\n    <\/p>\n<p class=\"article__paragraph\">\n      EU-komission puheenjohtajan Ursula von der Leyenin on m\u00e4\u00e4r\u00e4 matkustaa maanantaina Paraguayhin allekirjoittamaan sopimus. Lopullinen siunaus sopimukselle annetaan, kun EU-parlamentissa \u00e4\u00e4nestet\u00e4\u00e4n siit\u00e4 tammi-helmikuun vaihteessa. Sopimuksen on tarkoitus tulla voimaan t\u00e4m\u00e4n vuoden loppupuolella.\n    <\/p>\n<p class=\"article__paragraph\">\n      Suomi kannatti sopimuksen hyv\u00e4ksymist\u00e4. Elinkeinoel\u00e4m\u00e4n keskusliitto EK iloitsi sovun syntymisest\u00e4, koska se avaa eurooppalaisille yrityksille tien aiemmin suojatuille markkinoille ja poistaa tullit 90-prosenttisesti. Siirtym\u00e4aika on pitk\u00e4, ja tullit poistuvat asteittain 15 vuoden kuluessa.\n    <\/p>\n<p class=\"article__paragraph\">\n      \u2013\u2009Geotalouden ep\u00e4varmuuksien ja kauppasotien keskell\u00e4 Mercosur-kumppanuus on Euroopalle my\u00f6s iso strateginen voitto, kiitteli EK:n toimitusjohtaja Jyri H\u00e4k\u00e4mies <a href=\"https:\/\/ek.fi\/ajankohtaista\/tiedotteet\/elinkeinoelama-mercosur-kauppasopimus-on-euroopalle-historiallinen-lapimurto\/\" rel=\"nofollow noopener\" target=\"_blank\">tiedotteessa<\/a>.\n    <\/p>\n<p>      Ranskalla huoli maataloustuottajista<\/p>\n<p class=\"article__paragraph\">\n      EK:ssa uskotaan, ett\u00e4 Suomen vienti Latinalaisen Amerikan maihin voi kasvaa tuntuvasti. T\u00e4ll\u00e4 hetkell\u00e4 maiden osuus Suomen viennist\u00e4 on alle kaksi prosenttia. EU-komissio on arvioinut, ett\u00e4 unionin vienti alueelle voi kasvaa 39 prosenttia vuoteen 2040 menness\u00e4.\n    <\/p>\n<p class=\"article__paragraph\">\n      EK:n mukaan ulkomaista kilpailua ovat Mercosur-maissa vaikeuttaneet sek\u00e4 korkeat tullit ett\u00e4 monimutkaiset tullausmenettelyt, tekniset m\u00e4\u00e4r\u00e4ykset ja sertifiointivaatimukset.\n    <\/p>\n<p class=\"article__paragraph\">\n      Ranskan presidentti Emmanuel Macron sanoi torstaina, ett\u00e4 Ranska \u00e4\u00e4nest\u00e4\u00e4 Mercosur-sopimuksen hyv\u00e4ksymist\u00e4 vastaan. Ranskaa on hiert\u00e4nyt huoli sen maataloustuottajien kilpailukyvyst\u00e4, kun Brasilian kaltaisen suuren maatalousmaan tuotteet p\u00e4\u00e4sev\u00e4t Euroopan markkinoille.\n    <\/p>\n<p class=\"article__paragraph\">\n      Sopimusta Ranskan tavoin aiemmin vastustanut Italia sen sijaan vaikutti k\u00e4\u00e4ntyneen sopimuksen kannalle, sill\u00e4 maan ulkoministeri Antonio Tajani kiitteli keskiviikkona sopimuksen tuottamia valtavia hy\u00f6tyj\u00e4.\n    <\/p>\n<p class=\"article__paragraph\">\n      Uutistoimisto AFP:n mukaan Ranskan ohella my\u00f6s Irlanti, It\u00e4valta, Puola ja Unkari \u00e4\u00e4nestiv\u00e4t vapaakauppasopimuksen hyv\u00e4ksymist\u00e4 vastaan EU-suurl\u00e4hettil\u00e4iden \u00e4\u00e4nestyksess\u00e4 Brysseliss\u00e4.\n    <\/p>\n<p class=\"article__paragraph\">\n      Vastustajien m\u00e4\u00e4r\u00e4 ei kuitenkaan riitt\u00e4nyt est\u00e4m\u00e4\u00e4n sopimuksen hyv\u00e4ksymist\u00e4 sen j\u00e4lkeen kun Italia oli k\u00e4\u00e4ntynyt sen kannalle.\n    <\/p>\n<p class=\"article__paragraph\">\n      EU-maiden piti hyv\u00e4ksy\u00e4 yli 25 vuoden ajan tekeill\u00e4 ollut Mercosur-sopimus jo joulukuussa, mutta silloin hyv\u00e4ksyminen lykk\u00e4\u00e4ntyi Ranskan ja Italian vastustuksen takia.\n    <\/p>\n<p>      Saksassa riemuittiin<\/p>\n<p class=\"article__paragraph\">\n      Saksan liittokansleri Friedrich Merz ylisti perjantaina vapaakauppasopimusta t\u00e4rke\u00e4ksi virstanpylv\u00e4\u00e4ksi EU:n kauppapolitiikassa. Samalla h\u00e4n kuitenkin painotti, ett\u00e4 25 vuoden neuvotteluprosessi oli liian pitk\u00e4 ja ett\u00e4 seuraavat vapaakauppasopimukset pit\u00e4\u00e4 saada valmiiksi nopeasti.\n    <\/p>\n<p class=\"article__paragraph\">\n      Saksan valtiovarainministeri Lars Klingbeil piti sopimusta t\u00e4rke\u00e4n\u00e4 signaalina vapaakaupan puolesta.\n    <\/p>\n<p class=\"article__paragraph\">\n      \u2013\u2009Kun muut maat sulkeutuvat ja harjoittavat yh\u00e4 aggressiivisempaa kauppapolitiikkaa, me keskitymme uusiin kumppanuuksiin, Klingbeil sanoi.\n    <\/p>\n<p class=\"article__paragraph\">\n      Saksassa my\u00f6s maan autoteollisuuden keskusj\u00e4rjest\u00f6 VDA kiitteli vapaakauppasopimusta ja arvioi sen avaavan uusia mahdollisuuksia saksalaiselle autoteollisuudelle.\n    <\/p>\n<p class=\"article__paragraph\">\n      Mercosur-maihin viedyist\u00e4 henkil\u00f6autoista pit\u00e4\u00e4 VDA:n mukaan maksaa t\u00e4ll\u00e4 hetkell\u00e4 jopa 35 prosentin tulli ja my\u00f6s autojen osista pit\u00e4\u00e4 maksaa 18 prosentin tulli.\n    <\/p>\n<p class=\"article__paragraph\">\n      Vapaakauppasopimuksen voimaantulon my\u00f6t\u00e4 eurooppalaisyritysten on laskettu v\u00e4lttyv\u00e4n noin nelj\u00e4n miljardin euron tullimaksuilta vuodessa Mercosur-maissa.\n    <\/p>\n<p class=\"article__note\">\n      L\u00e4hteen\u00e4 my\u00f6s uutistoimisto AFP.\n    <\/p>\n<p class=\"article__note\">\n      T\u00e4ydennetty kauttaaltaan kello 16.10.\n    <\/p>\n","protected":false},"excerpt":{"rendered":"Enemmist\u00f6 EU-maista kannatti Mercosur-vapaakauppasopimusta. Kuva: NICOLAS TUCAT \/ AFP \/ Lehtikuva EU-maat hyv\u00e4ksyv\u00e4t EU:n ja Etel\u00e4-Amerikan Mercosur-maiden v\u00e4lisen&hellip;\n","protected":false},"author":2,"featured_media":138182,"comment_status":"","ping_status":"","sticky":false,"template":"","format":"standard","meta":{"footnotes":""},"categories":[14],"tags":[22,23,26,27,33,31,30,17,24,25,28,29,15,18,21,32,19,20,56,16,59,60,61],"class_list":{"0":"post-138181","1":"post","2":"type-post","3":"status-publish","4":"format-standard","5":"has-post-thumbnail","7":"category-ulkomaat","8":"tag-breaking-news","9":"tag-breakingnews","10":"tag-featured-news","11":"tag-featurednews","12":"tag-fi","13":"tag-finland","14":"tag-finnish","15":"tag-headlines","16":"tag-latest-news","17":"tag-latestnews","18":"tag-main-news","19":"tag-mainnews","20":"tag-news","21":"tag-otsikot","22":"tag-paauutiset","23":"tag-suomi","24":"tag-top-stories","25":"tag-topstories","26":"tag-ulkomaat","27":"tag-uutiset","28":"tag-world","29":"tag-world-news","30":"tag-worldnews"},"share_on_mastodon":{"url":"https:\/\/pubeurope.com\/@fi\/115868105783711431","error":""},"_links":{"self":[{"href":"https:\/\/www.europesays.com\/fi\/wp-json\/wp\/v2\/posts\/138181","targetHints":{"allow":["GET"]}}],"collection":[{"href":"https:\/\/www.europesays.com\/fi\/wp-json\/wp\/v2\/posts"}],"about":[{"href":"https:\/\/www.europesays.com\/fi\/wp-json\/wp\/v2\/types\/post"}],"author":[{"embeddable":true,"href":"https:\/\/www.europesays.com\/fi\/wp-json\/wp\/v2\/users\/2"}],"replies":[{"embeddable":true,"href":"https:\/\/www.europesays.com\/fi\/wp-json\/wp\/v2\/comments?post=138181"}],"version-history":[{"count":0,"href":"https:\/\/www.europesays.com\/fi\/wp-json\/wp\/v2\/posts\/138181\/revisions"}],"wp:featuredmedia":[{"embeddable":true,"href":"https:\/\/www.europesays.com\/fi\/wp-json\/wp\/v2\/media\/138182"}],"wp:attachment":[{"href":"https:\/\/www.europesays.com\/fi\/wp-json\/wp\/v2\/media?parent=138181"}],"wp:term":[{"taxonomy":"category","embeddable":true,"href":"https:\/\/www.europesays.com\/fi\/wp-json\/wp\/v2\/categories?post=138181"},{"taxonomy":"post_tag","embeddable":true,"href":"https:\/\/www.europesays.com\/fi\/wp-json\/wp\/v2\/tags?post=138181"}],"curies":[{"name":"wp","href":"https:\/\/api.w.org\/{rel}","templated":true}]}}