{"id":138187,"date":"2026-01-10T01:15:07","date_gmt":"2026-01-10T01:15:07","guid":{"rendered":"https:\/\/www.europesays.com\/fi\/138187\/"},"modified":"2026-01-10T01:15:07","modified_gmt":"2026-01-10T01:15:07","slug":"kalle-rovanpera-debytoi-raju-tilanne-pudotti-suomalaisen","status":"publish","type":"post","link":"https:\/\/www.europesays.com\/fi\/138187\/","title":{"rendered":"Kalle Rovanper\u00e4 debytoi \u2013 raju tilanne pudotti suomalaisen"},"content":{"rendered":"<p>Kalle Rovanper\u00e4n avauskilpailussa riitti tapahtumia.<\/p>\n<p class=\"article-body mb-nof-24 px-nof-16\">Suomen huippukuljettaja <a class=\"font-bold underline-offset-[0.12em] [text-decoration:var(--person-link-text-decoration)] ![text-decoration-color:var(--person-link-text-decoration-color)]\" href=\"https:\/\/www.is.fi\/haku\/?query=Kalle%20Rovanper%C3%A4\" rel=\"nofollow noopener\" target=\"_blank\">Kalle Rovanper\u00e4<\/a> oli debyyttikisassaan 17:s Oseanian Formula Regional -sarjassa. Rovanper\u00e4 l\u00e4hti kisaan 16. ruudusta.<\/p>\n<p class=\"article-body mb-nof-24 px-nof-16\">Voiton vei toisesta ruudusta l\u00e4htenyt <a class=\"font-bold underline-offset-[0.12em] [text-decoration:var(--person-link-text-decoration)] ![text-decoration-color:var(--person-link-text-decoration-color)]\" href=\"https:\/\/www.is.fi\/haku\/?query=Louis%20Sharp\" rel=\"nofollow noopener\" target=\"_blank\">Louis Sharp<\/a>, joka ohitti paalulta startanneen <a class=\"font-bold underline-offset-[0.12em] [text-decoration:var(--person-link-text-decoration)] ![text-decoration-color:var(--person-link-text-decoration-color)]\" href=\"https:\/\/www.is.fi\/haku\/?query=Ugo%20Ugochukwun\" rel=\"nofollow noopener\" target=\"_blank\">Ugo Ugochukwun<\/a> komeasti heti l\u00e4hd\u00f6ss\u00e4. Rovanper\u00e4n tallikaveri <a class=\"font-bold underline-offset-[0.12em] [text-decoration:var(--person-link-text-decoration)] ![text-decoration-color:var(--person-link-text-decoration-color)]\" href=\"https:\/\/www.is.fi\/haku\/?query=Kanato%20Le\" rel=\"nofollow noopener\" target=\"_blank\">Kanato Le<\/a> oli kolmas.<\/p>\n<p class=\"article-body mb-nof-24 px-nof-16\">Suomalaist\u00e4hden kannalta ratkaisevin tilanne n\u00e4htiin viidennell\u00e4 kierroksella, kun Hitech-tallin kuski ajoi kilpaa takanaan ollutta <a class=\"font-bold underline-offset-[0.12em] [text-decoration:var(--person-link-text-decoration)] ![text-decoration-color:var(--person-link-text-decoration-color)]\" href=\"https:\/\/www.is.fi\/haku\/?query=Ricardo%20Baptistaa\" rel=\"nofollow noopener\" target=\"_blank\">Ricardo Baptistaa<\/a> vastaan.<\/p>\n<p class=\"article-body mb-nof-24 px-nof-16\">Kilpailutilanteessa radan ulkolinjalle j\u00e4\u00e4nyt Rovanper\u00e4 ajautui kovasta vauhdista nurmikolle ja putosi viimeist\u00e4 edelliseksi 19 kuljettajan kilpailussa. H\u00e4n oli ennen v\u00e4likohtausta sijalla 16.<\/p>\n<p class=\"article-body mb-nof-24 px-nof-16\">\u2013\u2009Tuo on osa Kallen oppimisprosessia, asiantuntija <a class=\"font-bold underline-offset-[0.12em] [text-decoration:var(--person-link-text-decoration)] ![text-decoration-color:var(--person-link-text-decoration-color)]\" href=\"https:\/\/www.is.fi\/haku\/?query=Andrew%20Waite\" rel=\"nofollow noopener\" target=\"_blank\">Andrew Waite<\/a> kommentoi tilannetta selostamossa.<\/p>\n<p class=\"article-body mb-nof-24 px-nof-16\">\u2013\u2009N\u00e4in h\u00e4n n\u00e4kee, miten aerodynamiikka toimii kilpailussa. Rallissa ei seurata muita autoja, siell\u00e4 olet itsekseen. Nyt h\u00e4n oppii n\u00e4it\u00e4 asioita lennosta, Waite jatkoi.<\/p>\n<p class=\"article-body mb-nof-24 px-nof-16\">Rovanper\u00e4 nousi lopulta sijalla yl\u00f6sp\u00e4in, kun h\u00e4n ohitti <a class=\"font-bold underline-offset-[0.12em] [text-decoration:var(--person-link-text-decoration)] ![text-decoration-color:var(--person-link-text-decoration-color)]\" href=\"https:\/\/www.is.fi\/haku\/?query=Cooper%20Shipmanin\" rel=\"nofollow noopener\" target=\"_blank\">Cooper Shipmanin<\/a> muutamaa kierrosta my\u00f6hemmin. Tasaisesti k\u00e4rjelle j\u00e4\u00e4nyt Rovanper\u00e4 onnistui viel\u00e4 ajamaan Baptistan kiinni, muttei p\u00e4\u00e4ssyt t\u00e4m\u00e4n ohitse lyhyehk\u00f6n kilpailun aikana.<\/p>\n<p class=\"article-body mb-nof-24 px-nof-16\">Rovanper\u00e4n debyyttiviikonlopun toinen osakilpailu Hampton Downsin radalla ajetaan hieman aamunelj\u00e4n j\u00e4lkeen.<\/p>\n<p class=\"article-body mb-nof-24 px-nof-16\">Kaikki sarjan nelj\u00e4 kisaviikonvaihdetta ajetaan Uudessa-Seelannissa.<\/p>\n","protected":false},"excerpt":{"rendered":"Kalle Rovanper\u00e4n avauskilpailussa riitti tapahtumia. Suomen huippukuljettaja Kalle Rovanper\u00e4 oli debyyttikisassaan 17:s Oseanian Formula Regional -sarjassa. Rovanper\u00e4 l\u00e4hti&hellip;\n","protected":false},"author":2,"featured_media":138188,"comment_status":"","ping_status":"","sticky":false,"template":"","format":"standard","meta":{"footnotes":""},"categories":[136],"tags":[407,137,33,31,30,34,408,32,109],"class_list":{"0":"post-138187","1":"post","2":"type-post","3":"status-publish","4":"format-standard","5":"has-post-thumbnail","7":"category-julkkikset","8":"tag-celebrities","9":"tag-entertainment","10":"tag-fi","11":"tag-finland","12":"tag-finnish","13":"tag-ilta-sanomat","14":"tag-julkkikset","15":"tag-suomi","16":"tag-viihde"},"share_on_mastodon":{"url":"https:\/\/pubeurope.com\/@fi\/115868160696939461","error":""},"_links":{"self":[{"href":"https:\/\/www.europesays.com\/fi\/wp-json\/wp\/v2\/posts\/138187","targetHints":{"allow":["GET"]}}],"collection":[{"href":"https:\/\/www.europesays.com\/fi\/wp-json\/wp\/v2\/posts"}],"about":[{"href":"https:\/\/www.europesays.com\/fi\/wp-json\/wp\/v2\/types\/post"}],"author":[{"embeddable":true,"href":"https:\/\/www.europesays.com\/fi\/wp-json\/wp\/v2\/users\/2"}],"replies":[{"embeddable":true,"href":"https:\/\/www.europesays.com\/fi\/wp-json\/wp\/v2\/comments?post=138187"}],"version-history":[{"count":0,"href":"https:\/\/www.europesays.com\/fi\/wp-json\/wp\/v2\/posts\/138187\/revisions"}],"wp:featuredmedia":[{"embeddable":true,"href":"https:\/\/www.europesays.com\/fi\/wp-json\/wp\/v2\/media\/138188"}],"wp:attachment":[{"href":"https:\/\/www.europesays.com\/fi\/wp-json\/wp\/v2\/media?parent=138187"}],"wp:term":[{"taxonomy":"category","embeddable":true,"href":"https:\/\/www.europesays.com\/fi\/wp-json\/wp\/v2\/categories?post=138187"},{"taxonomy":"post_tag","embeddable":true,"href":"https:\/\/www.europesays.com\/fi\/wp-json\/wp\/v2\/tags?post=138187"}],"curies":[{"name":"wp","href":"https:\/\/api.w.org\/{rel}","templated":true}]}}