{"id":138193,"date":"2026-01-10T01:26:19","date_gmt":"2026-01-10T01:26:19","guid":{"rendered":"https:\/\/www.europesays.com\/fi\/138193\/"},"modified":"2026-01-10T01:26:19","modified_gmt":"2026-01-10T01:26:19","slug":"vanhan-paloaseman-koneellinen-purku-alkaa-12-1-pakkasvarauksella","status":"publish","type":"post","link":"https:\/\/www.europesays.com\/fi\/138193\/","title":{"rendered":"Vanhan paloaseman koneellinen purku alkaa 12.1. pakkasvarauksella"},"content":{"rendered":"<p><img fetchpriority=\"high\" decoding=\"async\" width=\"1024\" height=\"628\" src=\"https:\/\/www.europesays.com\/fi\/wp-content\/uploads\/2026\/01\/vanha-paloasema_talvi-1024x628.jpg\" alt=\"Rauman vanha paloasema talvella kuvattuna.\" class=\"wp-image-74411\"  \/><\/p>\n<p>Rauman vanhan paloaseman koneellinen purkuty\u00f6 alkaa maanantaina 12.1., mik\u00e4li pakkasasteet pysyv\u00e4t enint\u00e4\u00e4n 15 asteessa.<\/p>\n<p>\u2013 Kova pakkanen tuo purkuty\u00f6h\u00f6n haasteita ja riskej\u00e4 \u2013 esimerkiksi koneiden toiminta heikkenee, p\u00f6lynsidonta vaikeutuu ja ty\u00f6turvallisuus heikentyy. Lis\u00e4ksi kylmyys voi aiheuttaa muutoksia purettaviin rakenteisiin, k\u00e4ytt\u00f6p\u00e4\u00e4llikk\u00f6 <strong>Pekka Yli-Kauhaluoma<\/strong> kertoo.<\/p>\n<p>Purkuty\u00f6 etenee vaiheittain<\/p>\n<p>Rakennuksen sis\u00e4- ja asbestipurku on saatu p\u00e4\u00e4t\u00f6kseen. Massiivipurku alkaa ensi maanantaina paloaseman l\u00e4nsip\u00e4\u00e4dyst\u00e4, purkuty\u00f6t kest\u00e4v\u00e4t noin kaksi viikkoa. Ensimm\u00e4isess\u00e4 vaiheessa puretaan letkutorni, mik\u00e4 kest\u00e4\u00e4 arviolta nelj\u00e4 p\u00e4iv\u00e4\u00e4.<\/p>\n<p>T\u00e4m\u00e4n j\u00e4lkeen vuorossa on alueh\u00e4lytyskeskuksen purku, jonka arvioitu kesto on viisi p\u00e4iv\u00e4\u00e4. Sen j\u00e4lkeen puretaan harjoitustilat ja muut rakenteet kahden p\u00e4iv\u00e4n aikana. Viimeisen\u00e4 purkuvuorossa on paloaseman loppuosa, mik\u00e4 vie noin kolme p\u00e4iv\u00e4\u00e4.<\/p>\n<p>Purkuty\u00f6 ei vaikuta l\u00e4hialueen liikennej\u00e4rjestelyihin, mutta j\u00e4tekuljetuksia tehd\u00e4\u00e4n t\u00f6iden aikana useita kertoja p\u00e4iv\u00e4ss\u00e4. Purkuj\u00e4te kuljetetaan kuorma-autoilla lajiteltuna eri vastaanottajille materiaalin mukaan. Kierr\u00e4tyskelpoiset materiaalit hy\u00f6dynnet\u00e4\u00e4n, esimerkiksi betoni murskataan ja k\u00e4ytet\u00e4\u00e4n uudelleen.<\/p>\n<p>Vanhan paloaseman maanp\u00e4\u00e4llisten rakenteiden purkut\u00f6iden on tarkoitus valmistua tammikuun 2026 aikana. P\u00e4\u00e4urakoitsijana toimii Rakennus Jalonen Oy.<\/p>\n<p>Rauman uusi paloasema on toiminut Kodisjoentien varressa vuodesta 2024 alkaen. Vanha paloasema tuli k\u00e4ytt\u00f6ik\u00e4ns\u00e4 p\u00e4\u00e4h\u00e4n, eik\u00e4 peruskorjaus ollut en\u00e4\u00e4 tarkoituksenmukaista.<\/p>\n<p>\nSaatat olla kiinnostunut my\u00f6s n\u00e4ist\u00e4\n<\/p>\n<ul class=\"columns-2 related-posts is-style-border-radius-and-border wp-block-post-template is-layout-grid wp-container-core-post-template-is-layout-02493678 wp-block-post-template-is-layout-grid\">\n<li class=\"wp-block-post post-74485 post type-post status-publish format-standard has-post-thumbnail hentry category-ajankohtaista\">\n<img loading=\"lazy\" decoding=\"async\" width=\"750\" height=\"500\" src=\"https:\/\/www.europesays.com\/fi\/wp-content\/uploads\/2026\/01\/rauman-satama-ilmakuva-750x500.jpg\" class=\"attachment-medium-large size-medium-large wp-post-image\" alt=\"\" style=\"width:100%;height:100%;object-fit:cover;\"  \/><\/p>\n<\/li>\n<li class=\"wp-block-post post-74360 post type-post status-publish format-standard has-post-thumbnail hentry category-ajankohtaista category-rauman-vesi\">\n<img loading=\"lazy\" decoding=\"async\" width=\"750\" height=\"500\" src=\"https:\/\/www.europesays.com\/fi\/wp-content\/uploads\/2026\/01\/vesimittari-750x500.jpg\" class=\"attachment-medium-large size-medium-large wp-post-image\" alt=\"\" style=\"width:100%;height:100%;object-fit:cover;\"  \/><\/p>\n<\/li>\n<\/ul>\n","protected":false},"excerpt":{"rendered":"Rauman vanhan paloaseman koneellinen purkuty\u00f6 alkaa maanantaina 12.1., mik\u00e4li pakkasasteet pysyv\u00e4t enint\u00e4\u00e4n 15 asteessa. \u2013 Kova pakkanen tuo&hellip;\n","protected":false},"author":2,"featured_media":138194,"comment_status":"","ping_status":"","sticky":false,"template":"","format":"standard","meta":{"footnotes":""},"categories":[76],"tags":[79,77,33,31,30,32,78],"class_list":{"0":"post-138193","1":"post","2":"type-post","3":"status-publish","4":"format-standard","5":"has-post-thumbnail","7":"category-talous","8":"tag-business","9":"tag-economy","10":"tag-fi","11":"tag-finland","12":"tag-finnish","13":"tag-suomi","14":"tag-talous"},"share_on_mastodon":{"url":"https:\/\/pubeurope.com\/@fi\/115868204119550897","error":""},"_links":{"self":[{"href":"https:\/\/www.europesays.com\/fi\/wp-json\/wp\/v2\/posts\/138193","targetHints":{"allow":["GET"]}}],"collection":[{"href":"https:\/\/www.europesays.com\/fi\/wp-json\/wp\/v2\/posts"}],"about":[{"href":"https:\/\/www.europesays.com\/fi\/wp-json\/wp\/v2\/types\/post"}],"author":[{"embeddable":true,"href":"https:\/\/www.europesays.com\/fi\/wp-json\/wp\/v2\/users\/2"}],"replies":[{"embeddable":true,"href":"https:\/\/www.europesays.com\/fi\/wp-json\/wp\/v2\/comments?post=138193"}],"version-history":[{"count":0,"href":"https:\/\/www.europesays.com\/fi\/wp-json\/wp\/v2\/posts\/138193\/revisions"}],"wp:featuredmedia":[{"embeddable":true,"href":"https:\/\/www.europesays.com\/fi\/wp-json\/wp\/v2\/media\/138194"}],"wp:attachment":[{"href":"https:\/\/www.europesays.com\/fi\/wp-json\/wp\/v2\/media?parent=138193"}],"wp:term":[{"taxonomy":"category","embeddable":true,"href":"https:\/\/www.europesays.com\/fi\/wp-json\/wp\/v2\/categories?post=138193"},{"taxonomy":"post_tag","embeddable":true,"href":"https:\/\/www.europesays.com\/fi\/wp-json\/wp\/v2\/tags?post=138193"}],"curies":[{"name":"wp","href":"https:\/\/api.w.org\/{rel}","templated":true}]}}