{"id":138195,"date":"2026-01-10T01:27:07","date_gmt":"2026-01-10T01:27:07","guid":{"rendered":"https:\/\/www.europesays.com\/fi\/138195\/"},"modified":"2026-01-10T01:27:07","modified_gmt":"2026-01-10T01:27:07","slug":"putinin-apuri-uhkailee-kaja-kallasta","status":"publish","type":"post","link":"https:\/\/www.europesays.com\/fi\/138195\/","title":{"rendered":"Putinin apuri uhkailee Kaja Kallasta"},"content":{"rendered":"<p>T\u00e4h\u00e4n artikkeliin on koottu Ukrainan sodan keskeisimm\u00e4t tapahtumat perjantailta 9. tammikuuta 2026. Kyseess\u00e4 on sodan 1416. p\u00e4iv\u00e4.<\/p>\n<p><img decoding=\"async\" class=\"image image-show image-preview\" src=\"https:\/\/www.europesays.com\/fi\/wp-content\/uploads\/2026\/01\/e8e92486c34042c7b871d26f152ba702affcef776317ff6c1ff2b7264aa852d1.jpg\" alt=\"\"\/><img decoding=\"async\" class=\"image image-show\" src=\"https:\/\/www.europesays.com\/fi\/wp-content\/uploads\/2026\/01\/1768008427_915_e8e92486c34042c7b871d26f152ba702affcef776317ff6c1ff2b7264aa852d1.jpg\" alt=\"\"\/><\/p>\n<p>Euroopan unionin ulko- ja turvallisuuspolitiikan korkea edustaja Kaja Kallas.  EPA\/AOP<\/p>\n<ul>\n<li>Italian p\u00e4\u00e4ministerin mukaan Euroopan pit\u00e4isi keskustella Ven\u00e4j\u00e4n kanssa. <\/li>\n<li>Ven\u00e4j\u00e4 iski Ukrainaan Ore\u0161nik-ohjuksella. <\/li>\n<li>Ven\u00e4j\u00e4n mukaan kyseess\u00e4 oli kosto. <\/li>\n<\/ul>\n<p class=\"paragraph\">Ven\u00e4j\u00e4n presidentti <strong>Vladimir Putinin<\/strong> erityisedustaja, investointirahasto RDIF:n johtaja <strong>Kirill Dmitriev<\/strong> esitti perjantaina uhkauksen Euroopan unionin ulko- ja turvallisuuspolitiikan korkealle edustajalle <strong>Kaja Kallakselle<\/strong>.<\/p>\n<p class=\"paragraph\">Dmitrievin mukaan mik\u00e4\u00e4n ilmatorjuntaj\u00e4rjestelm\u00e4 ei pysty torjumaan Ven\u00e4j\u00e4n Ore\u0161nik-ohjuksia.<\/p>\n<p class=\"paragraph\">\u2013 Kaja Kallas ei ole erityisen fiksu tai tiet\u00e4v\u00e4, mutta jopa h\u00e4nen pit\u00e4isi ymm\u00e4rt\u00e4\u00e4, ett\u00e4 ei ole ilmatorjuntaa hypersoonista Ore\u0161nik-ohjusta vastaan, h\u00e4n kirjoitti ivallisen s\u00e4vyyn X:ss\u00e4 Ven\u00e4j\u00e4n valtiollisen uutistoimisto <a href=\"https:\/\/tass.ru\/politika\/26114041\" target=\"_blank\" rel=\"noopener nofollow\">Tassin<\/a> mukaan.<\/p>\n<p class=\"paragraph\">Dmitriev korosti ohjuksen nopeutta, joka vaikeuttaa sen torjumista.<\/p>\n<p class=\"paragraph\">Putin on v\u00e4itt\u00e4nyt, ett\u00e4 Ore\u0161nik on mahdoton torjua, ja ett\u00e4 sen tuhovoima olisi verrattavissa ydinaseeseen. Jotkut l\u00e4nsimaiset analyytikot pit\u00e4v\u00e4t Putinin v\u00e4itteit\u00e4 liioiteltuina, kertoo uutistoimisto <a href=\"https:\/\/www.reuters.com\/business\/aerospace-defense\/what-is-oreshnik-missile-that-russia-has-fired-ukraine-2026-01-09\/\" target=\"_blank\" rel=\"noopener nofollow\">Reuters<\/a>.<\/p>\n<p class=\"paragraph\">Joulukuussa 2024 yhdysvaltalaiset viranomaiset sanoivat, ettei asetta pidet\u00e4 niin merkitt\u00e4v\u00e4n\u00e4, ett\u00e4 se muuttaisi pelin taistelukentill\u00e4. Heid\u00e4n mukaansa kyse on kokeellisesta aseesta, joita Ven\u00e4j\u00e4ll\u00e4 on vain muutamia. Ven\u00e4j\u00e4 on sittemmin aloittanut niiden sarjatuotannon.<\/p>\n<p>Meloni: Euroopan pit\u00e4isi puhua Ven\u00e4j\u00e4n kanssa<\/p>\n<p class=\"paragraph\">Italian p\u00e4\u00e4ministeri <a href=\"https:\/\/www.iltalehti.fi\/henkilot\/Giorgia Meloni\" class=\"article-link-person-page\" rel=\"nofollow noopener\" target=\"_blank\">Giorgia Melonin<\/a> mukaan Euroopan pit\u00e4isi avata j\u00e4lleen keskusteluyhteys Ven\u00e4j\u00e4n kanssa. Asiasta kertoo uutistoimisto Reuters.<\/p>\n<p class=\"paragraph\">Melonin mukaan on kuitenkin liian aikaista toivottaa Ven\u00e4j\u00e4 takaisin G8-ryhm\u00e4\u00e4n.<\/p>\n<p class=\"paragraph\">Meloni sanoo olevansa samaa mielt\u00e4 Ranskan presidentti <a href=\"https:\/\/www.iltalehti.fi\/henkilot\/Emmanuel Macron\" class=\"article-link-person-page\" rel=\"nofollow noopener\" target=\"_blank\">Emmanuel Macronin<\/a> kanssa, joka \u00e4skett\u00e4in kehotti Eurooppaa toimimaan yhdess\u00e4 Moskovan kanssa, jotta Ukrainan sota saataisiin loppumaan.<\/p>\n<p>Italian p\u00e4\u00e4ministeri Giorgia Meloni.  ETTORE FERRARI, EPA\/AOP<\/p>\n<p class=\"paragraph\">\u2013 Mielest\u00e4ni Macron on oikeassa t\u00e4ss\u00e4 asiassa. Uskon, ett\u00e4 on tullut aika, ett\u00e4 my\u00f6s Eurooppa puhuisi Ven\u00e4j\u00e4n kanssa.<\/p>\n<p class=\"paragraph\">\u2013 Koska jos Eurooppa p\u00e4\u00e4tt\u00e4\u00e4 osallistua t\u00e4h\u00e4n neuvotteluvaiheeseen keskustelemalla vain yhden osapuolen kanssa n\u00e4ist\u00e4 kahdesta, pelk\u00e4\u00e4n, ett\u00e4 tulos, joka voidaan saada, on rajoitettu.<\/p>\n<p>Ven\u00e4j\u00e4: Y\u00f6llisiss\u00e4 iskuissa kyse kostosta<\/p>\n<p class=\"paragraph\">Ven\u00e4j\u00e4n mukaan sen y\u00f6n aikana tekem\u00e4t iskut olivat kosto Ukrainan v\u00e4itetyst\u00e4 iskuyrityksest\u00e4 Ven\u00e4j\u00e4n presidentin <a href=\"https:\/\/www.iltalehti.fi\/henkilot\/Vladimir Putin\" class=\"article-link-person-page\" rel=\"nofollow noopener\" target=\"_blank\">Vladimir Putinin<\/a> asuntoon viime vuoden lopussa, uutistoimisto Reuters kertoo.<\/p>\n<p class=\"paragraph\">Ven\u00e4j\u00e4n armeija kertoo iskeneens\u00e4 Ukrainaan Ore\u0161nik-ohjuksella osana viime y\u00f6n massiivista energialaitoksiin sek\u00e4 droonitehtaisiin kohdistunutta hy\u00f6kk\u00e4yst\u00e4.<\/p>\n<p class=\"paragraph\">Ven\u00e4j\u00e4n puolustusministeri\u00f6n julkaiseman lausunnon mukaan iskut olivat vastaus Putinin residenssiin kohdistuneeseen iskuyritykseen.<\/p>\n<p class=\"paragraph\">Ukraina on kutsunut v\u00e4itteit\u00e4 Putinin asuntoon kohdistuneesta hy\u00f6kk\u00e4yksest\u00e4 valheellisiksi.<\/p>\n<p>Puolet kiovalaisista kerrostaloista ilman l\u00e4mmityst\u00e4<\/p>\n<p class=\"paragraph\">Puolet kiovalaisista kerrostaloista on t\u00e4ll\u00e4 hetkell\u00e4 ilman l\u00e4mmityst\u00e4 Ven\u00e4j\u00e4n iskujen seurauksena, kaupungin pormestari <strong>Vitali Klit\u0161ko<\/strong> kirjoittaa viestipalvelu Telegramissa.<\/p>\n<p class=\"paragraph\">Pormestari kehotti kiovalaisia l\u00e4htem\u00e4\u00e4n kaupungista, mik\u00e4li mahdollista.<\/p>\n<p class=\"paragraph\">\u2013 Jos teill\u00e4 on mahdollisuus l\u00e4hte\u00e4 v\u00e4liaikaisesti kaupungin ulkopuolelle, miss\u00e4 on vaihtoehtoisia energian- ja l\u00e4mm\u00f6nl\u00e4hteit\u00e4, tehk\u00e4\u00e4 niin.<\/p>\n<p class=\"paragraph\">L\u00e4mmityksen katkeamisen lis\u00e4ksi kaupungissa on my\u00f6s vesikatkoja.<\/p>\n<p class=\"paragraph\">Tilannetta pahentaa se, ett\u00e4 s\u00e4\u00e4olosuhteet ovat Klit\u0161kon mukaan l\u00e4hip\u00e4ivin\u00e4 vaikeat. Kiovassa on Forecan mukaan puolen p\u00e4iv\u00e4n aikaan 8 astetta. L\u00e4mp\u00f6tila tuntuu kuitenkin -14 asteelta.<\/p>\n<p>Ukraina: Ven\u00e4j\u00e4 iski suurl\u00e4hetyst\u00f6\u00f6n<\/p>\n<p class=\"paragraph\">Ukraina v\u00e4itt\u00e4\u00e4 Ven\u00e4j\u00e4n iskujen vahingoittaneen kaikkiaan 20 asuinrakennusta Kiovassa ja sen esikaupunkialueella, uutistoimisto Reuters uutisoi.<\/p>\n<p class=\"paragraph\">Asiasta kertoi Ukrainan presidentti <a href=\"https:\/\/www.iltalehti.fi\/henkilot\/Volodymyr Zelenskyi\" class=\"article-link-person-page\" rel=\"nofollow noopener\" target=\"_blank\">Volodymyr Zelenskyi<\/a>.<\/p>\n<p class=\"paragraph\">Zelenskyin mukaan Ven\u00e4j\u00e4 iski my\u00f6s Qatarin suurl\u00e4hetyst\u00f6\u00f6n.<\/p>\n<p class=\"paragraph\">Presidentti kertoi nelj\u00e4n ihmisen kuolleen iskuissa.<\/p>\n<p>Kuvern\u00f6\u00f6ri: Yli puoli miljoonaa ihmist\u00e4 ilman s\u00e4hk\u00f6\u00e4 Ven\u00e4j\u00e4ll\u00e4<\/p>\n<p class=\"paragraph\">Belgorodin kuvern\u00f6\u00f6rin mukaan yli puoli miljoonaa ihmist\u00e4 on ilman s\u00e4hk\u00f6\u00e4 Ven\u00e4j\u00e4n Belgorodissa Ukrainan iskujen vuoksi, uutistoimisto AFP kertoo.<\/p>\n<p class=\"paragraph\">Kuvern\u00f6\u00f6ri <strong>Vjat\u0161eslav Gladkovin<\/strong> mukaan l\u00e4hes yht\u00e4 monella ihmisell\u00e4 ei ole t\u00e4ll\u00e4 hetkell\u00e4 l\u00e4mmityst\u00e4. Gladkovin mukaan l\u00e4mmitys ei toimi 1 920 kerrostalossa.<\/p>\n<p class=\"paragraph\">T\u00e4m\u00e4n lis\u00e4ksi l\u00e4hes 200 000 ihmist\u00e4 on t\u00e4ll\u00e4 hetkell\u00e4 ilman vett\u00e4 ja viem\u00e4r\u00f6inti\u00e4.<\/p>\n<p class=\"paragraph\">\u2013 Valitettavasti t\u00e4n\u00e4\u00e4n ei ole hyv\u00e4 aamu. Tilanne on hyvin vaikea, Gladkov kirjoitti viestipalvelu Telegramissa.<\/p>\n<p class=\"paragraph\">Belgorod sijaitsee L\u00e4nsi-Ven\u00e4j\u00e4ll\u00e4 l\u00e4hell\u00e4 Ukrainan vastaista rajaa.<\/p>\n<p>Ven\u00e4j\u00e4 iski Kiovaan: Kaksi kuollutta<\/p>\n<p class=\"paragraph\">Ven\u00e4j\u00e4 teki laajan drooni- ja ohjusiskun Kiovaan ja Lviviin perjantain vastaisena y\u00f6n\u00e4 puoleny\u00f6n aikaan paikallista aikaa, kertoo ukrainalaislehti Kyiv Independent.<\/p>\n<p class=\"paragraph\">Lvivin paikallisten viranomaisten mukaan kriittinen infrastruktuuri oli iskujen kohteena.<\/p>\n<p class=\"paragraph\">Kiovassa drooni-isku on aiheuttanut tulipaloja, kaupungin pormestari Vitali Klyt\u0161ko kertoo uutistoimisto Reutersin mukaan.<\/p>\n<p class=\"paragraph\">Iskussa Kiovaan kuoli kaksi henkil\u00f6\u00e4 ja ainakin viisi loukkaantui, Klyt\u0161ko sanoi uutistoimisto AFP:n mukaan.<\/p>\n","protected":false},"excerpt":{"rendered":"T\u00e4h\u00e4n artikkeliin on koottu Ukrainan sodan keskeisimm\u00e4t tapahtumat perjantailta 9. tammikuuta 2026. Kyseess\u00e4 on sodan 1416. p\u00e4iv\u00e4. Euroopan&hellip;\n","protected":false},"author":2,"featured_media":138196,"comment_status":"","ping_status":"","sticky":false,"template":"","format":"standard","meta":{"footnotes":""},"categories":[14],"tags":[35,22,23,26,27,33,31,30,17,24,25,28,29,15,18,21,142,637,144,32,19,20,56,16,1262,1665,59,60,61],"class_list":{"0":"post-138195","1":"post","2":"type-post","3":"status-publish","4":"format-standard","5":"has-post-thumbnail","7":"category-ulkomaat","8":"tag-24h","9":"tag-breaking-news","10":"tag-breakingnews","11":"tag-featured-news","12":"tag-featurednews","13":"tag-fi","14":"tag-finland","15":"tag-finnish","16":"tag-headlines","17":"tag-latest-news","18":"tag-latestnews","19":"tag-main-news","20":"tag-mainnews","21":"tag-news","22":"tag-otsikot","23":"tag-paauutiset","24":"tag-poliitikot","25":"tag-politiikka","26":"tag-presidentti","27":"tag-suomi","28":"tag-top-stories","29":"tag-topstories","30":"tag-ulkomaat","31":"tag-uutiset","32":"tag-venajan-politiikka","33":"tag-venalaiset-poliitikot","34":"tag-world","35":"tag-world-news","36":"tag-worldnews"},"share_on_mastodon":{"url":"https:\/\/pubeurope.com\/@fi\/115868207911876646","error":""},"_links":{"self":[{"href":"https:\/\/www.europesays.com\/fi\/wp-json\/wp\/v2\/posts\/138195","targetHints":{"allow":["GET"]}}],"collection":[{"href":"https:\/\/www.europesays.com\/fi\/wp-json\/wp\/v2\/posts"}],"about":[{"href":"https:\/\/www.europesays.com\/fi\/wp-json\/wp\/v2\/types\/post"}],"author":[{"embeddable":true,"href":"https:\/\/www.europesays.com\/fi\/wp-json\/wp\/v2\/users\/2"}],"replies":[{"embeddable":true,"href":"https:\/\/www.europesays.com\/fi\/wp-json\/wp\/v2\/comments?post=138195"}],"version-history":[{"count":0,"href":"https:\/\/www.europesays.com\/fi\/wp-json\/wp\/v2\/posts\/138195\/revisions"}],"wp:featuredmedia":[{"embeddable":true,"href":"https:\/\/www.europesays.com\/fi\/wp-json\/wp\/v2\/media\/138196"}],"wp:attachment":[{"href":"https:\/\/www.europesays.com\/fi\/wp-json\/wp\/v2\/media?parent=138195"}],"wp:term":[{"taxonomy":"category","embeddable":true,"href":"https:\/\/www.europesays.com\/fi\/wp-json\/wp\/v2\/categories?post=138195"},{"taxonomy":"post_tag","embeddable":true,"href":"https:\/\/www.europesays.com\/fi\/wp-json\/wp\/v2\/tags?post=138195"}],"curies":[{"name":"wp","href":"https:\/\/api.w.org\/{rel}","templated":true}]}}