{"id":138197,"date":"2026-01-10T01:28:08","date_gmt":"2026-01-10T01:28:08","guid":{"rendered":"https:\/\/www.europesays.com\/fi\/138197\/"},"modified":"2026-01-10T01:28:08","modified_gmt":"2026-01-10T01:28:08","slug":"hannes-myrsky-kaatoi-puita-pohjanmaalla-kunnat-kieltavat-omatoimisen-raivaamisen-kuntien-mailla-pohjanmaa","status":"publish","type":"post","link":"https:\/\/www.europesays.com\/fi\/138197\/","title":{"rendered":"Hannes-myrsky kaatoi puita Pohjanmaalla \u2013 Kunnat kielt\u00e4v\u00e4t omatoimisen raivaamisen kuntien mailla | Pohjanmaa"},"content":{"rendered":"<p class=\"aw-1gybjub aw-5vja16 kEtdKx kmuxyA yle__article__paragraph\">Hannes-myrskyn kaatamia puita poistetaan kiireellisyysj\u00e4rjestyksess\u00e4.<\/p>\n<p><img decoding=\"async\" alt=\"Kaatuneita puita ja s\u00e4hk\u00f6johtoja Hannes-myrskyn j\u00e4lkeen Sein\u00e4joen Hyllykalliolla. \" src=\"https:\/\/www.europesays.com\/fi\/wp-content\/uploads\/2026\/01\/39-1577705695e210a4fe24.jpeg\" class=\"aw-1l9m598 hKVVvP\"\/><\/p>\n<p>Avaa kuvien katselu<\/p>\n<p>Monet kunnat muistuttavat, ett\u00e4 myrskyn kaatamia puita ei saa k\u00e4sitell\u00e4, siirt\u00e4\u00e4 tai vied\u00e4 pois ilman lupaa. Puiden k\u00e4sittely tulee j\u00e4tt\u00e4\u00e4 ammattilaisille. Kuva: Elina Niemist\u00f6 \/ Yle<\/p>\n<p class=\"aw-1gybjub aw-1p7kakr kEtdKx cEmitX yle__article__paragraph\">Hannes-myrsky runteli laajoja alueita L\u00e4nsi-Suomessa, ja aiheutti tuhoja muun muassa Kaskisissa, Laihialla, Peders\u00f6ress\u00e4 ja Pietarsaaressa.<\/p>\n<p class=\"aw-1gybjub aw-1p7kakr kEtdKx cEmitX yle__article__paragraph\">Kaatuneita ja vaurioituneita puita l\u00f6ytyy muun muassa kuntoratojen, puistojen ja muiden yleisten alueiden l\u00e4heisyydest\u00e4. Esimerkiksi Laihialla erityisesti kirkonkyl\u00e4n kuntoradan ja puistoalueiden l\u00e4heisyydess\u00e4 kehotetaan olemaan varovaisia.<\/p>\n<p class=\"aw-1gybjub aw-1p7kakr kEtdKx cEmitX yle__article__paragraph\">Kunnat muistuttavat, ett\u00e4 myrskyn kaatamia puita ei saa poistaa eik\u00e4 k\u00e4sitell\u00e4 ilman erillist\u00e4 lupaa tai sopimusta.<\/p>\n<p class=\"aw-1gybjub aw-1p7kakr kEtdKx cEmitX yle__article__paragraph\">Pelastuslaitos ja kunnat korostavat, ett\u00e4 myrskytuhoalueilla liikkuminen ja puiden k\u00e4sittely ovat eritt\u00e4in vaarallista.<\/p>\n<p class=\"aw-1gybjub aw-1p7kakr kEtdKx cEmitX yle__article__paragraph\">Kaatuneet ja osittain vaurioituneet puut voivat olla j\u00e4nnityksess\u00e4, jolloin ne voivat kaatua tai liikkua arvaamattomasti. T\u00e4m\u00e4n vuoksi raivaus ja puiden k\u00e4sittely tulee j\u00e4tt\u00e4\u00e4 aina ammattilaisille.<\/p>\n<p class=\"aw-1gybjub aw-1p7kakr kEtdKx cEmitX yle__article__paragraph\">Myrskyn aiheuttamien vahinkojen laajuus on huomattava, ja puiden raivauksen aikatauluista ei viel\u00e4 ole tarkkaa tietoa. Asukkaita pyydet\u00e4\u00e4n k\u00e4rsiv\u00e4llisyyteen ja ymm\u00e4rrykseen tilanteen selvitt\u00e4misess\u00e4.<\/p>\n","protected":false},"excerpt":{"rendered":"Hannes-myrskyn kaatamia puita poistetaan kiireellisyysj\u00e4rjestyksess\u00e4. Avaa kuvien katselu Monet kunnat muistuttavat, ett\u00e4 myrskyn kaatamia puita ei saa k\u00e4sitell\u00e4,&hellip;\n","protected":false},"author":2,"featured_media":138198,"comment_status":"","ping_status":"","sticky":false,"template":"","format":"standard","meta":{"footnotes":""},"categories":[12],"tags":[22,23,26,27,33,31,30,17,1833,4740,24,25,28,29,3381,4058,15,18,21,10521,449,32,19,20,16],"class_list":{"0":"post-138197","1":"post","2":"type-post","3":"status-publish","4":"format-standard","5":"has-post-thumbnail","7":"category-suomi","8":"tag-breaking-news","9":"tag-breakingnews","10":"tag-featured-news","11":"tag-featurednews","12":"tag-fi","13":"tag-finland","14":"tag-finnish","15":"tag-headlines","16":"tag-kunnat","17":"tag-laihia","18":"tag-latest-news","19":"tag-latestnews","20":"tag-main-news","21":"tag-mainnews","22":"tag-myrskyt","23":"tag-myrskytuhot","24":"tag-news","25":"tag-otsikot","26":"tag-paauutiset","27":"tag-pietarsaari","28":"tag-pohjanmaa","29":"tag-suomi","30":"tag-top-stories","31":"tag-topstories","32":"tag-uutiset"},"share_on_mastodon":{"url":"https:\/\/pubeurope.com\/@fi\/115868211925968145","error":""},"_links":{"self":[{"href":"https:\/\/www.europesays.com\/fi\/wp-json\/wp\/v2\/posts\/138197","targetHints":{"allow":["GET"]}}],"collection":[{"href":"https:\/\/www.europesays.com\/fi\/wp-json\/wp\/v2\/posts"}],"about":[{"href":"https:\/\/www.europesays.com\/fi\/wp-json\/wp\/v2\/types\/post"}],"author":[{"embeddable":true,"href":"https:\/\/www.europesays.com\/fi\/wp-json\/wp\/v2\/users\/2"}],"replies":[{"embeddable":true,"href":"https:\/\/www.europesays.com\/fi\/wp-json\/wp\/v2\/comments?post=138197"}],"version-history":[{"count":0,"href":"https:\/\/www.europesays.com\/fi\/wp-json\/wp\/v2\/posts\/138197\/revisions"}],"wp:featuredmedia":[{"embeddable":true,"href":"https:\/\/www.europesays.com\/fi\/wp-json\/wp\/v2\/media\/138198"}],"wp:attachment":[{"href":"https:\/\/www.europesays.com\/fi\/wp-json\/wp\/v2\/media?parent=138197"}],"wp:term":[{"taxonomy":"category","embeddable":true,"href":"https:\/\/www.europesays.com\/fi\/wp-json\/wp\/v2\/categories?post=138197"},{"taxonomy":"post_tag","embeddable":true,"href":"https:\/\/www.europesays.com\/fi\/wp-json\/wp\/v2\/tags?post=138197"}],"curies":[{"name":"wp","href":"https:\/\/api.w.org\/{rel}","templated":true}]}}