{"id":138204,"date":"2026-01-10T01:49:12","date_gmt":"2026-01-10T01:49:12","guid":{"rendered":"https:\/\/www.europesays.com\/fi\/138204\/"},"modified":"2026-01-10T01:49:12","modified_gmt":"2026-01-10T01:49:12","slug":"joel-harkimo-ja-kastanja-rauhala-viettaneet-aikaa-yhdessa-epailee-seiska","status":"publish","type":"post","link":"https:\/\/www.europesays.com\/fi\/138204\/","title":{"rendered":"Joel Harkimo ja Kastanja Rauhala viett\u00e4neet aikaa yhdess\u00e4, ep\u00e4ilee Seiska"},"content":{"rendered":"<p>Purjehtija<strong> Joel Harkimo<\/strong> erosi kes\u00e4ll\u00e4 vaimostaan <strong>Janni Hussista<\/strong>. H\u00e4nell\u00e4 on ep\u00e4ilty sen j\u00e4lkeen olevan vispil\u00e4nkauppaa monien kaunottarien kanssa. Yksi heist\u00e4 oli ryhm\u00e4liikuntaohjaaja <strong>Kerttu Rissanen<\/strong>. Seiskassa julkaistiin heid\u00e4n <a href=\"https:\/\/www.seiska.fi\/vain-seiskassa\/vuoden-luetuimmat-salakuva-joel-harkimo-ja-kerttu-rissanen-helsingin-yossa\/2009458\" target=\"_blank\" rel=\"noreferrer noopener nofollow\">yhteisest\u00e4 illanvietostaan kuvia<\/a>. Silminn\u00e4kij\u00e4n mukaan kaksikko viihtyi hyvin toistensa seurassa.<\/p>\n<p>Lue my\u00f6s: <a href=\"https:\/\/www.como.fi\/uutiset\/joel-harkimo-vaihtoi-taas-maata-vaikuttava-paikka\/\" title=\"Joel Harkimo vaihtoi taas maata \u2013 vaikuttava paikka\" class=\"underline-custom !font-montserrat !font-bold !underline-offset-4 !decoration-4 !decoration-red-600 !text-md\" rel=\"nofollow noopener\" target=\"_blank\">Joel Harkimo vaihtoi taas maata \u2013 vaikuttava paikka<\/a><\/p>\n<p>Kerttu se ei tainnut olla, joka vei Jannin j\u00e4lkeen Joelin syd\u00e4men. Nyt Seiskassa on nimitt\u00e4in uusi ep\u00e4ilys Joelin rakkausel\u00e4m\u00e4st\u00e4. Tai ainakin siit\u00e4, kenen kaunottaren seurassa h\u00e4n on viime aikoina viihtynyt. H\u00e4n on Tanssii t\u00e4htien kanssa -ohjelmasta tuttu tanssinopettaja <strong>Kastanja Rauhala<\/strong>.<\/p>\n<p>Seiskassa on oltu tarkkasilm\u00e4isi\u00e4 ja huomattu Joelin ja Kastanjan somep\u00e4ivityksiss\u00e4 olevan yhtenev\u00e4isyyksi\u00e4. He julkaisivat esimerkiksi jouluna kuvia t\u00e4ysin samann\u00e4k\u00f6isest\u00e4 m\u00f6kist\u00e4, joka sijaitsee Levill\u00e4. Nyt he molemmat ovat kierrelleet Italiaa ja samoissa kohteissa.<\/p>\n<p>T\u00e4llaisia ovat yhtenev\u00e4iset julkaisut<\/p>\n<p>Joel julkaisi jouluna perhekuvan, jossa h\u00e4n poseeraa perheens\u00e4 kanssa Levill\u00e4 sijaitsevassa m\u00f6kiss\u00e4. Julkaisu l\u00f6ytyy alempaa tai <a href=\"https:\/\/www.instagram.com\/p\/DSp8ttvjB7T\/?utm_source=ig_web_copy_link&amp;igsh=MzRlODBiNWFlZA==\" target=\"_blank\" rel=\"noreferrer noopener nofollow\">t\u00e4\u00e4lt\u00e4<\/a>. Alta ja <a href=\"https:\/\/www.instagram.com\/p\/DSqNLkfiLii\/?utm_source=ig_web_copy_link&amp;igsh=MzRlODBiNWFlZA==\" target=\"_blank\" rel=\"noreferrer noopener nofollow\">t\u00e4\u00e4lt\u00e4<\/a> l\u00f6ytyy my\u00f6s Kastanjan itsest\u00e4\u00e4n julkaisema joulukuva. Kyseess\u00e4 on joko t\u00e4ysin samalta n\u00e4ytt\u00e4v\u00e4t Levill\u00e4 sijaitsevat m\u00f6kit tai sama m\u00f6kki.<\/p>\n<p>\u2013 Harkimon poikien perinteinen joulukuva. Hyv\u00e4\u00e4 joulua kaikille, kirjoitti Joel jouluna ja t\u00e4st\u00e4 julkaisusta on tyk\u00e4nnyt monien muiden lis\u00e4ksi my\u00f6s Kastanja.<\/p>\n<p>Lue my\u00f6s: <a href=\"https:\/\/www.como.fi\/uutiset\/joel-harkimo-saapui-tanssii-tahtien-kanssa-yleisoon-yllattavan-naisseuralaisen-kanssa\/\" title=\"Joel Harkimo saapui Tanssii t\u00e4htien kanssa -yleis\u00f6\u00f6n yll\u00e4tt\u00e4v\u00e4n naisseuralaisen kanssa\" class=\"underline-custom !font-montserrat !font-bold !underline-offset-4 !decoration-4 !decoration-red-600 !text-md\" rel=\"nofollow noopener\" target=\"_blank\">Joel Harkimo saapui Tanssii t\u00e4htien kanssa -yleis\u00f6\u00f6n yll\u00e4tt\u00e4v\u00e4n naisseuralaisen kanssa<\/a><\/p>\n<p>\u2013 Ihanaa joulua Levilt\u00e4. Vuosi t\u00e4ynn\u00e4 yll\u00e4tyksi\u00e4 ja ihania asioita, kiitollinen ja onnellinen! Kirjoitti Kastanja joulujulkaisussaan.<\/p>\n<p>Lue my\u00f6s: <a href=\"https:\/\/www.como.fi\/uutiset\/seiska-joel-harkimo-astui-deittimaailmaan-tallaista-seuraa-han-etsii\/\" title=\"Seiska: Joel Harkimo astui deittimaailmaan \u2013 t\u00e4llaista seuraa h\u00e4n etsii\" class=\"underline-custom !font-montserrat !font-bold !underline-offset-4 !decoration-4 !decoration-red-600 !text-md\" rel=\"nofollow noopener\" target=\"_blank\">Seiska: Joel Harkimo astui deittimaailmaan \u2013 t\u00e4llaista seuraa h\u00e4n etsii<\/a><\/p>\n<p>Joel vieraili viime syksyn\u00e4 TTK-katsomossa useaan kertaan. K\u00e4vik\u00f6 h\u00e4n katsomassa siell\u00e4 tubettaja Lakon tanssinopettajana toimivaa Kastanjaa?<\/p>\n<p>L\u00e4hde: <a href=\"https:\/\/www.seiska.fi\/kotimaa\/joel-harkimo-ja-kastanja-rauhala-paljonpuhuvia-kuvia\/2037396\" target=\"_blank\" rel=\"noreferrer noopener nofollow\">Seiska<\/a><\/p>\n<p>Lue my\u00f6s: <a href=\"https:\/\/www.como.fi\/tilaa-comon-uutiskirje\/\" title=\"Tilaa Comon uutiskirje ja tied\u00e4t mist\u00e4 kahvitauolla puhutaan! Nappaa kotimaan tv-vinkit ja puheenaiheet suoraan s\u00e4hk\u00f6postiin t\u00e4st\u00e4.\" class=\"underline-custom !font-montserrat !font-bold !underline-offset-4 !decoration-4 !decoration-red-600 !text-md\" rel=\"nofollow noopener\" target=\"_blank\">Tilaa Comon uutiskirje ja tied\u00e4t mist\u00e4 kahvitauolla puhutaan! Nappaa kotimaan tv-vinkit ja puheenaiheet suoraan s\u00e4hk\u00f6postiin t\u00e4st\u00e4.<\/a><\/p>\n<p>\t\t\t\t<script async src=\"\/\/www.instagram.com\/embed.js\"><\/script><\/p>\n","protected":false},"excerpt":{"rendered":"Purjehtija Joel Harkimo erosi kes\u00e4ll\u00e4 vaimostaan Janni Hussista. H\u00e4nell\u00e4 on ep\u00e4ilty sen j\u00e4lkeen olevan vispil\u00e4nkauppaa monien kaunottarien kanssa.&hellip;\n","protected":false},"author":2,"featured_media":138205,"comment_status":"","ping_status":"","sticky":false,"template":"","format":"standard","meta":{"footnotes":""},"categories":[130],"tags":[137,33,31,30,3520,3055,32,109],"class_list":{"0":"post-138204","1":"post","2":"type-post","3":"status-publish","4":"format-standard","5":"has-post-thumbnail","7":"category-viihde","8":"tag-entertainment","9":"tag-fi","10":"tag-finland","11":"tag-finnish","12":"tag-joel-harkimo","13":"tag-kastanja-rauhala","14":"tag-suomi","15":"tag-viihde"},"share_on_mastodon":{"url":"https:\/\/pubeurope.com\/@fi\/115868294351497579","error":""},"_links":{"self":[{"href":"https:\/\/www.europesays.com\/fi\/wp-json\/wp\/v2\/posts\/138204","targetHints":{"allow":["GET"]}}],"collection":[{"href":"https:\/\/www.europesays.com\/fi\/wp-json\/wp\/v2\/posts"}],"about":[{"href":"https:\/\/www.europesays.com\/fi\/wp-json\/wp\/v2\/types\/post"}],"author":[{"embeddable":true,"href":"https:\/\/www.europesays.com\/fi\/wp-json\/wp\/v2\/users\/2"}],"replies":[{"embeddable":true,"href":"https:\/\/www.europesays.com\/fi\/wp-json\/wp\/v2\/comments?post=138204"}],"version-history":[{"count":0,"href":"https:\/\/www.europesays.com\/fi\/wp-json\/wp\/v2\/posts\/138204\/revisions"}],"wp:featuredmedia":[{"embeddable":true,"href":"https:\/\/www.europesays.com\/fi\/wp-json\/wp\/v2\/media\/138205"}],"wp:attachment":[{"href":"https:\/\/www.europesays.com\/fi\/wp-json\/wp\/v2\/media?parent=138204"}],"wp:term":[{"taxonomy":"category","embeddable":true,"href":"https:\/\/www.europesays.com\/fi\/wp-json\/wp\/v2\/categories?post=138204"},{"taxonomy":"post_tag","embeddable":true,"href":"https:\/\/www.europesays.com\/fi\/wp-json\/wp\/v2\/tags?post=138204"}],"curies":[{"name":"wp","href":"https:\/\/api.w.org\/{rel}","templated":true}]}}