{"id":138210,"date":"2026-01-10T01:54:08","date_gmt":"2026-01-10T01:54:08","guid":{"rendered":"https:\/\/www.europesays.com\/fi\/138210\/"},"modified":"2026-01-10T01:54:08","modified_gmt":"2026-01-10T01:54:08","slug":"pirkanmaan-pelastuslaitos-on-saanut-lampokeskuksen-palon-sammumaan-parkanossa-pirkanmaa","status":"publish","type":"post","link":"https:\/\/www.europesays.com\/fi\/138210\/","title":{"rendered":"Pirkanmaan pelastus\u00adlaitos on saanut l\u00e4mp\u00f6keskuksen palon sammumaan Parkanossa | Pirkanmaa"},"content":{"rendered":"<p class=\"aw-1gybjub aw-5vja16 kEtdKx kmuxyA yle__article__paragraph\">Luoman sahan l\u00e4mp\u00f6keskuksen varastorakennuksessa syttynytt\u00e4 paloa oli sammuttamassa yhdeks\u00e4n yksikk\u00f6\u00e4. Palosta ei aiheutunut henkil\u00f6vahinkoja.<\/p>\n<p><img decoding=\"async\" alt=\"Paloauton ovi, jossa Pirkanmaan pelastuslaitoksen logo.\" src=\"https:\/\/www.europesays.com\/fi\/wp-content\/uploads\/2025\/12\/39-1316012668d5e1c2b5c6.jpeg\" class=\"aw-1l9m598 hKVVvP\"\/><\/p>\n<p>Avaa kuvien katselu<\/p>\n<p>Kuva: Sanni Isom\u00e4ki \/ Yle<\/p>\n<p>9.1. 20:28\u2022P\u00e4ivitetty 9.1. 22:18<\/p>\n<p class=\"aw-1gybjub aw-1p7kakr kEtdKx cEmitX yle__article__paragraph\">Pirkanmaan pelastuslaitos sai h\u00e4lytyksen suuresta rakennuspalosta Parkanossa perjantaina illalla noin kello 20.10.<\/p>\n<p class=\"aw-1gybjub aw-1p7kakr kEtdKx cEmitX yle__article__paragraph\">Pelastuslaitos onnistui sammuttamaan Marjolahdentiell\u00e4 sijaitsevassa l\u00e4mp\u00f6keskuksessa syttyneen palon alle tunnissa.<\/p>\n<p class=\"aw-1gybjub aw-1p7kakr kEtdKx cEmitX yle__article__paragraph\">Pelastuslaitos tiedotti kello yhdeks\u00e4n j\u00e4lkeen, ett\u00e4 noin 70-neli\u00f6isen hakevaraston hakkeet puretaan ja sammutetaan kytyj\u00e4. Palosta ei aiheutunut henkil\u00f6vahinkoja.<\/p>\n<p class=\"aw-1gybjub aw-1p7kakr kEtdKx cEmitX yle__article__paragraph\">Sammuttamassa oli yhdeks\u00e4n pelastuslaitoksen yksikk\u00f6\u00e4. Ensitiedotteen mukaan paikalle h\u00e4lytettiin 22 yksikk\u00f6\u00e4, mutta osa p\u00e4\u00e4si k\u00e4\u00e4ntym\u00e4\u00e4n jo matkalta pois.<\/p>\n<p class=\"aw-1gybjub aw-1p7kakr kEtdKx cEmitX yle__article__paragraph\">Kyseess\u00e4 oli Luoman sahan l\u00e4mp\u00f6keskus. Toimitusjohtaja <strong class=\"aw-ak79eh KyCXm yle__article__strong\">Sanna Luoma-Marttala<\/strong> sai tiedon palosta heti kahdeksan j\u00e4lkeen. Tarkemmat tiedot vahingoista puuttuvat.<\/p>\n<p class=\"aw-1gybjub aw-1p7kakr kEtdKx cEmitX yle__article__paragraph\">J\u00e4lkisammutus saatiin p\u00e4\u00e4t\u00f6kseen kymmenen j\u00e4lkeen.<\/p>\n<p class=\"aw-1gybjub aw-1p7kakr kEtdKx cEmitX yle__article__paragraph\"><strong class=\"aw-ak79eh KyCXm yle__article__strong\">Onko sinulla meille juttuvinkki tai uutiskuva tai -video Pirkanmaalta? Voit kertoa sen lomakkeella.<\/strong><\/p>\n","protected":false},"excerpt":{"rendered":"Luoman sahan l\u00e4mp\u00f6keskuksen varastorakennuksessa syttynytt\u00e4 paloa oli sammuttamassa yhdeks\u00e4n yksikk\u00f6\u00e4. Palosta ei aiheutunut henkil\u00f6vahinkoja. Avaa kuvien katselu Kuva:&hellip;\n","protected":false},"author":2,"featured_media":108277,"comment_status":"","ping_status":"","sticky":false,"template":"","format":"standard","meta":{"footnotes":""},"categories":[12],"tags":[22,23,26,27,33,31,30,17,24,25,28,29,15,837,18,21,5072,553,32,19,20,1265,16],"class_list":{"0":"post-138210","1":"post","2":"type-post","3":"status-publish","4":"format-standard","5":"has-post-thumbnail","7":"category-suomi","8":"tag-breaking-news","9":"tag-breakingnews","10":"tag-featured-news","11":"tag-featurednews","12":"tag-fi","13":"tag-finland","14":"tag-finnish","15":"tag-headlines","16":"tag-latest-news","17":"tag-latestnews","18":"tag-main-news","19":"tag-mainnews","20":"tag-news","21":"tag-onnettomuudet","22":"tag-otsikot","23":"tag-paauutiset","24":"tag-parkano","25":"tag-pirkanmaa","26":"tag-suomi","27":"tag-top-stories","28":"tag-topstories","29":"tag-tulipalot","30":"tag-uutiset"},"share_on_mastodon":{"url":"","error":""},"_links":{"self":[{"href":"https:\/\/www.europesays.com\/fi\/wp-json\/wp\/v2\/posts\/138210","targetHints":{"allow":["GET"]}}],"collection":[{"href":"https:\/\/www.europesays.com\/fi\/wp-json\/wp\/v2\/posts"}],"about":[{"href":"https:\/\/www.europesays.com\/fi\/wp-json\/wp\/v2\/types\/post"}],"author":[{"embeddable":true,"href":"https:\/\/www.europesays.com\/fi\/wp-json\/wp\/v2\/users\/2"}],"replies":[{"embeddable":true,"href":"https:\/\/www.europesays.com\/fi\/wp-json\/wp\/v2\/comments?post=138210"}],"version-history":[{"count":0,"href":"https:\/\/www.europesays.com\/fi\/wp-json\/wp\/v2\/posts\/138210\/revisions"}],"wp:featuredmedia":[{"embeddable":true,"href":"https:\/\/www.europesays.com\/fi\/wp-json\/wp\/v2\/media\/108277"}],"wp:attachment":[{"href":"https:\/\/www.europesays.com\/fi\/wp-json\/wp\/v2\/media?parent=138210"}],"wp:term":[{"taxonomy":"category","embeddable":true,"href":"https:\/\/www.europesays.com\/fi\/wp-json\/wp\/v2\/categories?post=138210"},{"taxonomy":"post_tag","embeddable":true,"href":"https:\/\/www.europesays.com\/fi\/wp-json\/wp\/v2\/tags?post=138210"}],"curies":[{"name":"wp","href":"https:\/\/api.w.org\/{rel}","templated":true}]}}