{"id":138211,"date":"2026-01-10T01:55:09","date_gmt":"2026-01-10T01:55:09","guid":{"rendered":"https:\/\/www.europesays.com\/fi\/138211\/"},"modified":"2026-01-10T01:55:09","modified_gmt":"2026-01-10T01:55:09","slug":"turistit-savukosken-hirmupakkasissa-ranskalaiset-ja-saksalaiset-reagoivat-eri-tavoin","status":"publish","type":"post","link":"https:\/\/www.europesays.com\/fi\/138211\/","title":{"rendered":"Turistit Savukosken hirmupakkasissa: ranskalaiset ja saksalaiset reagoivat eri tavoin"},"content":{"rendered":"<p>Kaksi majoitusliikett\u00e4 Savukoskella kertoo, miten matkailijat ovat suhtautuneet enn\u00e4tyspakkasiin.<\/p>\n<p>9.1. 21:07<\/p>\n<p>Lue tiivistelm\u00e4<\/p>\n<p class=\"article-body mb-nof-24 px-nof-16 sndp-summary-bullet-point-font\">Savukoskella on mitattu talven pakkasenn\u00e4tys, kun l\u00e4mp\u00f6tila on laskenut 42,6 pakkasasteeseen.<\/p>\n<p class=\"article-body mb-nof-24 px-nof-16 sndp-summary-bullet-point-font\">Samperin Savotta -er\u00e4maahotellin ty\u00f6ntekij\u00e4 Miia Riihel\u00e4 kertoo, ett\u00e4 ranskalaiset turistit ovat suhtautuneet innostuneesti pakkasiin ja pit\u00e4v\u00e4t niit\u00e4 eksoottisena seikkailuna.<\/p>\n<p class=\"article-body mb-nof-24 px-nof-16 sndp-summary-bullet-point-font\">Joosula-majatalon omistaja Pentti Jokiper\u00e4 kertoo, ett\u00e4 saksalaisturistit pysyiv\u00e4t huoneissaan. Majatalo on nyt tyhjill\u00e4\u00e4n, koska autot eiv\u00e4t l\u00e4hde k\u00e4yntiin kovilla pakkasilla.<\/p>\n<p class=\"article-body mb-nof-24 px-nof-16\">It\u00e4-Lapissa sijaitsevan Savukosken kunnan alueella on pistetty talven pakkasenn\u00e4tyksi\u00e4 uusiksi, kun <a class=\"underline underline-offset-[0.12em] [text-decoration-thickness:var(--generic-link-underline-thickness)] [text-decoration-color:var(--generic-link-underline-color)] [text-decoration-skip-ink:var(--generic-link-underline-skip-ink)] break-words\" href=\"https:\/\/www.is.fi\/kotimaa\/art-2000011737728.html\" rel=\"nofollow noopener\" target=\"_blank\">elohopea on laskenut mittarissa \u201342,6 asteeseen<\/a>.<\/p>\n<p class=\"article-body mb-nof-24 px-nof-16\">Hirmupakkasia ovat p\u00e4\u00e4sseet ihmettelem\u00e4\u00e4n muun muassa ranskalaiset turistit, jotka ovat majoittuneet Savukoskella Samperin Savotta -er\u00e4maahotellissa.<\/p>\n<p class=\"article-body mb-nof-24 px-nof-16\">Hotellin ty\u00f6ntekij\u00e4 <a class=\"font-bold underline-offset-[0.12em] [text-decoration:var(--person-link-text-decoration)] ![text-decoration-color:var(--person-link-text-decoration-color)]\" href=\"https:\/\/www.is.fi\/haku\/?query=Miia%20Riihel%C3%A4\" rel=\"nofollow noopener\" target=\"_blank\">Miia Riihel\u00e4<\/a> kertoo puhelimitse, ett\u00e4 turistit eiv\u00e4t ole pel\u00e4styneet kovia pakkasia, vaan he ovat suhtautuneet siihen eksoottisena seikkailuna.<\/p>\n<p class=\"article-body mb-nof-24 px-nof-16\">\u2013\u2009Turistit ovat olleet ihan innoissaan. Mielell\u00e4\u00e4n l\u00e4htev\u00e4t ulos, kun vain varustus on kunnossa. He tykk\u00e4\u00e4v\u00e4t kulkea tuolla ja k\u00e4vell\u00e4 lyhyit\u00e4 matkoja, Riihel\u00e4 kertoo.<\/p>\n<p class=\"article-body mb-nof-24 px-nof-16\">H\u00e4nen mukaansa he ovat ihastuneet erityisesti kauniiseen t\u00e4htitaivaaseen.<\/p>\n<p class=\"article-body mb-nof-24 px-nof-16\">\u2013\u2009Minullekin he kertovat, ett\u00e4 kuinka kiva on kun lumi narskuu kenkien alla.<\/p>\n<p><img decoding=\"async\" src=\"https:\/\/www.europesays.com\/fi\/wp-content\/uploads\/2026\/01\/1768010108_977_468.jpg\" alt=\"Samperin Savotta j\u00e4rjest\u00e4\u00e4 pilkkiretki\u00e4.\" class=\"_Img_1rerz_1\" style=\"aspect-ratio:1.5035238841033673\" loading=\"eager\"\/><\/p>\n<p class=\"article-picture-caption\">Samperin Savotta j\u00e4rjest\u00e4\u00e4 pilkkiretki\u00e4. Kuva:\u00a0Samperin savotta<\/p>\n<p class=\"article-body mb-nof-24 px-nof-16\">Joitakin aktiviteetteja on jouduttu muokkaamaan.<\/p>\n<p class=\"article-body mb-nof-24 px-nof-16\">\u2013\u2009Yleens\u00e4 pilkkireissulle l\u00e4hdet\u00e4\u00e4n pidemm\u00e4lle ja ollaan siell\u00e4 koko p\u00e4iv\u00e4. Nyt menn\u00e4\u00e4n vain tuohon omaan rantaan pilkille, jotta jokainen p\u00e4\u00e4see takaisin sis\u00e4lle jos on liian kylm\u00e4\u00e4, Riihel\u00e4 kertoo.<\/p>\n<p class=\"article-body mb-nof-24 px-nof-16\">Asukkaat ovat p\u00e4\u00e4sseet nauttimaan my\u00f6s revontulista.<\/p>\n<p class=\"article-body mb-nof-24 px-nof-16\">\u2013\u2009Min\u00e4 olen koko ajan t\u00f6iss\u00e4, niin en ehdi niit\u00e4 n\u00e4kem\u00e4\u00e4n, mutta asukkaat ovat kertoneet niit\u00e4 n\u00e4hneens\u00e4. Se on meille jokap\u00e4iv\u00e4inen asia, ett\u00e4 niit\u00e4 on.<\/p>\n<p class=\"article-body mb-nof-24 px-nof-16\">Joosula-majatalo on puolestaan nyt tyhjill\u00e4\u00e4n pakkasten vuoksi, kertoo paikan omistaja <a class=\"font-bold underline-offset-[0.12em] [text-decoration:var(--person-link-text-decoration)] ![text-decoration-color:var(--person-link-text-decoration-color)]\" href=\"https:\/\/www.is.fi\/haku\/?query=Pentti%20Jokiper%C3%A4\" rel=\"nofollow noopener\" target=\"_blank\">Pentti Jokiper\u00e4<\/a>.<\/p>\n<p class=\"article-body mb-nof-24 px-nof-16\">\u2013\u2009Pakkanen on tehnyt sen, ett\u00e4 ulkona ei voi liikkua, kun autot eiv\u00e4t l\u00e4hde k\u00e4yntiin. T\u00e4m\u00e4 on ihan mahdoton yht\u00e4l\u00f6.<\/p>\n<p class=\"article-body mb-nof-24 px-nof-16\">Uudenvuoden ja loppiaisen aikaan matkailijoita viel\u00e4 riitti.<\/p>\n<p class=\"article-body mb-nof-24 px-nof-16\">\u2013\u2009Piti k\u00e4yd\u00e4 pelastamassa: melkein jokaisen auto hyytyi Kemihaarassa. Ei etel\u00e4n autoilla p\u00e4rj\u00e4\u00e4 t\u00e4\u00e4ll\u00e4 Lapissa.<\/p>\n<p><img decoding=\"async\" src=\"https:\/\/images.sanoma-sndp.fi\/5f990333269cbe9f28b96856c379287c.svg\" alt=\"\" class=\"_Img_1rerz_1\" style=\"aspect-ratio:1.0466666666666666\" loading=\"eager\"\/><\/p>\n<p class=\"article-body mb-nof-24 px-nof-16\">Jokiper\u00e4 kertoo, ett\u00e4 saksalaisturistit pysyiv\u00e4t visusti huoneissaan.<\/p>\n<p class=\"article-body mb-nof-24 px-nof-16\">\u2013\u2009Just ja just k\u00e4viv\u00e4t tuolla ulkona. Ei kukaan normi-ihminen l\u00e4hde 41 asteen pakkasella ulos. Sen tiet\u00e4\u00e4 kyll\u00e4 itsest\u00e4\u00e4nkin.<\/p>\n<p class=\"article-body mb-nof-24 px-nof-16\"> Autojen k\u00e4ynnistymisen lis\u00e4ksi vesiputkien j\u00e4\u00e4tyminen aiheuttaa huolta.<\/p>\n<p class=\"article-body mb-nof-24 px-nof-16\">\u2013\u2009T\u00e4llaista t\u00e4m\u00e4 el\u00e4m\u00e4 Lapissa on, Tampereelta l\u00e4ht\u00f6isin oleva Jokiper\u00e4 kertoo.<\/p>\n<p class=\"article-body mb-nof-24 px-nof-16\">H\u00e4n on py\u00f6ritt\u00e4nyt majataloa Savukoskella 20 vuotta.<\/p>\n<p class=\"article-body mb-nof-24 px-nof-16\">\u2013\u2009Kylmin aikaa ei kest\u00e4 yleens\u00e4 kuin muutaman p\u00e4iv\u00e4n. Nyt meill\u00e4 on ollut t\u00e4t\u00e4 samaa jo toista viikkoa. Samaa lysti\u00e4 vissiin ensi viikko viel\u00e4 menee.<\/p>\n<p class=\"article-body mb-nof-24 px-nof-16\">Millaisen loven t\u00e4m\u00e4 j\u00e4tt\u00e4\u00e4 taloudellisesti?<\/p>\n<p class=\"article-body mb-nof-24 px-nof-16\">\u2013\u2009No hermoon t\u00e4m\u00e4 enemm\u00e4n k\u00e4y, ett\u00e4 kest\u00e4v\u00e4tk\u00f6 laitteet: pelaako kaikki vai tuleeko katastrofi.<\/p>\n","protected":false},"excerpt":{"rendered":"Kaksi majoitusliikett\u00e4 Savukoskella kertoo, miten matkailijat ovat suhtautuneet enn\u00e4tyspakkasiin. 9.1. 21:07 Lue tiivistelm\u00e4 Savukoskella on mitattu talven pakkasenn\u00e4tys,&hellip;\n","protected":false},"author":2,"featured_media":138212,"comment_status":"","ping_status":"","sticky":false,"template":"","format":"standard","meta":{"footnotes":""},"categories":[5],"tags":[22,23,26,27,33,31,30,17,34,24,25,28,29,15,18,21,32,19,20,16],"class_list":{"0":"post-138211","1":"post","2":"type-post","3":"status-publish","4":"format-standard","5":"has-post-thumbnail","7":"category-otsikot","8":"tag-breaking-news","9":"tag-breakingnews","10":"tag-featured-news","11":"tag-featurednews","12":"tag-fi","13":"tag-finland","14":"tag-finnish","15":"tag-headlines","16":"tag-ilta-sanomat","17":"tag-latest-news","18":"tag-latestnews","19":"tag-main-news","20":"tag-mainnews","21":"tag-news","22":"tag-otsikot","23":"tag-paauutiset","24":"tag-suomi","25":"tag-top-stories","26":"tag-topstories","27":"tag-uutiset"},"share_on_mastodon":{"url":"https:\/\/pubeurope.com\/@fi\/115868317977816108","error":""},"_links":{"self":[{"href":"https:\/\/www.europesays.com\/fi\/wp-json\/wp\/v2\/posts\/138211","targetHints":{"allow":["GET"]}}],"collection":[{"href":"https:\/\/www.europesays.com\/fi\/wp-json\/wp\/v2\/posts"}],"about":[{"href":"https:\/\/www.europesays.com\/fi\/wp-json\/wp\/v2\/types\/post"}],"author":[{"embeddable":true,"href":"https:\/\/www.europesays.com\/fi\/wp-json\/wp\/v2\/users\/2"}],"replies":[{"embeddable":true,"href":"https:\/\/www.europesays.com\/fi\/wp-json\/wp\/v2\/comments?post=138211"}],"version-history":[{"count":0,"href":"https:\/\/www.europesays.com\/fi\/wp-json\/wp\/v2\/posts\/138211\/revisions"}],"wp:featuredmedia":[{"embeddable":true,"href":"https:\/\/www.europesays.com\/fi\/wp-json\/wp\/v2\/media\/138212"}],"wp:attachment":[{"href":"https:\/\/www.europesays.com\/fi\/wp-json\/wp\/v2\/media?parent=138211"}],"wp:term":[{"taxonomy":"category","embeddable":true,"href":"https:\/\/www.europesays.com\/fi\/wp-json\/wp\/v2\/categories?post=138211"},{"taxonomy":"post_tag","embeddable":true,"href":"https:\/\/www.europesays.com\/fi\/wp-json\/wp\/v2\/tags?post=138211"}],"curies":[{"name":"wp","href":"https:\/\/api.w.org\/{rel}","templated":true}]}}