{"id":138219,"date":"2026-01-10T02:18:18","date_gmt":"2026-01-10T02:18:18","guid":{"rendered":"https:\/\/www.europesays.com\/fi\/138219\/"},"modified":"2026-01-10T02:18:18","modified_gmt":"2026-01-10T02:18:18","slug":"uuden-prisman-rakentaminen-espoon-keskukseen-alkaa-s-market-sulkee-ovensa-paikalliset","status":"publish","type":"post","link":"https:\/\/www.europesays.com\/fi\/138219\/","title":{"rendered":"Uuden Prisman rakentaminen Espoon keskukseen alkaa \u2013 S-market sulkee ovensa | Paikalliset"},"content":{"rendered":"<p>Prisman rakentaminen Espoon keskukseen on vihdoin alkamassa. HOK-Elanto tiedottaa rakennust\u00f6iden alkavan jo nyt helmikuussa 2026. Valmista on odotettavissa vuoden 2028 aikana.<\/p>\n<p>Rakennust\u00f6iden alkaessa nykyinen S-market sulkee ovensa.<\/p>\n<p>Osuuskauppa haki viime kev\u00e4\u00e4n\u00e4 jatkoaikaa asuinrakennus- ja myym\u00e4l\u00e4hankkeen suunnittelua varten. Nyt hanke on nytk\u00e4ht\u00e4nyt eteenp\u00e4in, ja uusi Prisma rakentuu nykyisen S-marketin vieress\u00e4 olevalle tyhj\u00e4lle tontille kauppakeskus Entressen yhteyteen. Uusi isompi market korvaa nykyisen S-marketin.<\/p>\n<p>\t\t\t\t\t<img class=\"diks-card__image\" src=\"https:\/\/www.europesays.com\/fi\/wp-content\/uploads\/2026\/01\/9324735.jpg\"   loading=\"lazy\" decoding=\"sync\" alt=\"\"\/><\/p>\n<p>Kyseess\u00e4 on kaiken kaikkiaan viides Prisma Espooseen, HOK-Elannolle 18:s.<\/p>\n<p>Uusi Prisma tuo tullessaan my\u00f6s ty\u00f6paikkoja. HOK-Elanto tiedottaa, ett\u00e4 valmistuessaan uusi myym\u00e4l\u00e4 tulee ty\u00f6llist\u00e4m\u00e4\u00e4n noin sata kaupan alan ammattilaista.<\/p>\n<p>\u2013\u2009P\u00e4\u00e4semme k\u00e4ynnist\u00e4m\u00e4\u00e4n uuden hypermarket-hankekokonaisuuden Espoon keskuksen keskeiselle sijainnille. Prismakeskus vahvistaa valmistuessaan alueen tarjontaa ja kortteli kehittyy samalla monipuoliseksi kaupunkikortteliksi, kommentoi HOK-Elannon kiinteist\u00f6johtaja <strong>Timo Myllynen<\/strong> tiedotteessa.<\/p>\n<p>\t\t\t\t\t<img class=\"diks-card__image\" src=\"https:\/\/www.europesays.com\/fi\/wp-content\/uploads\/2026\/01\/9324733.jpg\"   loading=\"lazy\" decoding=\"sync\" alt=\"\"\/><\/p>\n<p>Prisman yhteyteen rakentuu lis\u00e4ksi liiketiloja, parkkipaikkoja sek\u00e4 kaksi asuinkerrostaloa. Kerrostaloihin on luvassa 105 asuntoa. Seitsem\u00e4nkerroksiset asuintalot aiotaan toteuttaa vapaarahoitteisina ja varsinaiset asuinkerrokset sijoittuvat kaupan tilojen yl\u00e4puolisiin kerroksiin. Rakentajakumppanina osuuskaupalla on Skanska<\/p>\n<p>HOK-Elanto ei ole ainoa rakentaja Espoon keskuksessa. My\u00f6s Kesko on aloittanut Espoontorin kupeessa uuden K-Citymarketin rakentamisen. Rakennusprojekti polkaistiin k\u00e4yntiin jo viime vuoden lopulla. My\u00f6s t\u00e4ss\u00e4 tapauksessa kyseess\u00e4 on varsin iso hanke, kolmen vuoden mittainen, jota tehd\u00e4\u00e4n useassa eri osassa.<\/p>\n<p>\t\t\t\t\t<img class=\"diks-card__image\" src=\"https:\/\/www.europesays.com\/fi\/wp-content\/uploads\/2026\/01\/11124908.jpg\"   loading=\"lazy\" decoding=\"sync\" alt=\"\"\/><\/p>\n<p>\t\t\t\t\t<img class=\"diks-card__image\" src=\"https:\/\/www.europesays.com\/fi\/wp-content\/uploads\/2026\/01\/11124721.jpg\"   loading=\"lazy\" decoding=\"sync\" alt=\"\"\/><\/p>\n","protected":false},"excerpt":{"rendered":"Prisman rakentaminen Espoon keskukseen on vihdoin alkamassa. HOK-Elanto tiedottaa rakennust\u00f6iden alkavan jo nyt helmikuussa 2026. Valmista on odotettavissa&hellip;\n","protected":false},"author":2,"featured_media":138220,"comment_status":"","ping_status":"","sticky":false,"template":"","format":"standard","meta":{"footnotes":""},"categories":[76],"tags":[79,77,400,33,31,30,405,3777,898,3187,402,32,78,3038],"class_list":{"0":"post-138219","1":"post","2":"type-post","3":"status-publish","4":"format-standard","5":"has-post-thumbnail","7":"category-talous","8":"tag-business","9":"tag-economy","10":"tag-espoo","11":"tag-fi","12":"tag-finland","13":"tag-finnish","14":"tag-helsingin-seutukunta","15":"tag-kesko","16":"tag-kulutustavarat","17":"tag-kulutustavarat-ja-palvelut-sektori","18":"tag-rakentaminen-kiinteistot","19":"tag-suomi","20":"tag-talous","21":"tag-vahittaiskauppa-erikoistumattomissa-myymaloissa"},"share_on_mastodon":{"url":"https:\/\/pubeurope.com\/@fi\/115868408505323707","error":""},"_links":{"self":[{"href":"https:\/\/www.europesays.com\/fi\/wp-json\/wp\/v2\/posts\/138219","targetHints":{"allow":["GET"]}}],"collection":[{"href":"https:\/\/www.europesays.com\/fi\/wp-json\/wp\/v2\/posts"}],"about":[{"href":"https:\/\/www.europesays.com\/fi\/wp-json\/wp\/v2\/types\/post"}],"author":[{"embeddable":true,"href":"https:\/\/www.europesays.com\/fi\/wp-json\/wp\/v2\/users\/2"}],"replies":[{"embeddable":true,"href":"https:\/\/www.europesays.com\/fi\/wp-json\/wp\/v2\/comments?post=138219"}],"version-history":[{"count":0,"href":"https:\/\/www.europesays.com\/fi\/wp-json\/wp\/v2\/posts\/138219\/revisions"}],"wp:featuredmedia":[{"embeddable":true,"href":"https:\/\/www.europesays.com\/fi\/wp-json\/wp\/v2\/media\/138220"}],"wp:attachment":[{"href":"https:\/\/www.europesays.com\/fi\/wp-json\/wp\/v2\/media?parent=138219"}],"wp:term":[{"taxonomy":"category","embeddable":true,"href":"https:\/\/www.europesays.com\/fi\/wp-json\/wp\/v2\/categories?post=138219"},{"taxonomy":"post_tag","embeddable":true,"href":"https:\/\/www.europesays.com\/fi\/wp-json\/wp\/v2\/tags?post=138219"}],"curies":[{"name":"wp","href":"https:\/\/api.w.org\/{rel}","templated":true}]}}