{"id":138225,"date":"2026-01-10T02:21:11","date_gmt":"2026-01-10T02:21:11","guid":{"rendered":"https:\/\/www.europesays.com\/fi\/138225\/"},"modified":"2026-01-10T02:21:11","modified_gmt":"2026-01-10T02:21:11","slug":"tata-mercosur-tarkoittaa-suomalaisille-yrityksille","status":"publish","type":"post","link":"https:\/\/www.europesays.com\/fi\/138225\/","title":{"rendered":"T\u00e4t\u00e4 Mercosur tarkoittaa suomalaisille yrityksille"},"content":{"rendered":"<p><strong class=\"typography-bold\">EU-maiden enemmist\u00f6 hyv\u00e4ksyi perjantaina kauppasopimuksen Etel\u00e4-Amerikan talousmahtien kanssa. Tuloksena syntyy noin 700 miljoonan kuluttajan vapaakauppa-alue, joka avaa uusia mahdollisuuksia my\u00f6s suomalaisille yrityksille.<\/strong><\/p>\n<p>EU:n ja Etel\u00e4-Amerikan suurimpien talouksien kanssa valmisteltu vapaakauppasopimus n\u00e4ytt\u00e4\u00e4 vihdoinkin etenev\u00e4n. Niin sanottuihin Mercosur-maihin kuuluvat Brasilia, Argentiina, Paraguay ja Uruguay, jotka ovat t\u00e4h\u00e4n menness\u00e4 suojanneet kotimarkkinoitaan korkeilla tulleilla.<\/p>\n<p><strong class=\"typography-bold\">Lue lis\u00e4\u00e4: <\/strong><a class=\"cursor-pointer underline\" data-testid=\"internal-link\" role=\"link\" data-sentry-element=\"Link\" data-sentry-component=\"InternalLink\" data-sentry-source-file=\"InternalLink.tsx\" href=\"https:\/\/www.mtvuutiset.fi\/artikkeli\/mercosur-vapaakauppasopimus-sai-eu-maiden-enemmiston-taakseen\/9280098\" rel=\"nofollow noopener\" target=\"_blank\"><strong class=\"typography-bold\">Mercosur-vapaakauppasopimus sai EU-maiden enemmist\u00f6n taakseen<\/strong><\/a><\/p>\n<p>EU on neuvotellut Mercosur-maiden kanssa jo 25 vuoden ajan. T\u00e4n\u00e4\u00e4n enemmist\u00f6 EU-maista asettui kannattamaan sopimusta, joka luo noin 700 miljoonan kuluttajan vapaakauppa-alueen.\u00a0<\/p>\n<p>Johtaja <strong class=\"typography-bold\">Timo Vuori<\/strong> Elinkeinoel\u00e4m\u00e4n keskusliitosta (EK) toteaa, ett\u00e4 olisi ollut jo kiusallista, jos sopimusta ei oltaisi saatu aikaan.<\/p>\n<p>\u2013 Jos t\u00e4t\u00e4 sopimusta ei olisi nyt syntynyt, EU:n painoarvo neuvottelup\u00f6ydiss\u00e4 olisi ehk\u00e4 v\u00e4hentynyt. Kuka haluaisi tehd\u00e4 EU:n kanssa sopimuksen, jos 25 vuoden v\u00e4\u00e4nn\u00f6n j\u00e4lkeen t\u00e4llaista sopimusta ei saada aikaiseksi, Vuori sanoo.\u00a0<\/p>\n<p>Vuori n\u00e4kee sopimuksen t\u00e4rke\u00e4n\u00e4 sek\u00e4 EU:n ett\u00e4 Suomen talouden kannalta. Kun Kiina ja Yhdysvallat haastavat Eurooppaa taloudellisesti, on luonnollista syvent\u00e4\u00e4 yhteisty\u00f6t\u00e4 Latinalaisen Amerikan suuntaan.<\/p>\n","protected":false},"excerpt":{"rendered":"EU-maiden enemmist\u00f6 hyv\u00e4ksyi perjantaina kauppasopimuksen Etel\u00e4-Amerikan talousmahtien kanssa. Tuloksena syntyy noin 700 miljoonan kuluttajan vapaakauppa-alue, joka avaa uusia&hellip;\n","protected":false},"author":2,"featured_media":138226,"comment_status":"","ping_status":"","sticky":false,"template":"","format":"standard","meta":{"footnotes":""},"categories":[5],"tags":[22,23,26,27,33,31,30,17,24,25,28,29,15,18,21,32,19,20,16],"class_list":{"0":"post-138225","1":"post","2":"type-post","3":"status-publish","4":"format-standard","5":"has-post-thumbnail","7":"category-otsikot","8":"tag-breaking-news","9":"tag-breakingnews","10":"tag-featured-news","11":"tag-featurednews","12":"tag-fi","13":"tag-finland","14":"tag-finnish","15":"tag-headlines","16":"tag-latest-news","17":"tag-latestnews","18":"tag-main-news","19":"tag-mainnews","20":"tag-news","21":"tag-otsikot","22":"tag-paauutiset","23":"tag-suomi","24":"tag-top-stories","25":"tag-topstories","26":"tag-uutiset"},"share_on_mastodon":{"url":"https:\/\/pubeurope.com\/@fi\/115868420187748802","error":""},"_links":{"self":[{"href":"https:\/\/www.europesays.com\/fi\/wp-json\/wp\/v2\/posts\/138225","targetHints":{"allow":["GET"]}}],"collection":[{"href":"https:\/\/www.europesays.com\/fi\/wp-json\/wp\/v2\/posts"}],"about":[{"href":"https:\/\/www.europesays.com\/fi\/wp-json\/wp\/v2\/types\/post"}],"author":[{"embeddable":true,"href":"https:\/\/www.europesays.com\/fi\/wp-json\/wp\/v2\/users\/2"}],"replies":[{"embeddable":true,"href":"https:\/\/www.europesays.com\/fi\/wp-json\/wp\/v2\/comments?post=138225"}],"version-history":[{"count":0,"href":"https:\/\/www.europesays.com\/fi\/wp-json\/wp\/v2\/posts\/138225\/revisions"}],"wp:featuredmedia":[{"embeddable":true,"href":"https:\/\/www.europesays.com\/fi\/wp-json\/wp\/v2\/media\/138226"}],"wp:attachment":[{"href":"https:\/\/www.europesays.com\/fi\/wp-json\/wp\/v2\/media?parent=138225"}],"wp:term":[{"taxonomy":"category","embeddable":true,"href":"https:\/\/www.europesays.com\/fi\/wp-json\/wp\/v2\/categories?post=138225"},{"taxonomy":"post_tag","embeddable":true,"href":"https:\/\/www.europesays.com\/fi\/wp-json\/wp\/v2\/tags?post=138225"}],"curies":[{"name":"wp","href":"https:\/\/api.w.org\/{rel}","templated":true}]}}