{"id":138229,"date":"2026-01-10T02:40:09","date_gmt":"2026-01-10T02:40:09","guid":{"rendered":"https:\/\/www.europesays.com\/fi\/138229\/"},"modified":"2026-01-10T02:40:09","modified_gmt":"2026-01-10T02:40:09","slug":"sarunas-biciusas-ilveksen-fysiikkavalmentajaksi-ilves-tampere","status":"publish","type":"post","link":"https:\/\/www.europesays.com\/fi\/138229\/","title":{"rendered":"\u0160ar\u016bnas Bi\u010diu\u0161as Ilveksen fysiikkavalmentajaksi \u2013 Ilves Tampere"},"content":{"rendered":"<p><strong>Tampereen Ilves on vahvistanut valmennusryhm\u00e4\u00e4ns\u00e4 liettualaisella \u0160ar\u016bnas Bi\u010diu\u0161asilla, joka on aloittanut joukkueen fysiikkavalmentajana 2+1-vuotisella sopimuksella.<\/strong><\/p>\n<p>32-vuotiaalla <strong>\u0160ar\u016bnas Bi\u010diu\u0161asilla<\/strong> on l\u00e4hes kymmenen vuoden kokemus fyysisen valmennuksen teht\u00e4vist\u00e4. UEFA B -valmentajalisenssin suorittanut Bi\u010diu\u0161as ty\u00f6skentelee Ilveksen ohella Liettuan alle 21-vuotiaiden maajoukkueessa, jossa h\u00e4n toimii fysiikkavalmentajana maajoukkuetaukojen aikana.<\/p>\n<p>Bi\u010diu\u0161as vaikutti viimeksi vilnalaisessa Baltijos Futbolo Akademijassa, jossa h\u00e4n ty\u00f6skenteli fyysisen valmennuksen koordinaattorina syyskuusta 2024 l\u00e4htien. Liettuan alle 21-vuotiaiden maajoukkueen fysiikkavalmentajana h\u00e4n aloitti vuoden 2025 alussa ja toimi teht\u00e4v\u00e4ss\u00e4 my\u00f6s vuosina 2017\u20132019.<\/p>\n<p>Aasiassa Bi\u010diu\u0161as ty\u00f6skenteli kambod\u017ealaisen Visakha FC:n fysiikkavalmentajana vuoden 2023 alusta toukokuuhun 2024 asti. Kotimaassaan h\u00e4n on valmentanut my\u00f6s Kauno \u017dalgirisissa 2020\u20132022, Liettuan A-maajoukkueessa 2019\u20132020, Liettuan nuorisomaajoukkueissa ja jalkapalloakatemiassa 2016\u20132019 sek\u00e4 maan jalkapalloliiton valmentajakoulutuksen johtajana 2017\u20132019. Syyskaudella 2016 Bi\u010diu\u0161as suoritti ty\u00f6harjoittelunsa englantilaisessa Sheffield Wednesdayss\u00e4.<\/p>\n<p>Fyysisen valmennuksen opintojensa ohella Bi\u010diu\u0161as on suorittanut Liettuassa urheilujohtamisen maisteritutkinnon.<\/p>\n<p>\u2013 P\u00e4\u00e4ttyneen kauden j\u00e4lkeen teimme p\u00e4\u00e4t\u00f6ksen investoida lis\u00e4\u00e4 edustusjoukkueemme fysiikkavalmennukseen tuomalla valmennustiimiimme uuden fysiikkavalmentajan. Rekrytointiprosessimme aikana \u0160ar\u016bnas Bi\u010diu\u0161as vakuutti meid\u00e4t ennen kaikkea vahvalla sis\u00e4lt\u00f6osaamisellaan, persoonallaan ja monipuolisella taustallaan, johon kuuluu h\u00e4nen toimintansa maajoukkueiden, seurajoukkueiden ja Liettuan nuorten huippupelaajien kanssa. Ilveksess\u00e4 \u0160ar\u016bnas johtaa miesten edustusjoukkueen fyysisen puolen kokonaisuutta apunaan <strong>Heli Rekimies<\/strong> ja <strong>Jussi Saariaho<\/strong>, sanoo Ilveksen urheilutoimenjohtaja <strong>Iikka Miettinen<\/strong>.<\/p>\n<p>Ilveksen kauden 2026 valmennus- ja johtoryhm\u00e4\u00e4n kuuluvat p\u00e4\u00e4valmentaja <strong>Joni Lehtonen<\/strong>, apuvalmentaja <strong>Pasi Tuutti<\/strong>, maalivahtivalmentaja <strong>Jarkko Ojaniemi<\/strong>, fysiikkavalmentaja \u0160ar\u016bnas Bi\u010diu\u0161as, fysioterapeutti ja huoltaja Heli Rekimies, fysioterapeutti Jussi Saariaho, huoltaja ja joukkueenjohtaja <strong>Ville Niemel\u00e4<\/strong>, l\u00e4\u00e4k\u00e4ri <strong>Jonne V\u00e4is\u00e4nen<\/strong>, psyykkinen valmentaja <strong>Tiina R\u00f6ning<\/strong>, Ilves\/2:n p\u00e4\u00e4valmentajaroolinsa ohella edustusjoukkueen valmennusryhm\u00e4\u00e4n kuuluva <strong>Henri Jussila<\/strong> sek\u00e4 urheilutoimenjohtajan teht\u00e4v\u00e4ns\u00e4 ohella valmennusryhm\u00e4n tukena toimiva Iikka Miettinen.<\/p>\n","protected":false},"excerpt":{"rendered":"Tampereen Ilves on vahvistanut valmennusryhm\u00e4\u00e4ns\u00e4 liettualaisella \u0160ar\u016bnas Bi\u010diu\u0161asilla, joka on aloittanut joukkueen fysiikkavalmentajana 2+1-vuotisella sopimuksella. 32-vuotiaalla \u0160ar\u016bnas Bi\u010diu\u0161asilla&hellip;\n","protected":false},"author":2,"featured_media":138230,"comment_status":"","ping_status":"","sticky":false,"template":"","format":"standard","meta":{"footnotes":""},"categories":[158],"tags":[33,31,30,159,32,160],"class_list":{"0":"post-138229","1":"post","2":"type-post","3":"status-publish","4":"format-standard","5":"has-post-thumbnail","7":"category-urheilu","8":"tag-fi","9":"tag-finland","10":"tag-finnish","11":"tag-sports","12":"tag-suomi","13":"tag-urheilu"},"share_on_mastodon":{"url":"https:\/\/pubeurope.com\/@fi\/115868495231642865","error":""},"_links":{"self":[{"href":"https:\/\/www.europesays.com\/fi\/wp-json\/wp\/v2\/posts\/138229","targetHints":{"allow":["GET"]}}],"collection":[{"href":"https:\/\/www.europesays.com\/fi\/wp-json\/wp\/v2\/posts"}],"about":[{"href":"https:\/\/www.europesays.com\/fi\/wp-json\/wp\/v2\/types\/post"}],"author":[{"embeddable":true,"href":"https:\/\/www.europesays.com\/fi\/wp-json\/wp\/v2\/users\/2"}],"replies":[{"embeddable":true,"href":"https:\/\/www.europesays.com\/fi\/wp-json\/wp\/v2\/comments?post=138229"}],"version-history":[{"count":0,"href":"https:\/\/www.europesays.com\/fi\/wp-json\/wp\/v2\/posts\/138229\/revisions"}],"wp:featuredmedia":[{"embeddable":true,"href":"https:\/\/www.europesays.com\/fi\/wp-json\/wp\/v2\/media\/138230"}],"wp:attachment":[{"href":"https:\/\/www.europesays.com\/fi\/wp-json\/wp\/v2\/media?parent=138229"}],"wp:term":[{"taxonomy":"category","embeddable":true,"href":"https:\/\/www.europesays.com\/fi\/wp-json\/wp\/v2\/categories?post=138229"},{"taxonomy":"post_tag","embeddable":true,"href":"https:\/\/www.europesays.com\/fi\/wp-json\/wp\/v2\/tags?post=138229"}],"curies":[{"name":"wp","href":"https:\/\/api.w.org\/{rel}","templated":true}]}}