{"id":138235,"date":"2026-01-10T02:45:15","date_gmt":"2026-01-10T02:45:15","guid":{"rendered":"https:\/\/www.europesays.com\/fi\/138235\/"},"modified":"2026-01-10T02:45:15","modified_gmt":"2026-01-10T02:45:15","slug":"trump-yhdysvallat-paattaa-oljy-yhtioista-venezuelassa","status":"publish","type":"post","link":"https:\/\/www.europesays.com\/fi\/138235\/","title":{"rendered":"Trump: Yhdysvallat p\u00e4\u00e4tt\u00e4\u00e4 \u00f6ljy-yhti\u00f6ist\u00e4 Venezuelassa"},"content":{"rendered":"<p><strong class=\"typography-bold\">Trumpin mukaan \u00f6ljy-yhti\u00f6t olisivat ainoastaan tekemisiss\u00e4 Yhdysvaltojen kanssa.<\/strong><\/p>\n<p>Yhdysvaltain hallinto p\u00e4\u00e4tt\u00e4\u00e4 siit\u00e4, mitk\u00e4 \u00f6ljy-yhti\u00f6t p\u00e4\u00e4sev\u00e4t investoimaan Venezuelaan, sanoo Yhdysvaltain presidentti <strong class=\"typography-bold\">Donald Trump<\/strong>.<\/p>\n<p>Trumpin mukaan Yhdysvaltain hallinto tulee \u201deritt\u00e4in hyvin\u201d toimeen Venezuelan kansan ja maan nykyisen hallituksen kanssa.<\/p>\n<p>Yhdysvallat hy\u00f6kk\u00e4si noin viikko sitten Venezuelaan ja sieppasi maan itsevaltaisen presidentin <strong class=\"typography-bold\">Nicolas Maduron<\/strong>. Trumpin mukaan ulkomaisilla \u00f6ljy-yhti\u00f6ill\u00e4 ei ollut turvatakuita Maduron alaisuudessa, mutta nyt yhti\u00f6iden olisi turvallista toimia maassa.<\/p>\n<p>Trump sanoi my\u00f6s, ett\u00e4 \u00f6ljy-yhti\u00f6t olisivat tekemisiss\u00e4 ainoastaan Yhdysvaltojen kanssa, eiv\u00e4t Venezuelan.<\/p>\n<p>Trump tapasi perjantaina 14 suuren \u00f6ljy-yhti\u00f6in edustajia Valkoisessa talossa. Trumpin mukaan seuraava tapaaminen j\u00e4rjestet\u00e4\u00e4n ensi viikolla.<\/p>\n","protected":false},"excerpt":{"rendered":"Trumpin mukaan \u00f6ljy-yhti\u00f6t olisivat ainoastaan tekemisiss\u00e4 Yhdysvaltojen kanssa. Yhdysvaltain hallinto p\u00e4\u00e4tt\u00e4\u00e4 siit\u00e4, mitk\u00e4 \u00f6ljy-yhti\u00f6t p\u00e4\u00e4sev\u00e4t investoimaan Venezuelaan, sanoo&hellip;\n","protected":false},"author":2,"featured_media":138236,"comment_status":"","ping_status":"","sticky":false,"template":"","format":"standard","meta":{"footnotes":""},"categories":[14],"tags":[22,23,26,27,33,31,30,17,24,25,28,29,15,18,21,32,19,20,56,16,59,60,61],"class_list":{"0":"post-138235","1":"post","2":"type-post","3":"status-publish","4":"format-standard","5":"has-post-thumbnail","7":"category-ulkomaat","8":"tag-breaking-news","9":"tag-breakingnews","10":"tag-featured-news","11":"tag-featurednews","12":"tag-fi","13":"tag-finland","14":"tag-finnish","15":"tag-headlines","16":"tag-latest-news","17":"tag-latestnews","18":"tag-main-news","19":"tag-mainnews","20":"tag-news","21":"tag-otsikot","22":"tag-paauutiset","23":"tag-suomi","24":"tag-top-stories","25":"tag-topstories","26":"tag-ulkomaat","27":"tag-uutiset","28":"tag-world","29":"tag-world-news","30":"tag-worldnews"},"share_on_mastodon":{"url":"https:\/\/pubeurope.com\/@fi\/115868514596180617","error":""},"_links":{"self":[{"href":"https:\/\/www.europesays.com\/fi\/wp-json\/wp\/v2\/posts\/138235","targetHints":{"allow":["GET"]}}],"collection":[{"href":"https:\/\/www.europesays.com\/fi\/wp-json\/wp\/v2\/posts"}],"about":[{"href":"https:\/\/www.europesays.com\/fi\/wp-json\/wp\/v2\/types\/post"}],"author":[{"embeddable":true,"href":"https:\/\/www.europesays.com\/fi\/wp-json\/wp\/v2\/users\/2"}],"replies":[{"embeddable":true,"href":"https:\/\/www.europesays.com\/fi\/wp-json\/wp\/v2\/comments?post=138235"}],"version-history":[{"count":0,"href":"https:\/\/www.europesays.com\/fi\/wp-json\/wp\/v2\/posts\/138235\/revisions"}],"wp:featuredmedia":[{"embeddable":true,"href":"https:\/\/www.europesays.com\/fi\/wp-json\/wp\/v2\/media\/138236"}],"wp:attachment":[{"href":"https:\/\/www.europesays.com\/fi\/wp-json\/wp\/v2\/media?parent=138235"}],"wp:term":[{"taxonomy":"category","embeddable":true,"href":"https:\/\/www.europesays.com\/fi\/wp-json\/wp\/v2\/categories?post=138235"},{"taxonomy":"post_tag","embeddable":true,"href":"https:\/\/www.europesays.com\/fi\/wp-json\/wp\/v2\/tags?post=138235"}],"curies":[{"name":"wp","href":"https:\/\/api.w.org\/{rel}","templated":true}]}}