{"id":138238,"date":"2026-01-10T02:47:07","date_gmt":"2026-01-10T02:47:07","guid":{"rendered":"https:\/\/www.europesays.com\/fi\/138238\/"},"modified":"2026-01-10T02:47:07","modified_gmt":"2026-01-10T02:47:07","slug":"aikuisten-on-suojeltava-nuoria-sosiaalisen-median-haitoilta","status":"publish","type":"post","link":"https:\/\/www.europesays.com\/fi\/138238\/","title":{"rendered":"Aikuisten on suojeltava nuoria sosiaalisen median haitoilta"},"content":{"rendered":"<p>P\u00e4\u00e4kirjoitus|Monessa maassa pohditaan nyt tiukennuksia lasten ja nuorten sosiaalisen median k\u00e4ytt\u00f6\u00e4 koskevaan lains\u00e4\u00e4d\u00e4nt\u00f6\u00f6n.<\/p>\n<p class=\"article-body mb-nof-24 px-nof-16\">Viime vuonna n\u00e4htiin selv\u00e4 k\u00e4\u00e4nne suhtautumisessa siihen, miten lapset ja nuoret k\u00e4ytt\u00e4v\u00e4t sosiaalista mediaa.<\/p>\n<p class=\"article-body mb-nof-24 px-nof-16\">Australia kielsi sosiaalisen median k\u00e4yt\u00f6n alle 16-vuotiailta, ja Malesia valmistautuu samaan. Euroopassa esimerkiksi Tanskassa, Norjassa, Ranskassa ja Espanjassa on k\u00e4ynnistetty lakihankkeet rajoitusten tiukentamiseksi. Lis\u00e4ksi europarlamentti on ehdottanut koko EU:n alueelle 16 vuoden alaik\u00e4rajaa sosiaalisen median, videonjakoalustojen ja teko\u00e4lykumppanien k\u00e4yt\u00f6lle. EU-komission puheenjohtaja Ursula von der Leyen tuki ajatusta syyskuussa. Europarlamentin ja monen maan malleissa nuoremmat voisivat tosin p\u00e4\u00e4st\u00e4 alustoille vanhempien suostumuksella.<\/p>\n<p class=\"article-body mb-nof-24 px-nof-16\">My\u00f6s Suomessa monet kansanedustajat ovat jo ehdottaneet ja kannattaneet rajoituksia. Heid\u00e4n joukkoonsa liittyi marraskuussa p\u00e4\u00e4ministeri Petteri Orpo (kok), <a class=\"underline underline-offset-[0.12em] [text-decoration-thickness:var(--generic-link-underline-thickness)] [text-decoration-color:var(--generic-link-underline-color)] [text-decoration-skip-ink:var(--generic-link-underline-skip-ink)] break-words\" href=\"https:\/\/www.hs.fi\/politiikka\/art-2000011648232.html\" rel=\"nofollow noopener\" target=\"_blank\">joka kertoi k\u00e4ynnist\u00e4v\u00e4ns\u00e4 asiasta selvitysty\u00f6n<\/a>. Viime vuonna valmistuivat my\u00f6s uudet lapsia koskevat digisuositukset, joiden mukaan alle 13-vuotiaiden ei pit\u00e4isi k\u00e4ytt\u00e4\u00e4 lainkaan sosiaalista mediaa.<\/p>\n<p class=\"article-body mb-nof-24 px-nof-16\">T\u00e4llaisten muutosten vastustajia n\u00e4ytt\u00e4\u00e4 olevan v\u00e4h\u00e4n. <a class=\"underline underline-offset-[0.12em] [text-decoration-thickness:var(--generic-link-underline-thickness)] [text-decoration-color:var(--generic-link-underline-color)] [text-decoration-skip-ink:var(--generic-link-underline-skip-ink)] break-words\" href=\"https:\/\/www.ksml.fi\/uutissuomalainen\/9113528\" rel=\"nofollow noopener\" target=\"_blank\">Uutissuomalainen kertoi viime viikolla<\/a>, ett\u00e4 sen tekem\u00e4ss\u00e4 mielipidemittauksessa 62 prosenttia kannatti ajatusta alle 15-vuotiaiden somekiellosta. Kieltoa vastusti vain 19 prosenttia vastaajista.<\/p>\n<p class=\"article-body mb-nof-24 px-nof-16\">K\u00e4\u00e4nne on ymm\u00e4rrett\u00e4v\u00e4. Tutkimukset ovat osoittaneet, ett\u00e4 altistuminen sosiaalisessa mediassa levi\u00e4ville haitallisille sis\u00e4ll\u00f6ille ja ylip\u00e4\u00e4t\u00e4\u00e4n pitk\u00e4 palveluissa k\u00e4ytetty aika vaikuttavat kielteisesti lasten ja nuorten mielenterveyteen. Sen seurauksena keskittymiskyky heikkenee ja osa nuorista n\u00e4ytt\u00e4\u00e4 radikalisoituvan. Jotkut muuttuvat somen vuoksi kyynisemmiksi. Pidemp\u00e4\u00e4n on my\u00f6s ollut selv\u00e4\u00e4, ett\u00e4 sosiaalinen media helpottaa esimerkiksi koulukiusaamisen levi\u00e4mist\u00e4 vapaa-ajalle.<\/p>\n<p class=\"article-body mb-nof-24 px-nof-16\">Oma lis\u00e4ns\u00e4 ovat sosiaalisessa mediassa levi\u00e4v\u00e4t haasteet, joiden vuoksi Suomessakin on kuollut ja loukkaantunut nuoria. Sosiaalisessa mediassa toimii my\u00f6s saalistajia. Nuoret <a class=\"underline underline-offset-[0.12em] [text-decoration-thickness:var(--generic-link-underline-thickness)] [text-decoration-color:var(--generic-link-underline-color)] [text-decoration-skip-ink:var(--generic-link-underline-skip-ink)] break-words\" href=\"https:\/\/www.hs.fi\/feature\/art-2000011586971.html\" rel=\"nofollow noopener\" target=\"_blank\">saavat somen viestisovelluksissa alastonkuvia ja itsetyydytysvideoita heit\u00e4 vanhemmilta miehilt\u00e4<\/a>, mink\u00e4 lis\u00e4ksi keskusrikospoliisin \u201dnihilistisiksi v\u00e4kivaltaverkostoiksi\u201d kutsumat ryhm\u00e4t <a class=\"underline underline-offset-[0.12em] [text-decoration-thickness:var(--generic-link-underline-thickness)] [text-decoration-color:var(--generic-link-underline-color)] [text-decoration-skip-ink:var(--generic-link-underline-skip-ink)] break-words\" href=\"https:\/\/www.hs.fi\/kuukausiliite\/art-2000011611670.html\" rel=\"nofollow noopener\" target=\"_blank\">mets\u00e4st\u00e4v\u00e4t siell\u00e4 lapsia ja nuoria uhreikseen<\/a>.<\/p>\n<blockquote class=\"p-[var(--citation-padding)] m-[var(--citation-margin)] border-y-[length:var(--citation-border-width)] border-y-[color:var(--citation-border-color)]\">\n<p>Ik\u00e4rajan asettaminen ei ole ongelmatonta.<\/p>\n<\/blockquote>\n<p class=\"article-body mb-nof-24 px-nof-16\">Rajoituspuheita on voimistanut sosiaalisen median alustojen haluttomuus korjata monia ilmiselvi\u00e4 ongelmia. Perustuuhan niiden ansaintamalli siihen, ett\u00e4 mahdollisimman monet viett\u00e4v\u00e4t somealustoilla mahdollisimman paljon aikaa.<\/p>\n<p class=\"article-body mb-nof-24 px-nof-16\">Siksi alan yritykset eiv\u00e4t ole halukkaita asettamaan nuorille k\u00e4ytt\u00e4jille esimerkiksi aikarajoituksia. My\u00f6s EU:n s\u00e4\u00e4ntely, kuten digipalvelus\u00e4\u00e4d\u00f6s DSA, on osoittautunut tehottomaksi. Somej\u00e4tit ovat kehyst\u00e4neet s\u00e4\u00e4ntelyn yritykseksi rajoittaa ilmaisunvapautta ja onnistuneet saamaan Yhdysvaltojen nykyisen hallinnon kannalleen.<\/p>\n<p class=\"article-body mb-nof-24 px-nof-16\">On selv\u00e4\u00e4, ett\u00e4 jotain on teht\u00e4v\u00e4. Sosiaalisen median haitat lapsille ja nuorille ovat niin ilmeisi\u00e4, ett\u00e4 niist\u00e4 vaikeneminen olisi vastuutonta. Aikuisten tulee suojella alaik\u00e4isi\u00e4 sosiaalisen median haitoilta. Aivan kuten aikuiset suojelevat heit\u00e4 alkoholin ja tupakan haitoilta.<\/p>\n<p class=\"article-body mb-nof-24 px-nof-16\">Ik\u00e4rajan asettaminen ei kuitenkaan ole ongelmatonta. T\u00e4yskiellon vaatiminen sopii kyll\u00e4 aikuisille, jotka saisivat ulkoistettua vastuutaan yhteiskunnalle, mutta sosiaalisesta mediasta on nuorille my\u00f6s hy\u00f6ty\u00e4.<\/p>\n<p class=\"article-body mb-nof-24 px-nof-16\">Nuorten suojelussa on perinteisesti yritetty kielt\u00e4\u00e4 lapsilta se, mit\u00e4 ei haluta kielt\u00e4\u00e4 itselt\u00e4. Kun pit\u00e4isi katsoa digitaalisen median toimintaa ja aikuisten tekemisi\u00e4 sosiaalisessa mediassa, pest\u00e4\u00e4n k\u00e4det asettamalla lapsille ik\u00e4raja tai kielto, jota ei voida todellisuudessa valvoa. Jos rajoitukset on helppo kiert\u00e4\u00e4, ne voivat heikent\u00e4\u00e4 yleist\u00e4 lainkuuliaisuutta. Kielto voi my\u00f6s vied\u00e4 nuoria viel\u00e4 huonommin moderoiduille alustoille.<\/p>\n<p class=\"article-body mb-nof-24 px-nof-16\">Tasapaino lasten ja nuorten digitaalisten oikeuksien ja heid\u00e4n suojelunsa v\u00e4lill\u00e4 on kuitenkin l\u00f6ydett\u00e4v\u00e4. N\u00e4ytt\u00e4\u00e4 silt\u00e4, ett\u00e4 somej\u00e4tteihin tehoaa vain taloudellinen paine. EU:n on kovennettava sit\u00e4.<\/p>\n","protected":false},"excerpt":{"rendered":"P\u00e4\u00e4kirjoitus|Monessa maassa pohditaan nyt tiukennuksia lasten ja nuorten sosiaalisen median k\u00e4ytt\u00f6\u00e4 koskevaan lains\u00e4\u00e4d\u00e4nt\u00f6\u00f6n. Viime vuonna n\u00e4htiin selv\u00e4 k\u00e4\u00e4nne&hellip;\n","protected":false},"author":2,"featured_media":3965,"comment_status":"","ping_status":"","sticky":false,"template":"","format":"standard","meta":{"footnotes":""},"categories":[5],"tags":[22,23,26,27,33,31,30,17,46,24,25,28,29,15,18,21,32,19,20,16],"class_list":{"0":"post-138238","1":"post","2":"type-post","3":"status-publish","4":"format-standard","5":"has-post-thumbnail","7":"category-otsikot","8":"tag-breaking-news","9":"tag-breakingnews","10":"tag-featured-news","11":"tag-featurednews","12":"tag-fi","13":"tag-finland","14":"tag-finnish","15":"tag-headlines","16":"tag-helsingin-sanomat","17":"tag-latest-news","18":"tag-latestnews","19":"tag-main-news","20":"tag-mainnews","21":"tag-news","22":"tag-otsikot","23":"tag-paauutiset","24":"tag-suomi","25":"tag-top-stories","26":"tag-topstories","27":"tag-uutiset"},"share_on_mastodon":{"url":"https:\/\/pubeurope.com\/@fi\/115868522395855227","error":""},"_links":{"self":[{"href":"https:\/\/www.europesays.com\/fi\/wp-json\/wp\/v2\/posts\/138238","targetHints":{"allow":["GET"]}}],"collection":[{"href":"https:\/\/www.europesays.com\/fi\/wp-json\/wp\/v2\/posts"}],"about":[{"href":"https:\/\/www.europesays.com\/fi\/wp-json\/wp\/v2\/types\/post"}],"author":[{"embeddable":true,"href":"https:\/\/www.europesays.com\/fi\/wp-json\/wp\/v2\/users\/2"}],"replies":[{"embeddable":true,"href":"https:\/\/www.europesays.com\/fi\/wp-json\/wp\/v2\/comments?post=138238"}],"version-history":[{"count":0,"href":"https:\/\/www.europesays.com\/fi\/wp-json\/wp\/v2\/posts\/138238\/revisions"}],"wp:featuredmedia":[{"embeddable":true,"href":"https:\/\/www.europesays.com\/fi\/wp-json\/wp\/v2\/media\/3965"}],"wp:attachment":[{"href":"https:\/\/www.europesays.com\/fi\/wp-json\/wp\/v2\/media?parent=138238"}],"wp:term":[{"taxonomy":"category","embeddable":true,"href":"https:\/\/www.europesays.com\/fi\/wp-json\/wp\/v2\/categories?post=138238"},{"taxonomy":"post_tag","embeddable":true,"href":"https:\/\/www.europesays.com\/fi\/wp-json\/wp\/v2\/tags?post=138238"}],"curies":[{"name":"wp","href":"https:\/\/api.w.org\/{rel}","templated":true}]}}