{"id":138251,"date":"2026-01-10T03:25:09","date_gmt":"2026-01-10T03:25:09","guid":{"rendered":"https:\/\/www.europesays.com\/fi\/138251\/"},"modified":"2026-01-10T03:25:09","modified_gmt":"2026-01-10T03:25:09","slug":"mervi-kallio-aloittaa-hengaillaan-ohjelman-juontajana","status":"publish","type":"post","link":"https:\/\/www.europesays.com\/fi\/138251\/","title":{"rendered":"Mervi Kallio aloittaa Hengaillaan-ohjelman juontajana"},"content":{"rendered":"<p><strong>Mervi Kallio <\/strong>ajatteli pitk\u00e4\u00e4n, ett\u00e4 h\u00e4n on urheilutoimittaja ja pysyy lestiss\u00e4\u00e4n. Tosi-tv-kisoihin h\u00e4n ei ole koskaan l\u00e4htenyt mukaan, eik\u00e4 viihteen juontaminenkaan ole tuntunut omalta.<\/p>\n<p>Ainoan hypp\u00e4yksen viihteen suuntaan Kallio teki viitisen vuotta sitten urheiluaiheisessa Penkinl\u00e4mmitt\u00e4j\u00e4t-paneelissa.<\/p>\n<p>Mutta sitten tuli puhelu Hengaillaan-tuotannolta. Kalliota pyydettiin koekuvauksiin ohjelman juontajaksi, <strong>Jenni Poikeluksen <\/strong>saappaisiin.<\/p>\n<p>\u201dEn ole ikin\u00e4 ollut koekuvauk\u00adsissa, joten p\u00e4\u00e4tin menn\u00e4 ihan kokemuksen vuoksi. Valmistauduin tietysti huolella, mutta otin koekuvaukset rennosti. Ajattelin, ett\u00e4 minulla ei ole t\u00e4ss\u00e4 mit\u00e4\u00e4n h\u00e4vitt\u00e4v\u00e4\u00e4, sill\u00e4 minulla on jo kiva ty\u00f6\u201d, Kallio muistelee.<\/p>\n<p>\u201dNappijuttu minulle\u201d<\/p>\n<p>Koekuvaukset kiinnostivat Kalliota senkin vuoksi, ett\u00e4 h\u00e4n pit\u00e4\u00e4 Hengaillaan-formaatista ja on arvaillut vastauksia ohjelman kysymyksiin kotisohvalta k\u00e4sin. <\/p>\n<p>\u201dOikeastaan koko ohjelma tuntui ihan nappijutulta minulle, sill\u00e4 ty\u00f6ni formulatoimittajana vie minua ymp\u00e4ri maailmaa ja olen reissannut paljon my\u00f6s aiemmassa ty\u00f6ss\u00e4ni lentoem\u00e4nt\u00e4n\u00e4. Kaiken kukkuraksi Hengaillaan-l\u00e4hetykset sattuvat juuri tammi\u2013helmikuuhun, jolloin formulat ovat tauolla.\u201d<\/p>\n<p>    <a href=\"https:\/\/seura.fi\/wp-content\/uploads\/2026\/01\/yle_hengaillaan_s4_mo4jfklo00oyivnt6izm-jpgversion.jpg\" rel=\"nofollow noopener\" target=\"_blank\"><img loading=\"lazy\" decoding=\"async\" alt=\"\u201dOn hienoa p\u00e4\u00e4st\u00e4 tekem\u00e4\u00e4n t\u00f6it\u00e4 Matti R\u00f6ng\u00e4n kanssa. H\u00e4n on Keijo Lepp\u00e4sen ja Arvi Lindin ohella uskottavuuden ilmentym\u00e4 meille suomalaisille\u201d, Mervi Kallio sanoo.\" class=\"wp-image-2137470 awpo-lqip awpo-lazy\" width=\"2100\" height=\"1400\" style=\"--aspect-ratio: 1.5\" src=\"https:\/\/www.europesays.com\/fi\/wp-content\/uploads\/2026\/01\/yle_hengaillaan_s4_mo4jfklo00oyivnt6izm-jpgversion.jpg\"\/><\/a><br \/>\n      \u201dOn hienoa p\u00e4\u00e4st\u00e4 tekem\u00e4\u00e4n t\u00f6it\u00e4 Matti R\u00f6ng\u00e4n kanssa. H\u00e4n on Keijo Lepp\u00e4sen ja Arvi Lindin ohella uskottavuuden ilmentym\u00e4 meille suomalaisille\u201d, Mervi Kallio sanoo.      <\/p>\n<p>          \u00a9 Sari Soininen \/ Mediawan Finland Oy        <\/p>\n<p>Tultuaan valituksi Kallio tajusi, ett\u00e4 h\u00e4nen mieless\u00e4\u00e4n oli jo jonkin aikaa py\u00f6r\u00e4hdellyt toive uusista haasteista ty\u00f6rintamalla. <\/p>\n<p>\u201dSit\u00e4 en vain olisi voinut kuvitellakaan, ett\u00e4 uudet haasteet tarkoittaisivat lauantai-illan ison viihdeohjelman juontamista. Olen tosi otettu ja kiitollinen t\u00e4st\u00e4 mahdollisuudesta \u2013 ja jo siit\u00e4, ett\u00e4 minua kysyttiin.\u201d<\/p>\n<p>Kilpailuhenkinen Mervi Kallio<\/p>\n<p>Kallion kokemuksesta urheilutoimittajana on hy\u00f6ty\u00e4 suorana l\u00e4hetett\u00e4v\u00e4ss\u00e4 Hengaillaan-visassa. <\/p>\n<p>\u201dOlen tehnyt aina p\u00e4\u00e4osin suoria l\u00e4hetyksi\u00e4, ja niihin kuuluva j\u00e4nnite ja j\u00e4nnitys on minusta ihanaa. Suorassa l\u00e4hetyksess\u00e4 voi sattua mit\u00e4 vain, eik\u00e4 mit\u00e4\u00e4n saa takaisin. Luotan kuitenkin siihen, ett\u00e4 aina p\u00e4\u00e4st\u00e4\u00e4n eteenp\u00e4in eik\u00e4 t\u00e4ydellist\u00e4 j\u00e4\u00e4tymist\u00e4 tule.\u201d<\/p>\n<p>Kallion seurana kameroiden edess\u00e4 on toinen suorien l\u00e4hetysten konkari, ohjelman tuomariksi viime kaudella hyp\u00e4nnyt ex-uutis\u00adankkuri <strong>Matti R\u00f6nk\u00e4<\/strong>. <\/p>\n<p>Kaksikko on ehtinyt tutustua toistensa ty\u00f6tapoihin ohjelman harjoituksissa. Lis\u00e4ksi he k\u00e4viv\u00e4t yhdess\u00e4 alkuper\u00e4isen P\u00e5 sp\u00e5ret -sarjan kuvauksissa G\u00f6teborgissa, jossa heill\u00e4 oli enemm\u00e4nkin aikaa jutella.<\/p>\n<p>\u201dOn ollut mahtavaa tutustua Mattiin, ja on ohjelman kannalta kiva juttu, ett\u00e4 olemme kesken\u00e4mme aika erilaisia. Kuten Matti totesi: h\u00e4n lukee kotona kirjoja, ja min\u00e4 viilet\u00e4n maailmalla.\u201d<\/p>\n<p>Kallio on huomannut Hengaillaan-ohjelmaa katsellessaan, ett\u00e4 maailmalla viilett\u00e4misest\u00e4 on hy\u00f6ty\u00e4 visan kysymyksiin vastailtaessa. H\u00e4n tiet\u00e4\u00e4 kuitenkin my\u00f6s, ett\u00e4 paineet tv-studiossa ovat aivan toisenlaiset kuin kotisohvalla, etenkin kun viereisess\u00e4 kopissa istuu kilpaileva joukkue.<\/p>\n<p>\u201dOlen itse tosi kilpailuhenkinen. Yrit\u00e4n opetella, ett\u00e4 lautapelit ovat mukavaa yhdess\u00e4oloa eik\u00e4 aina tarvitse kilpailla verenmaku suussa. Toisaalta olen my\u00f6s sit\u00e4 mielt\u00e4, ett\u00e4 niin leikkimielist\u00e4 kisaa ei olekaan, etteik\u00f6 s\u00e4\u00e4nt\u00f6j\u00e4 tarvitsisi noudattaa pilkulleen. Onneksi minun ei tarvitse olla Hengaillaan-ohjelmassa tuomarina\u201d, Kallio toteaa nauraen. yy<\/p>\n<p>Hengaillaan, lauantai 10.1. klo 21.00, <a href=\"https:\/\/areena.yle.fi\/1-62829974\" target=\"_blank\" rel=\"noreferrer noopener nofollow\">TV1<\/a><\/p>\n<p><a href=\"https:\/\/seura.fi\/viihde\/julkkikset\/mervi-kallio-ja-kirsi-alm-olemme-aina-toistemme-puolella\/\" target=\"_blank\" rel=\"noreferrer noopener nofollow\">Lue my\u00f6s: Ty\u00f6tovereista syd\u00e4nyst\u00e4v\u00e4t \u2013 Kirsi Alm-Siira ja Mervi Kallio tukeutuvat toisiinsa arjessa ja el\u00e4m\u00e4n haasteissakin: \u201dOlemme aina toistemme puolella\u201d<\/a><\/p>\n","protected":false},"excerpt":{"rendered":"Mervi Kallio ajatteli pitk\u00e4\u00e4n, ett\u00e4 h\u00e4n on urheilutoimittaja ja pysyy lestiss\u00e4\u00e4n. Tosi-tv-kisoihin h\u00e4n ei ole koskaan l\u00e4htenyt mukaan,&hellip;\n","protected":false},"author":2,"featured_media":138252,"comment_status":"","ping_status":"","sticky":false,"template":"","format":"standard","meta":{"footnotes":""},"categories":[136],"tags":[407,137,33,31,30,15202,408,6048,15204,15203,32,22215,2203,109,24038],"class_list":{"0":"post-138251","1":"post","2":"type-post","3":"status-publish","4":"format-standard","5":"has-post-thumbnail","7":"category-julkkikset","8":"tag-celebrities","9":"tag-entertainment","10":"tag-fi","11":"tag-finland","12":"tag-finnish","13":"tag-hengaillaan","14":"tag-julkkikset","15":"tag-juontaja","16":"tag-matti-ronka","17":"tag-mervi-kallio","18":"tag-suomi","19":"tag-tietokilpailut","20":"tag-tv-maailma","21":"tag-viihde","22":"tag-visailuohjelmat"},"share_on_mastodon":{"url":"https:\/\/pubeurope.com\/@fi\/115868671874469376","error":""},"_links":{"self":[{"href":"https:\/\/www.europesays.com\/fi\/wp-json\/wp\/v2\/posts\/138251","targetHints":{"allow":["GET"]}}],"collection":[{"href":"https:\/\/www.europesays.com\/fi\/wp-json\/wp\/v2\/posts"}],"about":[{"href":"https:\/\/www.europesays.com\/fi\/wp-json\/wp\/v2\/types\/post"}],"author":[{"embeddable":true,"href":"https:\/\/www.europesays.com\/fi\/wp-json\/wp\/v2\/users\/2"}],"replies":[{"embeddable":true,"href":"https:\/\/www.europesays.com\/fi\/wp-json\/wp\/v2\/comments?post=138251"}],"version-history":[{"count":0,"href":"https:\/\/www.europesays.com\/fi\/wp-json\/wp\/v2\/posts\/138251\/revisions"}],"wp:featuredmedia":[{"embeddable":true,"href":"https:\/\/www.europesays.com\/fi\/wp-json\/wp\/v2\/media\/138252"}],"wp:attachment":[{"href":"https:\/\/www.europesays.com\/fi\/wp-json\/wp\/v2\/media?parent=138251"}],"wp:term":[{"taxonomy":"category","embeddable":true,"href":"https:\/\/www.europesays.com\/fi\/wp-json\/wp\/v2\/categories?post=138251"},{"taxonomy":"post_tag","embeddable":true,"href":"https:\/\/www.europesays.com\/fi\/wp-json\/wp\/v2\/tags?post=138251"}],"curies":[{"name":"wp","href":"https:\/\/api.w.org\/{rel}","templated":true}]}}