{"id":13827,"date":"2025-08-23T06:25:08","date_gmt":"2025-08-23T06:25:08","guid":{"rendered":"https:\/\/www.europesays.com\/fi\/13827\/"},"modified":"2025-08-23T06:25:08","modified_gmt":"2025-08-23T06:25:08","slug":"suomen-joukkueessa-kolkko-naky-suuressa-kriisissa","status":"publish","type":"post","link":"https:\/\/www.europesays.com\/fi\/13827\/","title":{"rendered":"Suomen joukkueessa kolkko n\u00e4ky: \u201dSuuressa kriisiss\u00e4\u201d"},"content":{"rendered":"<p>Vain kuusi miest\u00e4 on l\u00e4hd\u00f6ss\u00e4 Tokion MM-kisoihin. Joukkueen koko on 25\u201330 urheilijaa.<\/p>\n<p><img decoding=\"async\" class=\"image image-show image-preview\" src=\"https:\/\/www.europesays.com\/fi\/wp-content\/uploads\/2025\/08\/631f71c855341bc13206206852218d77a73aaa346305b89693bd242a63a30f51.jpg\" alt=\"\"\/><img decoding=\"async\" class=\"image image-show\" src=\"https:\/\/www.europesays.com\/fi\/wp-content\/uploads\/2025\/08\/1755930308_564_631f71c855341bc13206206852218d77a73aaa346305b89693bd242a63a30f51.jpg\" alt=\"\"\/><\/p>\n<p>Yksik\u00e4\u00e4n suomalainen miesjuoksija ei p\u00e4\u00e4se Tokioon. Kuvassa etualalla Joonas Rinne. <\/p>\n<p class=\"paragraph\">Kun Suomen yleisurheilumaajoukkue l\u00e4htee kisareissulle Tokion MM-mittel\u00f6ihin, n\u00e4ky on kolkko: vain kuusi miesurheilijaa.<\/p>\n<p class=\"paragraph\">\u2013 Miesten yleisurheilu on suuressa kriisiss\u00e4. Suomen kest\u00e4vyysjuoksu on ollut sit\u00e4 jo pitk\u00e4\u00e4n, sanoo Iltalehden yleisurheiluasiantuntija <strong>Arto Bryggare<\/strong>.<\/p>\n<p class=\"paragraph\">Japanissa n\u00e4hd\u00e4\u00e4n t\u00e4m\u00e4n hetken ranking-sijoitusten perusteella kolme keih\u00e4skarjua, k\u00e4velij\u00e4 <strong>Aku Partanen<\/strong>, seiv\u00e4smies <strong>Urho Kujanp\u00e4\u00e4<\/strong> ja moukarimaakari <strong>Henri Liipola<\/strong>.<\/p>\n<p class=\"paragraph\">Naisia Tokioon on valittu jo viisi: <strong>Saga Vanninen<\/strong>, <strong>Silja Kosonen<\/strong>, <strong>Krista Tervo<\/strong>, <strong>Nooralotta Neziri<\/strong> ja <strong>Lotta Harala<\/strong>.<\/p>\n<p class=\"paragraph\">Heid\u00e4n lis\u00e4kseen t\u00e4m\u00e4n hetken rankingin perusteella sis\u00e4ll\u00e4 17 naista. Heist\u00e4 ainakin yksi j\u00e4\u00e4 rannalle, sill\u00e4 pika-aitoihin valitaan maakiinti\u00f6n mukaisesti kolmanneksi edustajaksi <strong>Saara Keskitalo<\/strong> tai <strong>Reetta Hurske<\/strong>.<\/p>\n<p class=\"paragraph\">\u2013 Jos olet rankingiss\u00e4 sis\u00e4ll\u00e4 ja SUL:n tulosraja on tehty, niin k\u00e4yt\u00e4nn\u00f6ss\u00e4 urheilija valitaan Tokioon. Ei se SUL:n rajoista j\u00e4\u00e4 yhdenk\u00e4\u00e4n kohdalla kiinni, sanoo Urheiluliiton (SUL) puheenjohtaja <strong>Riikka Pakarinen<\/strong>.<\/p>\n<p class=\"paragraph\">SUL laati omat tulosrajat Tokioon, jotka ovat l\u00e4hinn\u00e4 kosmetiikkaa. Rajoilla haluttiin karsia ranking-pisteiden onnenonkijat.<\/p>\n<p>Nimekk\u00e4in raato<\/p>\n<p>Viivi Lehikoinen j\u00e4\u00e4nee ulos Tokiosta. PASI LIESIMAA<\/p>\n<p class=\"paragraph\">T\u00e4ll\u00e4 hetkell\u00e4 sis\u00e4\u00e4n on menossa viiden jo valitun lis\u00e4ksi 22 urheilijaa ranking-pisteill\u00e4.<\/p>\n<p class=\"paragraph\">Muutama suomalainen voi viel\u00e4 pudota pois ja vastaavasti muutama voi nousta sis\u00e4\u00e4n, joten joukkueen koko on 25\u201330 urheilijaa.<\/p>\n<p class=\"paragraph\">\u2013 Toivottavasti <strong>Mette Baas<\/strong> p\u00e4\u00e4sisi mukaan 400 metrille, koska kaikki h\u00e4nen n\u00e4ytt\u00f6ns\u00e4 ovat t\u00e4lt\u00e4 kalenterivuodelta, Bryggare toteaa.<\/p>\n<p class=\"paragraph\">Nimekk\u00e4in karsiutuja on 400 metrin aituri <strong>Viivi Lehikoinen<\/strong>. My\u00f6s Hurske j\u00e4\u00e4nee ulos.<\/p>\n<p class=\"paragraph\">\u2013 Lehikoinen on k\u00e4ynyt dramaattisen vaiheen l\u00e4pi. En silti pit\u00e4isi h\u00e4nt\u00e4 menetettyn\u00e4 urheilijana.<\/p>\n<p class=\"paragraph\">Miesten keih\u00e4\u00e4ss\u00e4 ja naisten pika-aidoissa Suomella on nelj\u00e4 valintakelpoista urheilijaa. SUL on laatinut tapauksia varten oman kriteerist\u00f6n, jossa ylint\u00e4 harkintavaltaa k\u00e4ytt\u00e4\u00e4 urheilujohtaja <strong>Tuomo Salonen<\/strong>.<\/p>\n<p class=\"paragraph\">Muutamalla rankingin perusteella Tokioon p\u00e4\u00e4sev\u00e4ll\u00e4 urheilijalla on terveysmurheita, joten kisakeikka on vaakalaudalla.<\/p>\n<p class=\"paragraph\">Aiemmin valituista kest\u00e4vyysjuoksija <strong>Camilla Richardsson<\/strong> j\u00e4i pois loukkaantumisen takia.<\/p>\n<p>KutistuiFAKTATTokioon ranking-perusteella, tilanne 22.8.2025<\/p>\n<p class=\"paragraph\"><strong>Naiset:<\/strong><\/p>\n<p class=\"paragraph\">800 m: Eveliina M\u00e4\u00e4tt\u00e4nen<\/p>\n<p class=\"paragraph\">5\u00a0000 m: Nathalie Blomqvist<\/p>\n<p class=\"paragraph\">100 m aidat: Nooralotta Neziri ja Lotta Harala valittu jo \u2013 kolmas paikka Saara Keskitalo tai Reetta Hurske<\/p>\n<p class=\"paragraph\">400 m aidat: Hilla Uusim\u00e4ki ja Kristiina Halonen<\/p>\n<p class=\"paragraph\">3\u00a0000 m esteet: Ilona Monen<\/p>\n<p class=\"paragraph\">Korkeus: Ella Junnila<\/p>\n<p class=\"paragraph\">Seiv\u00e4s: Elina Lampela, Wilma Murto ja Saga Andersson<\/p>\n<p class=\"paragraph\">Loikka: Senni Salminen<\/p>\n<p class=\"paragraph\">Kuula: Emilia Kangas, Senja M\u00e4kit\u00f6rm\u00e4 ja Eveliina Rouvali<\/p>\n<p class=\"paragraph\">Moukari: Krista Tervo ja Silja Kosonen valittu jo, Suvi Niiranen<\/p>\n<p class=\"paragraph\">Maraton: Alisa Vainio<\/p>\n<p class=\"paragraph\">Ottelu: Saga Vanninen valittu jo<\/p>\n<p class=\"paragraph\"><strong>Miehet:<\/strong><\/p>\n<p class=\"paragraph\">Seiv\u00e4s: Urho Kujanp\u00e4\u00e4<\/p>\n<p class=\"paragraph\">Moukari: Henri Liipola<\/p>\n<p class=\"paragraph\">Keih\u00e4s: Oliver Helander, Lassi Etel\u00e4talo, Eemil Porvari ja Toni Ker\u00e4nen valintakelpoisia<\/p>\n<p class=\"paragraph\">20 km k\u00e4vely: Aku Partanen<\/p>\n<p class=\"paragraph\">Kaksi vuotta sitten Budapestin MM-kisoissa Suomen joukkueessa oli 40 ja vuonna 2022 Eugenessa 36 urheilijaa.<\/p>\n<p class=\"paragraph\">Suomalaiset hy\u00f6tyiv\u00e4t ensimm\u00e4ist\u00e4 kertaa MM-kisoissa kolme vuotta sitten k\u00e4yt\u00f6ss\u00e4 olleesta ranking-systeemist\u00e4, kun osattiin kiert\u00e4\u00e4 pistekisoja ja SUL l\u00e4hetti matkalle kaikki valintakelpoiset.<\/p>\n<p class=\"paragraph\">\u2013 Eugenessa oli aika paljon urheilijoita, jotka olivat v\u00e4\u00e4riss\u00e4 kisoissa. Muillakin mailla oli saumoja nimet\u00e4 urheilijoita, mutta katsottiin j\u00e4rkev\u00e4sti, ett\u00e4 he eiv\u00e4t kuulu kisoihin. Suomella ei ollut mit\u00e4\u00e4n rajaa, Bryggare toteaa.<\/p>\n<p class=\"paragraph\">Dohan MM-kisoissa 2019 Suomen tiimiss\u00e4 oli 21 urheilijaa.<\/p>\n<p class=\"paragraph\">\u2013 Tokion-joukkueessa ei ole juuri mit\u00e4\u00e4n yll\u00e4tt\u00e4v\u00e4\u00e4. Kisoihin l\u00e4htee suunnilleen se m\u00e4\u00e4r\u00e4 urheilijoita, joka vastaa Suomen tasoa.<\/p>\n<p class=\"paragraph\">Ranking-aikaikkuna umpeutuu sunnuntaina.<\/p>\n","protected":false},"excerpt":{"rendered":"Vain kuusi miest\u00e4 on l\u00e4hd\u00f6ss\u00e4 Tokion MM-kisoihin. Joukkueen koko on 25\u201330 urheilijaa. Yksik\u00e4\u00e4n suomalainen miesjuoksija ei p\u00e4\u00e4se Tokioon.&hellip;\n","protected":false},"author":2,"featured_media":13828,"comment_status":"","ping_status":"","sticky":false,"template":"","format":"standard","meta":{"footnotes":""},"categories":[5],"tags":[35,22,23,26,27,33,31,30,17,2987,24,25,41,28,29,15,2666,18,21,32,19,20,161,16,162],"class_list":{"0":"post-13827","1":"post","2":"type-post","3":"status-publish","4":"format-standard","5":"has-post-thumbnail","7":"category-otsikot","8":"tag-24h","9":"tag-breaking-news","10":"tag-breakingnews","11":"tag-featured-news","12":"tag-featurednews","13":"tag-fi","14":"tag-finland","15":"tag-finnish","16":"tag-headlines","17":"tag-juoksu-urheilu","18":"tag-latest-news","19":"tag-latestnews","20":"tag-liikunta-ja-urheilu","21":"tag-main-news","22":"tag-mainnews","23":"tag-news","24":"tag-olympia","25":"tag-otsikot","26":"tag-paauutiset","27":"tag-suomi","28":"tag-top-stories","29":"tag-topstories","30":"tag-urheilutapahtumat","31":"tag-uutiset","32":"tag-yleisurheilu"},"share_on_mastodon":{"url":"","error":""},"_links":{"self":[{"href":"https:\/\/www.europesays.com\/fi\/wp-json\/wp\/v2\/posts\/13827","targetHints":{"allow":["GET"]}}],"collection":[{"href":"https:\/\/www.europesays.com\/fi\/wp-json\/wp\/v2\/posts"}],"about":[{"href":"https:\/\/www.europesays.com\/fi\/wp-json\/wp\/v2\/types\/post"}],"author":[{"embeddable":true,"href":"https:\/\/www.europesays.com\/fi\/wp-json\/wp\/v2\/users\/2"}],"replies":[{"embeddable":true,"href":"https:\/\/www.europesays.com\/fi\/wp-json\/wp\/v2\/comments?post=13827"}],"version-history":[{"count":0,"href":"https:\/\/www.europesays.com\/fi\/wp-json\/wp\/v2\/posts\/13827\/revisions"}],"wp:featuredmedia":[{"embeddable":true,"href":"https:\/\/www.europesays.com\/fi\/wp-json\/wp\/v2\/media\/13828"}],"wp:attachment":[{"href":"https:\/\/www.europesays.com\/fi\/wp-json\/wp\/v2\/media?parent=13827"}],"wp:term":[{"taxonomy":"category","embeddable":true,"href":"https:\/\/www.europesays.com\/fi\/wp-json\/wp\/v2\/categories?post=13827"},{"taxonomy":"post_tag","embeddable":true,"href":"https:\/\/www.europesays.com\/fi\/wp-json\/wp\/v2\/tags?post=13827"}],"curies":[{"name":"wp","href":"https:\/\/api.w.org\/{rel}","templated":true}]}}