{"id":138275,"date":"2026-01-10T04:05:07","date_gmt":"2026-01-10T04:05:07","guid":{"rendered":"https:\/\/www.europesays.com\/fi\/138275\/"},"modified":"2026-01-10T04:05:07","modified_gmt":"2026-01-10T04:05:07","slug":"trump-venaja-tai-kiina-miehittaa-gronlannin-jos-yhdysvallat-ei-sita-tee-uutisia-lyhyesti","status":"publish","type":"post","link":"https:\/\/www.europesays.com\/fi\/138275\/","title":{"rendered":"Trump: Ven\u00e4j\u00e4 tai Kiina miehitt\u00e4\u00e4 Gr\u00f6nlannin, jos Yhdysvallat ei sit\u00e4 tee | Uutisia lyhyesti"},"content":{"rendered":"<p class=\"aw-1gybjub aw-5vja16 kEtdKx kmuxyA yle__article__paragraph\">Trumpin mukaan Yhdysvallat ei puolusta Gr\u00f6nlantia, ellei se omista sit\u00e4.<\/p>\n<p class=\"aw-1gybjub aw-1p7kakr kEtdKx cEmitX yle__article__paragraph\">Yhdysvaltain presidentti <strong class=\"aw-ak79eh KyCXm yle__article__strong\">Donald Trumpin<\/strong> mukaan Kiina tai Ven\u00e4j\u00e4 miehitt\u00e4\u00e4 Gr\u00f6nlannin, jos Yhdysvallat ei sit\u00e4 tee. Trump kommentoi asiaa Valkoisessa talossa j\u00e4rjestetyss\u00e4 <a class=\"aw-iao6s4 iHOxEa yle__article__link\" href=\"https:\/\/www.youtube.com\/live\/iaE8lw8_x30?si=hEGB3SZHEOIuykL1&amp;t=3729\" role=\"link\" rel=\"nofollow noopener\" target=\"_blank\">tiedotustilaisuudessa<\/a>.<\/p>\n<p class=\"aw-1gybjub aw-1p7kakr kEtdKx cEmitX yle__article__paragraph\">Trumpin mukaan Gr\u00f6nlannin ymp\u00e4rill\u00e4 on kiinalaisia ja ven\u00e4l\u00e4isi\u00e4 h\u00e4vitt\u00e4j\u00e4aluksia sek\u00e4 Ven\u00e4j\u00e4n sukellusveneit\u00e4.<\/p>\n<p class=\"aw-1gybjub aw-1p7kakr kEtdKx cEmitX yle__article__paragraph\">\u2013 Emme salli Ven\u00e4j\u00e4n tai Kiinan miehitt\u00e4\u00e4 Gr\u00f6nlantia. He tekev\u00e4t sen, jos me emme tee sit\u00e4, Trump sanoi.<\/p>\n<p class=\"aw-1gybjub aw-1p7kakr kEtdKx cEmitX yle__article__paragraph\">Trump sanoi haluavansa sopia Gr\u00f6nlannin haltuunotosta helpomman tavan kautta.<\/p>\n<p class=\"aw-1gybjub aw-1p7kakr kEtdKx cEmitX yle__article__paragraph\">\u2013 Jos emme tee sit\u00e4 helpomman kautta, teemme sen vaikeamman kautta, h\u00e4n sanoi.<\/p>\n<p class=\"aw-1gybjub aw-1p7kakr kEtdKx cEmitX yle__article__paragraph\">Tiedotustilaisuudessa Trump sanoi haluavansa tehd\u00e4 \u201ddiilin\u201d Tanskan kanssa, mutta sanoi ettei h\u00e4n keskustele viel\u00e4 rahasta Gr\u00f6nlannin suhteen.<\/p>\n<p class=\"aw-1gybjub aw-1p7kakr kEtdKx cEmitX yle__article__paragraph\">Trumpilta kysyttiin tilaisuudessa, miksi Yhdysvaltojen on saatava Gr\u00f6nlanti hallintaansa sen sijaan, ett\u00e4 maa lis\u00e4isi sotilaallista l\u00e4sn\u00e4oloaan saarella.<\/p>\n<p class=\"aw-1gybjub aw-1p7kakr kEtdKx cEmitX yle__article__paragraph\">\u2013 Omistettua (maata) puolustaa, ei vuokrattua, Trump vastasi.<\/p>\n<p class=\"aw-1gybjub aw-1p7kakr kEtdKx cEmitX yle__article__paragraph\">Trump on toisen presidenttikautensa aikana toistuvasti sanonut Yhdysvaltain tarvitsevan Gr\u00f6nlannin itselleen. H\u00e4n ei ole sulkenut pois sotilaallisen voiman k\u00e4ytt\u00f6\u00e4, vaikka Gr\u00f6nlanti on Nato-maa Tanskan itsehallintoalue.<\/p>\n<p class=\"aw-1gybjub aw-1p7kakr kEtdKx cEmitX yle__article__paragraph\">Trump sanoi t\u00e4ll\u00e4 viikolla New York Timesin<a class=\"aw-iao6s4 iHOxEa yle__article__link\" href=\"https:\/\/www.nytimes.com\/2026\/01\/08\/us\/politics\/trump-interview-power-morality.html\" role=\"link\" rel=\"nofollow noopener\" target=\"_blank\"> haastattelussa<\/a>, ett\u00e4 h\u00e4nen on mahdollisesti teht\u00e4v\u00e4 valinta sotilasliitto Naton s\u00e4ilytt\u00e4misen tai Gr\u00f6nlannin saamisen v\u00e4lilt\u00e4.<\/p>\n<p class=\"aw-1gybjub aw-1p7kakr kEtdKx cEmitX yle__article__paragraph\">L\u00e4hteet: AFP, Reuters<\/p>\n","protected":false},"excerpt":{"rendered":"Trumpin mukaan Yhdysvallat ei puolusta Gr\u00f6nlantia, ellei se omista sit\u00e4. Yhdysvaltain presidentti Donald Trumpin mukaan Kiina tai Ven\u00e4j\u00e4&hellip;\n","protected":false},"author":2,"featured_media":74,"comment_status":"","ping_status":"","sticky":false,"template":"","format":"standard","meta":{"footnotes":""},"categories":[5],"tags":[22,23,585,26,27,33,31,30,4538,17,70,24,25,28,29,15,18,21,6811,32,1014,19,20,56,16,619,146,1867],"class_list":{"0":"post-138275","1":"post","2":"type-post","3":"status-publish","4":"format-standard","5":"has-post-thumbnail","7":"category-otsikot","8":"tag-breaking-news","9":"tag-breakingnews","10":"tag-donald-trump","11":"tag-featured-news","12":"tag-featurednews","13":"tag-fi","14":"tag-finland","15":"tag-finnish","16":"tag-gronlanti","17":"tag-headlines","18":"tag-kansainvalinen-politiikka","19":"tag-latest-news","20":"tag-latestnews","21":"tag-main-news","22":"tag-mainnews","23":"tag-news","24":"tag-otsikot","25":"tag-paauutiset","26":"tag-presidentti-trumpin-hallinto","27":"tag-suomi","28":"tag-tanska","29":"tag-top-stories","30":"tag-topstories","31":"tag-ulkomaat","32":"tag-uutiset","33":"tag-yhdysvallat","34":"tag-yhdysvaltain-presidentti","35":"tag-yhdysvaltojen-politiikka"},"share_on_mastodon":{"url":"https:\/\/pubeurope.com\/@fi\/115868829088746349","error":""},"_links":{"self":[{"href":"https:\/\/www.europesays.com\/fi\/wp-json\/wp\/v2\/posts\/138275","targetHints":{"allow":["GET"]}}],"collection":[{"href":"https:\/\/www.europesays.com\/fi\/wp-json\/wp\/v2\/posts"}],"about":[{"href":"https:\/\/www.europesays.com\/fi\/wp-json\/wp\/v2\/types\/post"}],"author":[{"embeddable":true,"href":"https:\/\/www.europesays.com\/fi\/wp-json\/wp\/v2\/users\/2"}],"replies":[{"embeddable":true,"href":"https:\/\/www.europesays.com\/fi\/wp-json\/wp\/v2\/comments?post=138275"}],"version-history":[{"count":0,"href":"https:\/\/www.europesays.com\/fi\/wp-json\/wp\/v2\/posts\/138275\/revisions"}],"wp:featuredmedia":[{"embeddable":true,"href":"https:\/\/www.europesays.com\/fi\/wp-json\/wp\/v2\/media\/74"}],"wp:attachment":[{"href":"https:\/\/www.europesays.com\/fi\/wp-json\/wp\/v2\/media?parent=138275"}],"wp:term":[{"taxonomy":"category","embeddable":true,"href":"https:\/\/www.europesays.com\/fi\/wp-json\/wp\/v2\/categories?post=138275"},{"taxonomy":"post_tag","embeddable":true,"href":"https:\/\/www.europesays.com\/fi\/wp-json\/wp\/v2\/tags?post=138275"}],"curies":[{"name":"wp","href":"https:\/\/api.w.org\/{rel}","templated":true}]}}