{"id":138292,"date":"2026-01-10T04:50:11","date_gmt":"2026-01-10T04:50:11","guid":{"rendered":"https:\/\/www.europesays.com\/fi\/138292\/"},"modified":"2026-01-10T04:50:11","modified_gmt":"2026-01-10T04:50:11","slug":"viktor-rhodin-31-on-kuollut","status":"publish","type":"post","link":"https:\/\/www.europesays.com\/fi\/138292\/","title":{"rendered":"Viktor Rhodin, 31, on kuollut"},"content":{"rendered":"<p>Viktor Rhodin kuoli vain 31-vuotiaana.<\/p>\n<p><img decoding=\"async\" class=\"image image-show image-preview\" src=\"https:\/\/www.europesays.com\/fi\/wp-content\/uploads\/2026\/01\/e40ddfe2e91e8ceae8017dcc9feea44ed74f7ff195745709b60cdf17075bb3dc.jpg\" alt=\"\"\/><img decoding=\"async\" class=\"image image-show\" src=\"https:\/\/www.europesays.com\/fi\/wp-content\/uploads\/2026\/01\/1768020611_180_e40ddfe2e91e8ceae8017dcc9feea44ed74f7ff195745709b60cdf17075bb3dc.jpg\" alt=\"\"\/><\/p>\n<p>Viktor Rhodin on kuollut. AOP<\/p>\n<p class=\"paragraph\">K\u00e4sipalloilija <strong>Viktor Rhodin<\/strong> on kuollut, kertoo ruotsalaislehti <a href=\"https:\/\/www.expressen.se\/sport\/handboll\/handbollsspelaren-viktor-rhodin-dod--blev-31-ar-gammal\/\" target=\"_blank\" rel=\"noopener nofollow\">Expressen<\/a>. Rhodin oli 31-vuotias.<\/p>\n<p class=\"paragraph\">Sy\u00f6p\u00e4\u00e4 sairastanut ruotsalaispelaaja kuoli tiistaina 6. tammikuuta.<\/p>\n<p class=\"paragraph\">\u2013 H\u00e4n oli maailman paras is\u00e4 <strong>Inezille<\/strong>, puoliso <strong>Mikaela<\/strong> viestitt\u00e4\u00e4 lehdelle ja viittaa parin yhteiseen lapseen.<\/p>\n<p class=\"paragraph\">Rhodinin terveysmurheet alkoivat l\u00e4hes kuusi vuotta sitten. <a href=\"https:\/\/www.gp.se\/sport\/handboll\/handbollsspelaren-viktor-rhodin-ar-dod.7ebefc6f-b86e-4098-9a60-17cdcf13f64e\" target=\"_blank\" rel=\"noopener nofollow\">G\u00f6terborgs-Postenin<\/a> mukaan pelaaja sai epileptisen kohtauksen kotonaan ja romahti. R\u00f6ntgenkuvauksessa paljastui, ett\u00e4 Rhodinin aivoissa on pahanlaatuinen kasvain.<\/p>\n<p class=\"paragraph\">Ruotsalaispelaaja k\u00e4vi leikkauksessa ja palasi pelaamaan per\u00e4ti Ruotsin p\u00e4\u00e4sarjaan. H\u00e4n edusti kaudella 2022\u20132023 Aran\u00e4si\u00e4, joka j\u00e4i h\u00e4nen viimeiseksi seurakseen.<\/p>\n<p class=\"paragraph\">Sy\u00f6p\u00e4 uusiutui kev\u00e4\u00e4ll\u00e4 2024, eik\u00e4 sit\u00e4 voinut en\u00e4\u00e4 leikata. Kes\u00e4ll\u00e4 tuli tieto, ett\u00e4 sy\u00f6p\u00e4 oli levinnyt nopeasti.<\/p>\n<p class=\"paragraph\">Rhodin edusti urallaan my\u00f6s S\u00e4vehofia ja \u00d6nneredsi\u00e4.<\/p>\n","protected":false},"excerpt":{"rendered":"Viktor Rhodin kuoli vain 31-vuotiaana. Viktor Rhodin on kuollut. AOP K\u00e4sipalloilija Viktor Rhodin on kuollut, kertoo ruotsalaislehti Expressen.&hellip;\n","protected":false},"author":2,"featured_media":138293,"comment_status":"","ping_status":"","sticky":false,"template":"","format":"standard","meta":{"footnotes":""},"categories":[158],"tags":[35,33,31,30,101,99,100,98,159,32,167,160],"class_list":{"0":"post-138292","1":"post","2":"type-post","3":"status-publish","4":"format-standard","5":"has-post-thumbnail","7":"category-urheilu","8":"tag-24h","9":"tag-fi","10":"tag-finland","11":"tag-finnish","12":"tag-ihmissuhteet","13":"tag-lapset","14":"tag-lapset-ja-nuoret","15":"tag-perhe","16":"tag-sports","17":"tag-suomi","18":"tag-terveys","19":"tag-urheilu"},"share_on_mastodon":{"url":"https:\/\/pubeurope.com\/@fi\/115869006370837420","error":""},"_links":{"self":[{"href":"https:\/\/www.europesays.com\/fi\/wp-json\/wp\/v2\/posts\/138292","targetHints":{"allow":["GET"]}}],"collection":[{"href":"https:\/\/www.europesays.com\/fi\/wp-json\/wp\/v2\/posts"}],"about":[{"href":"https:\/\/www.europesays.com\/fi\/wp-json\/wp\/v2\/types\/post"}],"author":[{"embeddable":true,"href":"https:\/\/www.europesays.com\/fi\/wp-json\/wp\/v2\/users\/2"}],"replies":[{"embeddable":true,"href":"https:\/\/www.europesays.com\/fi\/wp-json\/wp\/v2\/comments?post=138292"}],"version-history":[{"count":0,"href":"https:\/\/www.europesays.com\/fi\/wp-json\/wp\/v2\/posts\/138292\/revisions"}],"wp:featuredmedia":[{"embeddable":true,"href":"https:\/\/www.europesays.com\/fi\/wp-json\/wp\/v2\/media\/138293"}],"wp:attachment":[{"href":"https:\/\/www.europesays.com\/fi\/wp-json\/wp\/v2\/media?parent=138292"}],"wp:term":[{"taxonomy":"category","embeddable":true,"href":"https:\/\/www.europesays.com\/fi\/wp-json\/wp\/v2\/categories?post=138292"},{"taxonomy":"post_tag","embeddable":true,"href":"https:\/\/www.europesays.com\/fi\/wp-json\/wp\/v2\/tags?post=138292"}],"curies":[{"name":"wp","href":"https:\/\/api.w.org\/{rel}","templated":true}]}}