{"id":138297,"date":"2026-01-10T04:55:12","date_gmt":"2026-01-10T04:55:12","guid":{"rendered":"https:\/\/www.europesays.com\/fi\/138297\/"},"modified":"2026-01-10T04:55:12","modified_gmt":"2026-01-10T04:55:12","slug":"kajaanin-ammattikorkeakoulun-esports-business-linja-ei-kiinnosta-enaa-suomalaisia","status":"publish","type":"post","link":"https:\/\/www.europesays.com\/fi\/138297\/","title":{"rendered":"Kajaanin ammattikorkeakoulun Esports business -linja ei kiinnosta en\u00e4\u00e4 suomalaisia"},"content":{"rendered":"<p>Aasialaiset opiskelijat ovat ohittaneet suomalaiset yhdess\u00e4 Kajaanin ammattikorkeakoulun tradenomikoulutuksessa. Lehtori ei t\u00e4ysin ymm\u00e4rr\u00e4, miksi.<\/p>\n<p>9.1. 13:55<\/p>\n<p class=\"article-body mb-nof-24 px-nof-16\">Kajaanin ammattikorkeakoulun lehtori <a class=\"font-bold underline-offset-[0.12em] [text-decoration:var(--person-link-text-decoration)] ![text-decoration-color:var(--person-link-text-decoration-color)]\" href=\"https:\/\/www.is.fi\/haku\/?query=Janus%20Pitk%C3%A4nen\" rel=\"nofollow noopener\" target=\"_blank\">Janus Pitk\u00e4nen<\/a> on hieman ymm\u00e4ll\u00e4\u00e4n.<\/p>\n<p class=\"article-body mb-nof-24 px-nof-16\">Korkeakoulun syksyll\u00e4 2018 aloittama kansainv\u00e4linen Esports business -koulutusohjelma, joka johtaa liiketalouden tutkintoon, ei kiinnosta suomalaisia opiskelijoita en\u00e4\u00e4 alkuvuosien tapaan.<\/p>\n<p class=\"article-body mb-nof-24 px-nof-16\">\u2013 Ensimm\u00e4isen nelj\u00e4n vuoden ajan puolet linjan opiskelijoista tuli Suomesta. Vuonna 2023 meill\u00e4 aloitti iso ryhm\u00e4, jossa oli en\u00e4\u00e4 kourallinen suomalaisia. Viimeisimm\u00e4ss\u00e4 ryhm\u00e4ss\u00e4 eli t\u00e4n\u00e4 syksyn\u00e4 aloitti nelj\u00e4 suomalaista, Pitk\u00e4nen kertoo.<\/p>\n<p class=\"article-body mb-nof-24 px-nof-16\">Suunta on jo pitk\u00e4\u00e4n ollut laskeva. Suomalaisopiskelijoilta saadun palautteen perusteella markkinointi ei ole tavoittanut kohderyhmi\u00e4 riitt\u00e4v\u00e4n tehokkaasti.<\/p>\n<p class=\"article-body mb-nof-24 px-nof-16\">\u2013 T\u00e4t\u00e4 olen kuullut etenkin alan tapahtumissa vieraillessani, Pitk\u00e4nen harmittelee.<\/p>\n<p class=\"article-body mb-nof-24 px-nof-16\">Oman ongelmansa on tuonut my\u00f6s hakuajankohta: kansainv\u00e4lisen linjan hakuaika on heti tammikuussa, kun mahdollisesti kouluissa painotetaan huhtikuussa alkavaa yhteishakua, Pitk\u00e4nen pohtii. Lis\u00e4ksi itse hakusivusto on muuttunut vuosien aikana, mink\u00e4 h\u00e4n uskoo my\u00f6s vaikuttaneen aiemmin kysynt\u00e4\u00e4n.<\/p>\n<p class=\"article-body mb-nof-24 px-nof-16\">\u2013 Olen lukenut, ett\u00e4 nykyisin nuoret l\u00e4htev\u00e4t v\u00e4hemm\u00e4n muualle opiskelemaan, joten ehk\u00e4 sekin vaikuttaa. Kajaanihan on v\u00e4h\u00e4n kaukana, mutta useimmat t\u00e4nne tulleet ovat kuitenkin tyk\u00e4styneet.<\/p>\n<p><img decoding=\"async\" src=\"https:\/\/www.europesays.com\/fi\/wp-content\/uploads\/2026\/01\/1768020912_234_468.jpg\" alt=\"Pitk\u00e4nen eli \u201dJaukku\u201d on entinen Counter-Strike-kilpapelaaja. H\u00e4n on ollut mukana Kamkin esports-opinnoissa alusta asti.\" class=\"_Img_1rerz_1\" style=\"aspect-ratio:1.7777777777777777\" loading=\"eager\"\/><\/p>\n<p class=\"article-picture-caption\">Pitk\u00e4nen eli \u201dJaukku\u201d on entinen Counter-Strike-kilpapelaaja. H\u00e4n on ollut mukana Kamkin esports-opinnoissa alusta asti. Kuva:\u00a0Kamk.gg<\/p>\n<p class=\"article-body mb-nof-24 px-nof-16\">Suomalaisten opiskelijoiden m\u00e4\u00e4r\u00e4n v\u00e4henemisest\u00e4 huolimatta kansainv\u00e4lisen esports-koulutusohjelman kohtalo ei ole vaarassa ulkopuolisen kiinnostuksen takia.<\/p>\n<p class=\"article-body mb-nof-24 px-nof-16\">Tilanne voi kuitenkin johtaa siihen, ett\u00e4 oppilaitoksessa joudutaan pohtimaan, onko t\u00e4llaisen tutkintokoulutuksen yll\u00e4pit\u00e4minen pitk\u00e4ll\u00e4 aikav\u00e4lill\u00e4 perusteltua.<\/p>\n<p class=\"article-body mb-nof-24 px-nof-16\">Nykytilanne harmittaa lehtori Pitk\u00e4st\u00e4 muiden opettajien sek\u00e4 koko toimialan puolesta.<\/p>\n<p class=\"article-body mb-nof-24 px-nof-16\">\u2013 Eik\u00f6 alaa koeta en\u00e4\u00e4 houkuttelevaksi? Pitk\u00e4nen pohtii \u00e4\u00e4neen.<\/p>\n<p class=\"article-body mb-nof-24 px-nof-16\">Pitk\u00e4nen uskoo my\u00f6s monilla olevan ehk\u00e4 hieman v\u00e4\u00e4r\u00e4nlainen kuva koulutuksesta: kyseess\u00e4 on englanninkielinen tradenomitutkinto, jossa erikoistutaan esportsiin.<\/p>\n<p class=\"article-body mb-nof-24 px-nof-16\">\u2013 T\u00e4m\u00e4 sopii kaikille, joilla on edes jonkinlaista tietoteknist\u00e4 osaamista, kohtuullinen englannin kielen taito, on avomielinen, kiinnostunut liiketalouden opinnoista tai yritt\u00e4jyydest\u00e4. Ei siit\u00e4 ole my\u00f6sk\u00e4\u00e4n haittaa, jos on e-urheilusta kiinnostunut, mutta se ei ole pakollista. Ei miss\u00e4\u00e4n nimess\u00e4 tarvitse olla kilpapelaaja.<\/p>\n<p class=\"article-body mb-nof-24 px-nof-16\">210 opintopisteest\u00e4 esportsiin liittyvi\u00e4 kokonaisuuksia on 30 pakollista ja maksimissaan 90. Opintopisteit\u00e4 voi hankkia esimerkiksi ty\u00f6skentelem\u00e4ll\u00e4 koulun oman Kamkg.gg-organisaation parissa.<\/p>\n<p class=\"article-body mb-nof-24 px-nof-16\">\u2013 Siell\u00e4 opetellaan, miten liiketoimintaymp\u00e4rist\u00f6 toimii, miten hankitaan sponsoreita, miten joukkueita py\u00f6ritet\u00e4\u00e4n ja n\u00e4in edelleen. Se on puhtaasti oppimisymp\u00e4rist\u00f6, emmek\u00e4 yrit\u00e4 kilpailla Suomen parhaiden kanssa.<\/p>\n<p><img decoding=\"async\" src=\"https:\/\/www.europesays.com\/fi\/wp-content\/uploads\/2026\/01\/1768020912_629_468.jpg\" alt=\"Kamk.gg:ss\u00e4 opiskelijat ovat muun muassa j\u00e4rjest\u00e4neet omia turnauksia ja hoitaneet niiden suorat l\u00e4hetykset.\" class=\"_Img_1rerz_1\" style=\"aspect-ratio:1.7777777777777777\" loading=\"eager\"\/><\/p>\n<p class=\"article-picture-caption\">Kamk.gg:ss\u00e4 opiskelijat ovat muun muassa j\u00e4rjest\u00e4neet omia turnauksia ja hoitaneet niiden suorat l\u00e4hetykset. Kuva:\u00a0Kamk.gg<\/p>\n<p class=\"article-body mb-nof-24 px-nof-16\">Koulutuksen alkuaikoina aloituspaikkoja oli 20, ja ryhm\u00e4koko nousi my\u00f6hemmin parhaimmillaan 35 opiskelijaan. T\u00e4n\u00e4 syksyn\u00e4 ryhm\u00e4koko oli en\u00e4\u00e4 15.<\/p>\n<p class=\"article-body mb-nof-24 px-nof-16\">\u2013 Esports business oli ensimm\u00e4iset viisi vuotta meid\u00e4n suosituin kansainv\u00e4linen koulutuksemme. Alkuun yht\u00e4 aloituspaikkaa kohti oli 3\u20134 hakijaa. Viimeiset kaksi vuotta hakijoita on ollut kansainv\u00e4lisist\u00e4 linjoista sitten melkein v\u00e4hiten.<\/p>\n<p class=\"article-body mb-nof-24 px-nof-16\">Romahdus on n\u00e4kynyt nimenomaan suomalaisopiskelijoiden puuttumisessa, joita Pitk\u00e4nen toivoisi lis\u00e4\u00e4. My\u00f6s ulkomailta tulevien opiskelijoiden tausta on muuttunut. Alussa noin 90 prosenttia hakijoista oli syv\u00e4llisesti kiinnostuneita esportsista.<\/p>\n<p class=\"article-body mb-nof-24 px-nof-16\">\u2013 Nyt ehk\u00e4 noin 75 prosenttia tiet\u00e4\u00e4, mihin ovat tulleet, kun puhutaan ulkomaalaisista. Aika iso muutos lyhyess\u00e4 ajassa. Suomalaiset kyll\u00e4 tiet\u00e4v\u00e4t, mihin ovat hakeneet.<\/p>\n<p class=\"article-body mb-nof-24 px-nof-16\">Pitk\u00e4nen uskoo muutoksen olevan monen tekij\u00e4n summa. Viime vuosina noin 40 prosenttia opiskelijoista on tullut Euroopasta ja loput Aasiasta, erityisesti Kiinasta, Pakistanista ja Bangladeshista.<\/p>\n<p class=\"article-body mb-nof-24 px-nof-16\">\u2013 T\u00e4nne on varmasti ajautunut jonkin verran opiskelijoita, jotka eiv\u00e4t ole tienneet, mit\u00e4 on luvassa. Sellaisia, joille t\u00e4m\u00e4 ei ollut ehk\u00e4 ensimm\u00e4inen vaihtoehto, mutta hakupisteet ovat riitt\u00e4neet. Emme voi t\u00e4ysin vaikuttaa siihen, miten hakuprosessi ohjaa opiskelijoita. Joitain haastattelemme.<\/p>\n<p class=\"article-body mb-nof-24 px-nof-16\">Kansainv\u00e4lisill\u00e4 opiskelijoilla on toisinaan my\u00f6s odottamattomia sopeutumishaasteita. Osa yll\u00e4ttyy siit\u00e4, kuinka digitaalista opiskelu Suomessa on.<\/p>\n<p class=\"article-body mb-nof-24 px-nof-16\">\u2013 Puhelimen k\u00e4ytt\u00f6 luonnistuu, mutta ei v\u00e4ltt\u00e4m\u00e4tt\u00e4 tietokoneen. T\u00e4m\u00e4 on yleist\u00e4 varsinkin tietyist\u00e4 Aasian maista tulevilla. Kielitaidossa voi my\u00f6s olla puutteita. Opetus kyll\u00e4 onnistuu, mutta oppiminen ei aina toteudu parhaalla mahdollisella tavalla.<\/p>\n","protected":false},"excerpt":{"rendered":"Aasialaiset opiskelijat ovat ohittaneet suomalaiset yhdess\u00e4 Kajaanin ammattikorkeakoulun tradenomikoulutuksessa. Lehtori ei t\u00e4ysin ymm\u00e4rr\u00e4, miksi. 9.1. 13:55 Kajaanin ammattikorkeakoulun&hellip;\n","protected":false},"author":2,"featured_media":138298,"comment_status":"","ping_status":"","sticky":false,"template":"","format":"standard","meta":{"footnotes":""},"categories":[14],"tags":[22,23,26,27,33,31,30,17,34,24,25,28,29,15,18,21,32,19,20,56,16,59,60,61],"class_list":{"0":"post-138297","1":"post","2":"type-post","3":"status-publish","4":"format-standard","5":"has-post-thumbnail","7":"category-ulkomaat","8":"tag-breaking-news","9":"tag-breakingnews","10":"tag-featured-news","11":"tag-featurednews","12":"tag-fi","13":"tag-finland","14":"tag-finnish","15":"tag-headlines","16":"tag-ilta-sanomat","17":"tag-latest-news","18":"tag-latestnews","19":"tag-main-news","20":"tag-mainnews","21":"tag-news","22":"tag-otsikot","23":"tag-paauutiset","24":"tag-suomi","25":"tag-top-stories","26":"tag-topstories","27":"tag-ulkomaat","28":"tag-uutiset","29":"tag-world","30":"tag-world-news","31":"tag-worldnews"},"share_on_mastodon":{"url":"https:\/\/pubeurope.com\/@fi\/115869025754202714","error":""},"_links":{"self":[{"href":"https:\/\/www.europesays.com\/fi\/wp-json\/wp\/v2\/posts\/138297","targetHints":{"allow":["GET"]}}],"collection":[{"href":"https:\/\/www.europesays.com\/fi\/wp-json\/wp\/v2\/posts"}],"about":[{"href":"https:\/\/www.europesays.com\/fi\/wp-json\/wp\/v2\/types\/post"}],"author":[{"embeddable":true,"href":"https:\/\/www.europesays.com\/fi\/wp-json\/wp\/v2\/users\/2"}],"replies":[{"embeddable":true,"href":"https:\/\/www.europesays.com\/fi\/wp-json\/wp\/v2\/comments?post=138297"}],"version-history":[{"count":0,"href":"https:\/\/www.europesays.com\/fi\/wp-json\/wp\/v2\/posts\/138297\/revisions"}],"wp:featuredmedia":[{"embeddable":true,"href":"https:\/\/www.europesays.com\/fi\/wp-json\/wp\/v2\/media\/138298"}],"wp:attachment":[{"href":"https:\/\/www.europesays.com\/fi\/wp-json\/wp\/v2\/media?parent=138297"}],"wp:term":[{"taxonomy":"category","embeddable":true,"href":"https:\/\/www.europesays.com\/fi\/wp-json\/wp\/v2\/categories?post=138297"},{"taxonomy":"post_tag","embeddable":true,"href":"https:\/\/www.europesays.com\/fi\/wp-json\/wp\/v2\/tags?post=138297"}],"curies":[{"name":"wp","href":"https:\/\/api.w.org\/{rel}","templated":true}]}}