{"id":13831,"date":"2025-08-23T06:41:07","date_gmt":"2025-08-23T06:41:07","guid":{"rendered":"https:\/\/www.europesays.com\/fi\/13831\/"},"modified":"2025-08-23T06:41:07","modified_gmt":"2025-08-23T06:41:07","slug":"jos-asiat-olisivat-menneet-toisin-jp-leppaluodosta-olisi-voinut-tulla-sentencedin-tai-amorphisin-laulaja","status":"publish","type":"post","link":"https:\/\/www.europesays.com\/fi\/13831\/","title":{"rendered":"Jos asiat olisivat menneet toisin, JP Lepp\u00e4luodosta olisi voinut tulla Sentencedin tai Amorphisin laulaja"},"content":{"rendered":"<p>Charonista, Harmajasta, Raskasta joulua -kiertueilta ja vaikka mist\u00e4 projekteista tunnettu laulaja JP Lepp\u00e4luoto on n\u00e4kyv\u00e4sti mukana Soundin 7\/25 sivuilla. Timo Isoahon toimittamasta haastattelusta k\u00e4y ilmi, ett\u00e4 Lepp\u00e4luoto oli aikanaan ehdolla my\u00f6s Sentencedin ja Amorphisin laulajaksi. Miksi n\u00e4in ei tapahtunut? My\u00f6s laulajan Y\u00f6-pesti nousee puheenaiheeksi. <\/p>\n<p>Alapuolelta voi tarkastaa katkelman pidemm\u00e4st\u00e4 haastattelusta. Lue koko artikkeli lehdest\u00e4!<\/p>\n<p><strong>N\u00e4ihin aikoihin [1990-luvun puoliv\u00e4liss\u00e4] sinusta olisi voinut tulla my\u00f6s Sentencedin laulaja. Mit\u00e4 tapahtui<\/strong>?<\/p>\n<p>\u2013 Kun Taneli Jarva l\u00e4hti Sentencedist\u00e4 1995, k\u00e4vin koelauluissa. Muistan j\u00e4tkien ny\u00f6kk\u00e4illeen hyv\u00e4ksyv\u00e4sti, mutta pesti meni loppujen lopuksi Laihialan Villelle. Se oli oikea valinta. Ville sopi b\u00e4ndiin loistavasti.<\/p>\n<p><strong>Kymmenisen vuotta my\u00f6hemmin kuvaan astui Amorphis. Et kuitenkaan hyp\u00e4nnyt siihen kelkkaan?\u00a0<\/strong><\/p>\n<p>\u2013 Laulaja Pasi Koskinen oli poistunut kuvioista, mutta Amorphisille oli tulossa kuuden viikon jenkkirundi Type O Negativen kanssa. B\u00e4ndi kysyi, saisinko otettua setillisen biisej\u00e4 haltuun. K\u00e4ytiin pari kertaa treenaamassa ja saatiin ty\u00f6luvatkin. Sitten selvisi, ett\u00e4 Type-keulakuva Peter Steele oli huonossa hapessa ja osa rundista joudutaan perumaan. Lopulta kiertue meni puihin kokonaan. Harmitti ihan \u00e4lytt\u00f6m\u00e4sti, sill\u00e4 olisin oikein mielell\u00e4ni l\u00e4htenyt tutkimaan Amerikkaa Typen ukkojen kanssa!\u00a0<\/p>\n<p>\u2013 Sitten Amorphisin j\u00e4tk\u00e4t kyseliv\u00e4t kiinnostustani liitty\u00e4 b\u00e4ndiin vakituisesti. Mietin sit\u00e4 pitk\u00e4\u00e4n ja hartaasti, mutta minun oli pakko sanoa ei. Charonin Songs for the Sinners oli ty\u00f6n alla, esikoiseni syntym\u00e4ss\u00e4 ja minulla oli duunipaikka Raahessa. Oli pakko panna asiat t\u00e4rkeysj\u00e4rjestykseen, eik\u00e4 Amorphis-pesti mahtunut yht\u00e4l\u00f6\u00f6n. Hyv\u00e4 niin, sill\u00e4 Joutsenen Tomi on loistava solisti.<\/p>\n<p><strong>Syksyll\u00e4 2023 putosi aikamoinen uutispommi, kun Y\u00f6-yhtye ilmoitti palaavansa tien p\u00e4\u00e4lle \u2013 uutena solistinaan JP Lepp\u00e4luoto.\u00a0<\/strong><\/p>\n<p>\u2013 Olin tutustunut osaan Y\u00f6n tyypeist\u00e4 jo vuosia aiemmin. Kun b\u00e4ndi p\u00e4\u00e4tti tehd\u00e4 40-vuotiskeikan Nokia-areenalla, minua pyydettiin mukaan. Treenivaiheessa tajusin Y\u00f6n biisit uudella tavalla ja olin ihan helvetin innoissani. Kun konsertin j\u00e4lkeen tuli puhetta mahdollisesta jatkosta, ilmoitin l\u00e4htev\u00e4ni ilomielin messiin.\u00a0<\/p>\n<p>\u2013 En ollut aikoinaan mik\u00e4\u00e4n Y\u00f6-fani. Kun olisi pit\u00e4nyt syventy\u00e4 b\u00e4ndin materiaaliin, olin tiukka gootti- ja metallimies. Kaikki muu musa oli kuuntelematta t\u00e4ytt\u00e4 paskaa, eik\u00e4 Y\u00f6t\u00e4 voinut ostaa mill\u00e4\u00e4n\u2026 Ja sitten, aika monen mutkan j\u00e4lkeen, minusta tehtiin Y\u00f6n uusi solisti. Siin\u00e4 riitti sulateltavaa. Minut olisi varmaan jouduttu viem\u00e4\u00e4n pitk\u00e4hihainen p\u00e4\u00e4ll\u00e4 mielisairaalaan, jos asia olisi valjennut kertarys\u00e4yksell\u00e4.\u00a0<\/p>\n<p>\u2013 Nyt takana on 40\u201350 keikkaa, ja homma alkaa olla hallussa. Se juttu, ett\u00e4 saan kantaa tuollaisen suomalaisen rockin j\u00e4rk\u00e4leen soihtua ja kunnioittaa Hakulisen Jussin ja Lindholmin Ollin perint\u00f6\u00e4\u2026 Onhan se nyt ihan mielet\u00f6nt\u00e4.\u00a0<\/p>\n<p><strong>Millaista palautetta olet saanut?\u00a0<\/strong><\/p>\n<p>\u2013 Laulan toki eri tavalla kuin Olli, mutta niinh\u00e4n sen pit\u00e4\u00e4 menn\u00e4kin, kun solisti vaihtuu. Suurin osa vanhoista faneista tuntuu tykk\u00e4\u00e4v\u00e4n, ja kehiin on tullut paljon uuttakin yleis\u00f6\u00e4 \u2013 n\u00e4in minulle on sanottu. Toki my\u00f6s hevifaneilta on tullut mahtavia kommentteja: \u201dEi perkele, joutuuko t\u00e4ss\u00e4 kuuntelemaan Y\u00f6t\u00e4?\u201d Kyll\u00e4 vain!\u00a0\u00a0<\/p>\n","protected":false},"excerpt":{"rendered":"Charonista, Harmajasta, Raskasta joulua -kiertueilta ja vaikka mist\u00e4 projekteista tunnettu laulaja JP Lepp\u00e4luoto on n\u00e4kyv\u00e4sti mukana Soundin 7\/25&hellip;\n","protected":false},"author":2,"featured_media":13832,"comment_status":"","ping_status":"","sticky":false,"template":"","format":"standard","meta":{"footnotes":""},"categories":[132],"tags":[137,33,31,30,195,47,32,109],"class_list":{"0":"post-13831","1":"post","2":"type-post","3":"status-publish","4":"format-standard","5":"has-post-thumbnail","7":"category-musiikki","8":"tag-entertainment","9":"tag-fi","10":"tag-finland","11":"tag-finnish","12":"tag-music","13":"tag-musiikki","14":"tag-suomi","15":"tag-viihde"},"share_on_mastodon":{"url":"","error":""},"_links":{"self":[{"href":"https:\/\/www.europesays.com\/fi\/wp-json\/wp\/v2\/posts\/13831","targetHints":{"allow":["GET"]}}],"collection":[{"href":"https:\/\/www.europesays.com\/fi\/wp-json\/wp\/v2\/posts"}],"about":[{"href":"https:\/\/www.europesays.com\/fi\/wp-json\/wp\/v2\/types\/post"}],"author":[{"embeddable":true,"href":"https:\/\/www.europesays.com\/fi\/wp-json\/wp\/v2\/users\/2"}],"replies":[{"embeddable":true,"href":"https:\/\/www.europesays.com\/fi\/wp-json\/wp\/v2\/comments?post=13831"}],"version-history":[{"count":0,"href":"https:\/\/www.europesays.com\/fi\/wp-json\/wp\/v2\/posts\/13831\/revisions"}],"wp:featuredmedia":[{"embeddable":true,"href":"https:\/\/www.europesays.com\/fi\/wp-json\/wp\/v2\/media\/13832"}],"wp:attachment":[{"href":"https:\/\/www.europesays.com\/fi\/wp-json\/wp\/v2\/media?parent=13831"}],"wp:term":[{"taxonomy":"category","embeddable":true,"href":"https:\/\/www.europesays.com\/fi\/wp-json\/wp\/v2\/categories?post=13831"},{"taxonomy":"post_tag","embeddable":true,"href":"https:\/\/www.europesays.com\/fi\/wp-json\/wp\/v2\/tags?post=13831"}],"curies":[{"name":"wp","href":"https:\/\/api.w.org\/{rel}","templated":true}]}}