{"id":138351,"date":"2026-01-10T06:14:08","date_gmt":"2026-01-10T06:14:08","guid":{"rendered":"https:\/\/www.europesays.com\/fi\/138351\/"},"modified":"2026-01-10T06:14:08","modified_gmt":"2026-01-10T06:14:08","slug":"lukijan-sanomat-hoivavastuu-ei-voi-kaatua-omaisten-harteille-paakirjoitus-mielipide","status":"publish","type":"post","link":"https:\/\/www.europesays.com\/fi\/138351\/","title":{"rendered":"Lukijan Sanomat | Hoivavastuu ei voi kaatua omaisten harteille | P\u00e4\u00e4kirjoitus &#038; mielipide"},"content":{"rendered":"<p><img decoding=\"async\" src=\"https:\/\/a.savonsanomat.fi\/styles\/84d30537\/images\/logos\/savonsanomat-horizontal.svg\" class=\"diks-logo diks-logo--default diks-footer__main-logo--wide\" alt=\"Savon Sanomat\"\/><img decoding=\"async\" src=\"https:\/\/a.savonsanomat.fi\/styles\/84d30537\/images\/logos\/savonsanomat-horizontal-white.svg\" class=\"diks-logo diks-logo--darkmode diks-footer__main-logo--wide\" alt=\"Savon Sanomat\"\/><\/p>\n<p><strong>Postiosoite:<\/strong> Viestikatu 7 A 7, 70600 Kuopio<br \/><strong>K\u00e4yntiosoite:<\/strong> Viestikatu 7 A 7, Kuopio<br \/><strong>Vastaava p\u00e4\u00e4toimittaja:<\/strong> Matti Pietil\u00e4inen<\/p>\n<p>\t\t\t\t\t\tSovellus<\/p>\n<p>Sovellus sis\u00e4lt\u00e4\u00e4 tuoreet juttumme, joita ilmestyy ymp\u00e4ri vuorokauden vuoden jokaisena p\u00e4iv\u00e4n\u00e4 sek\u00e4 n\u00e4k\u00f6islehtemme liitteineen sek\u00e4 n\u00e4k\u00f6islehtien arkiston. Asenna sovellus laitteesi sovelluskaupasta.<\/p>\n<p>\t\t\t\t\t<a class=\"diks-apps__app-link diks-hide-on-android\" href=\"https:\/\/apps.apple.com\/fi\/app\/savon-sanomat\/id6477442128\" rel=\"nofollow noopener\" target=\"_blank\"><img decoding=\"async\" class=\"diks-apps__app-image\" src=\"https:\/\/a.savonsanomat.fi\/styles\/84d30537\/images\/default\/appstore-badge.svg\" alt=\"Lataa sovellus App Storesta\"\/><\/a><br \/>\n\t\t\t\t\t<a class=\"diks-apps__app-link diks-hide-on-ios\" href=\"https:\/\/play.google.com\/store\/apps\/details?id=fi.media.savonsanomat\" rel=\"nofollow noopener\" target=\"_blank\"><img decoding=\"async\" class=\"diks-apps__app-image\" src=\"https:\/\/a.savonsanomat.fi\/styles\/84d30537\/images\/default\/google-play-badge.svg\" alt=\"Lataa sovellus Google Play -kaupasta\"\/><\/a><\/p>\n","protected":false},"excerpt":{"rendered":"Postiosoite: Viestikatu 7 A 7, 70600 KuopioK\u00e4yntiosoite: Viestikatu 7 A 7, KuopioVastaava p\u00e4\u00e4toimittaja: Matti Pietil\u00e4inen Sovellus Sovellus sis\u00e4lt\u00e4\u00e4&hellip;\n","protected":false},"author":2,"featured_media":138352,"comment_status":"","ping_status":"","sticky":false,"template":"","format":"standard","meta":{"footnotes":""},"categories":[12],"tags":[22,23,11257,26,27,33,31,30,863,17,587,24,25,28,29,3396,15,18,21,637,32,19,20,16,7001,14316],"class_list":{"0":"post-138351","1":"post","2":"type-post","3":"status-publish","4":"format-standard","5":"has-post-thumbnail","7":"category-suomi","8":"tag-breaking-news","9":"tag-breakingnews","10":"tag-elakelainen","11":"tag-featured-news","12":"tag-featurednews","13":"tag-fi","14":"tag-finland","15":"tag-finnish","16":"tag-hallitus","17":"tag-headlines","18":"tag-koyhyys-ja-sosiaaliturva","19":"tag-latest-news","20":"tag-latestnews","21":"tag-main-news","22":"tag-mainnews","23":"tag-muisti","24":"tag-news","25":"tag-otsikot","26":"tag-paauutiset","27":"tag-politiikka","28":"tag-suomi","29":"tag-top-stories","30":"tag-topstories","31":"tag-uutiset","32":"tag-vanhukset-ja-ikaantyminen","33":"tag-yhteiskuntapoliittisia-kysymyksia"},"share_on_mastodon":{"url":"https:\/\/pubeurope.com\/@fi\/115869336473392111","error":""},"_links":{"self":[{"href":"https:\/\/www.europesays.com\/fi\/wp-json\/wp\/v2\/posts\/138351","targetHints":{"allow":["GET"]}}],"collection":[{"href":"https:\/\/www.europesays.com\/fi\/wp-json\/wp\/v2\/posts"}],"about":[{"href":"https:\/\/www.europesays.com\/fi\/wp-json\/wp\/v2\/types\/post"}],"author":[{"embeddable":true,"href":"https:\/\/www.europesays.com\/fi\/wp-json\/wp\/v2\/users\/2"}],"replies":[{"embeddable":true,"href":"https:\/\/www.europesays.com\/fi\/wp-json\/wp\/v2\/comments?post=138351"}],"version-history":[{"count":0,"href":"https:\/\/www.europesays.com\/fi\/wp-json\/wp\/v2\/posts\/138351\/revisions"}],"wp:featuredmedia":[{"embeddable":true,"href":"https:\/\/www.europesays.com\/fi\/wp-json\/wp\/v2\/media\/138352"}],"wp:attachment":[{"href":"https:\/\/www.europesays.com\/fi\/wp-json\/wp\/v2\/media?parent=138351"}],"wp:term":[{"taxonomy":"category","embeddable":true,"href":"https:\/\/www.europesays.com\/fi\/wp-json\/wp\/v2\/categories?post=138351"},{"taxonomy":"post_tag","embeddable":true,"href":"https:\/\/www.europesays.com\/fi\/wp-json\/wp\/v2\/tags?post=138351"}],"curies":[{"name":"wp","href":"https:\/\/api.w.org\/{rel}","templated":true}]}}