{"id":138369,"date":"2026-01-10T06:41:13","date_gmt":"2026-01-10T06:41:13","guid":{"rendered":"https:\/\/www.europesays.com\/fi\/138369\/"},"modified":"2026-01-10T06:41:13","modified_gmt":"2026-01-10T06:41:13","slug":"ihminen-on-elinkaarensa-keski-iassa-nelikymppisena-ja-astumassa-elamansa-parhaaseen-vaiheeseen-uudet-tutkimukset-kertovat","status":"publish","type":"post","link":"https:\/\/www.europesays.com\/fi\/138369\/","title":{"rendered":"Ihminen on elinkaarensa \u201dkeski-i\u00e4ss\u00e4\u201d nelikymppisen\u00e4 ja astumassa el\u00e4m\u00e4ns\u00e4 parhaaseen vaiheeseen, uudet tutkimukset kertovat"},"content":{"rendered":"<p>Kolumni|Nelikymppinen on tilastojen mukaan el\u00e4m\u00e4nkaarensa keskikohdassa ja vasta l\u00e4hestym\u00e4ss\u00e4 el\u00e4m\u00e4n parasta aikaa, kertovat tuoreet tutkimukset.<\/p>\n<p>9.1. 14:30<\/p>\n<p class=\"article-body nof-ui-body-medium mb-nof-24 px-nof-16\">Kirjoittaja on HS:n toimittaja.<\/p>\n<p><img decoding=\"async\" src=\"https:\/\/www.europesays.com\/fi\/wp-content\/uploads\/2026\/01\/1768027273_158_320.jpg\" alt=\"\" class=\"_Img_1rerz_1\" style=\"aspect-ratio:1\" loading=\"eager\"\/><\/p>\n<p class=\"article-body mb-nof-24 px-nof-16\">Voisimmeko puhua keski-i\u00e4st\u00e4 raa\u2019an matemaattisesti?<\/p>\n<p class=\"article-body mb-nof-24 px-nof-16\"><a class=\"underline underline-offset-[0.12em] [text-decoration-thickness:var(--generic-link-underline-thickness)] [text-decoration-color:var(--generic-link-underline-color)] [text-decoration-skip-ink:var(--generic-link-underline-skip-ink)] break-words\" href=\"https:\/\/stat.fi\/julkaisu\/cm1jb92os47x007uqh3ioetb3\" rel=\"nofollow noopener\" target=\"_blank\">Tilastokeskuksen<\/a> mukaan suomalais\u00admiehen elinajan\u00adodote on l\u00e4hes 80 vuotta (79,6) ja naisen noin 85 vuotta (84,8).<\/p>\n<p class=\"article-body mb-nof-24 px-nof-16\">Miehen el\u00e4m\u00e4n\u00adkaaren keski\u00adkohta on siis 40-vuotis\u00adp\u00e4ivill\u00e4 ja naisella pian 42-vuotis\u00adp\u00e4iv\u00e4n j\u00e4lkeen. Sit\u00e4 \u201dkeski-ik\u00e4isemm\u00e4ksi\u201d ei voi tulla.<\/p>\n<p class=\"article-body mb-nof-24 px-nof-16\">Sen j\u00e4lkeen kaikki on tilastoissa el\u00e4m\u00e4n j\u00e4lki\u00adpuoliskoa tai runollisemmin \u201del\u00e4m\u00e4n ehtoo\u00adpuolta\u201d.<\/p>\n<p class=\"article-body mb-nof-24 px-nof-16\">Kun keski-i\u00e4n matemaattista m\u00e4\u00e4ritelm\u00e4\u00e4 laajentaa el\u00e4m\u00e4nkaaren keskikohdasta, se tulee toki tehd\u00e4 molempiin suuntiin.<\/p>\n<p class=\"article-body mb-nof-24 px-nof-16\">Kun sanomme 50-vuotiasta keski-ik\u00e4iseksi, olisi loogisuuden nimiss\u00e4 ment\u00e4v\u00e4 keskikohdasta my\u00f6s kymmenen vuotta taaksep\u00e4in ja annettava my\u00f6s 30-vuotiaalle keski-ik\u00e4isen titteli.<\/p>\n<p class=\"article-body mb-nof-24 px-nof-16\">Niin pitk\u00e4lle en viel\u00e4 ole lehtitekstiss\u00e4 mennyt. Muistan kyll\u00e4 kuvailleeni 25-vuotiaana journalistina 34-vuotiasta kapellimestaria \u201dhiljalleen keski-ik\u00e4istyv\u00e4ksi\u201d.<\/p>\n<p class=\"article-body mb-nof-24 px-nof-16\">Tilastollisesti se oli totta, joskin kapellimestarit ovat aika pitk\u00e4ik\u00e4isi\u00e4. <a class=\"font-bold underline-offset-[0.12em] [text-decoration:var(--person-link-text-decoration)] ![text-decoration-color:var(--person-link-text-decoration-color)]\" href=\"https:\/\/www.hs.fi\/haku\/?query=Jorma%20Panula\" rel=\"nofollow noopener\" target=\"_blank\">Jorma Panula<\/a> jatkaa t\u00f6it\u00e4 95-vuotiaana, <a class=\"font-bold underline-offset-[0.12em] [text-decoration:var(--person-link-text-decoration)] ![text-decoration-color:var(--person-link-text-decoration-color)]\" href=\"https:\/\/www.hs.fi\/haku\/?query=Herbert%20Blomstedt\" rel=\"nofollow noopener\" target=\"_blank\">Herbert Blomstedt<\/a> 98-vuotiaana.<\/p>\n<p class=\"article-body mb-nof-24 px-nof-16\">Keski-ik\u00e4\u00e4 ei aina miellet\u00e4 matemaattisesti. Er\u00e4\u00e4ss\u00e4 keskustelussa h\u00e4tk\u00e4hdin, kun 40-vuotiaan kutsumista keski-ik\u00e4iseksi moitiskeltiin \u2013 toki turhaan.<\/p>\n<p class=\"article-body mb-nof-24 px-nof-16\">Yh\u00e4 useampi tutkimus nimitt\u00e4in kertoo, ett\u00e4 nuoruuden j\u00e4lkeen el\u00e4m\u00e4 vasta maistuukin ja on keski-i\u00e4ss\u00e4 parhaimmillaan.<\/p>\n<p class=\"article-body mb-nof-24 px-nof-16\">Helsingin Sanomat <a class=\"underline underline-offset-[0.12em] [text-decoration-thickness:var(--generic-link-underline-thickness)] [text-decoration-color:var(--generic-link-underline-color)] [text-decoration-skip-ink:var(--generic-link-underline-skip-ink)] break-words\" href=\"https:\/\/www.hs.fi\/tiede\/art-2000011566410.html\" rel=\"nofollow noopener\" target=\"_blank\">kertoi<\/a> lokakuussa australialaisesta tutkimuksesta. Sen mukaan henkinen toimintakyky on huipussaan 55\u201360-vuotiaana, tunnollisuus 65-vuotiaana ja emotionaalinen vakaus 75 vuoden i\u00e4ss\u00e4.<\/p>\n<blockquote class=\"p-[var(--citation-padding)] m-[var(--citation-margin)] border-y-[length:var(--citation-border-width)] border-y-[color:var(--citation-border-color)]\">\n<p>J\u00e4\u00e4k\u00f6 elinkaaressa tilaa vanhuudelle?<\/p>\n<\/blockquote>\n<p class=\"article-body mb-nof-24 px-nof-16\">Laajan suomalaisen Lapsesta aikuiseksi -tutkimuksen uusin vaihe keskittyi nykyisiin kuusikymppisiin, ja taas saatiin hyvi\u00e4 uutisia. Onnellisuus ja tyytyv\u00e4isyys olivat keskim\u00e4\u00e4rin lis\u00e4\u00e4ntyneet, kun nelikymppisist\u00e4 oli tullut kuusikymppisi\u00e4. Asiaa k\u00e4sittelee my\u00f6s <a class=\"font-bold underline-offset-[0.12em] [text-decoration:var(--person-link-text-decoration)] ![text-decoration-color:var(--person-link-text-decoration-color)]\" href=\"https:\/\/www.hs.fi\/haku\/?query=Emmi%20Reinil%C3%A4n\" rel=\"nofollow noopener\" target=\"_blank\">Emmi Reinil\u00e4n<\/a> marraskuussa hyv\u00e4ksytty <a class=\"underline underline-offset-[0.12em] [text-decoration-thickness:var(--generic-link-underline-thickness)] [text-decoration-color:var(--generic-link-underline-color)] [text-decoration-skip-ink:var(--generic-link-underline-skip-ink)] break-words\" href=\"https:\/\/www.jyu.fi\/fi\/uutinen\/aikuisian-psykologinen-kehitys-yllattaa-hyvinvointi-sailyy-korkeana\" rel=\"nofollow noopener\" target=\"_blank\">v\u00e4it\u00f6skirja<\/a>.<\/p>\n<p class=\"article-body mb-nof-24 px-nof-16\">\u201dPsykologinen ja fyysinen toimintakyky noudattavat usein hiukan erilaisia kehityskulkuja. Psykologinen toimintakyky, kuten mielen hyvinvointi, n\u00e4ytt\u00e4\u00e4 s\u00e4ilyv\u00e4n keskim\u00e4\u00e4rin korkeana keski-i\u00e4n j\u00e4lkeenkin\u201d, pitkitt\u00e4istutkimusta johtava <a class=\"font-bold underline-offset-[0.12em] [text-decoration:var(--person-link-text-decoration)] ![text-decoration-color:var(--person-link-text-decoration-color)]\" href=\"https:\/\/www.hs.fi\/haku\/?query=Katja%20Kokko\" rel=\"nofollow noopener\" target=\"_blank\">Katja Kokko<\/a> Jyv\u00e4skyl\u00e4n yliopiston Gerontologian tutkimuskeskuksesta vahvistaa puhelimitse.<\/p>\n<p class=\"article-body mb-nof-24 px-nof-16\">Kehityspsykologan piiriss\u00e4 keski-i\u00e4ksi m\u00e4\u00e4ritell\u00e4\u00e4n suunnilleen ik\u00e4vuodet 35\u201365, Kokko kertoo. Mutta korkeampiakin lukuja tarjotaan.<\/p>\n<p class=\"article-body mb-nof-24 px-nof-16\">Professori <a class=\"font-bold underline-offset-[0.12em] [text-decoration:var(--person-link-text-decoration)] ![text-decoration-color:var(--person-link-text-decoration-color)]\" href=\"https:\/\/www.hs.fi\/haku\/?query=Taina%20Rantanen\" rel=\"nofollow noopener\" target=\"_blank\">Taina Rantanen<\/a> on jo pitk\u00e4\u00e4n kutsunut ik\u00e4vuosia 65\u201380 \u201d<a class=\"underline underline-offset-[0.12em] [text-decoration-thickness:var(--generic-link-underline-thickness)] [text-decoration-color:var(--generic-link-underline-color)] [text-decoration-skip-ink:var(--generic-link-underline-skip-ink)] break-words\" href=\"https:\/\/www.professoriliitto.fi\/blogikirjoitukset\/gerontologia-auttaa-nakeman-elaman-selvemmin\/\" rel=\"nofollow noopener\" target=\"_blank\">my\u00f6h\u00e4iskeski-i\u00e4ksi<\/a>\u201d, onhan 80-vuotiaaksi ylt\u00e4neill\u00e4 jo uusi elinajanodote. Heist\u00e4 noin puolet el\u00e4\u00e4 saman tien yli 90-vuotiaiksi.<\/p>\n<p class=\"article-body mb-nof-24 px-nof-16\">Mutta hetkinen! Jos elini\u00e4nodotteeni on 80 vuotta ja olen professorin mukaan silloin vasta my\u00f6h\u00e4iskeski-ik\u00e4inen, voinko koskaan ylt\u00e4\u00e4 saduista ja myyteist\u00e4 tuttuun \u201dviisaan vanhuksen\u201d rooliin?<\/p>\n<p class=\"article-body mb-nof-24 px-nof-16\">\u201dT\u00e4t\u00e4 nykytutkimus nyt haarukoi: koska vanhuus alkaa my\u00f6h\u00e4iskeski-i\u00e4n tai my\u00f6h\u00e4isaikuisuuden j\u00e4lkeen\u201d, tutkimusjohtaja Kokko sanoo.<\/p>\n<p class=\"article-body mb-nof-24 px-nof-16\">H\u00e4n muistuttaa, ett\u00e4 aikuisuuden voi jakaa my\u00f6s varhaiseen aikuisuuteen, keski-ik\u00e4\u00e4n ja my\u00f6h\u00e4isaikuisuuteen.<\/p>\n<p class=\"article-body mb-nof-24 px-nof-16\">Ja koska kaikki yli 18-vuotiaat ovat lain edess\u00e4 aikuisia, \u201dmy\u00f6h\u00e4isaikuisuus\u201d voinee ainakin arkikieless\u00e4 ulottua jopa el\u00e4m\u00e4nkaaren loppuun.<\/p>\n<p class=\"article-body mb-nof-24 px-nof-16\">J\u00e4\u00e4k\u00f6 elinkaaressa en\u00e4\u00e4 tilaa vanhuudelle? Professori Rantasen <a class=\"underline underline-offset-[0.12em] [text-decoration-thickness:var(--generic-link-underline-thickness)] [text-decoration-color:var(--generic-link-underline-color)] [text-decoration-skip-ink:var(--generic-link-underline-skip-ink)] break-words\" href=\"https:\/\/seura.fi\/asiat\/ajankohtaista\/milloin-vanhuus-alkaa-gerontologian-ja-kansanterveyden-professori-taina-rantanen-olemme-nuortuneet-kymmenen-vuotta\/\" rel=\"nofollow noopener\" target=\"_blank\">mukaan<\/a> vanhuus alkaa tavanomaisessa elinkaaressa \u201dnoin kymmenen vuotta ennen kuolemaa\u201d.<\/p>\n<p class=\"article-body mb-nof-24 px-nof-16\">Asiasta saadaan lis\u00e4tietoa, kun professori <a class=\"font-bold underline-offset-[0.12em] [text-decoration:var(--person-link-text-decoration)] ![text-decoration-color:var(--person-link-text-decoration-color)]\" href=\"https:\/\/www.hs.fi\/haku\/?query=Lea%20Pulkkisen\" rel=\"nofollow noopener\" target=\"_blank\">Lea Pulkkisen<\/a> vuonna 1968 aloittama Lapsesta aikuiseksi -pitkitt\u00e4istutkimus etenee.<\/p>\n<p class=\"article-body mb-nof-24 px-nof-16\">Yhden sukupolven edustajat valittiin mukaan kansakoulun toiselta luokalta, ja heit\u00e4 on tutkittu 8-vuotiaista jo 61-vuotiaiksi.<\/p>\n<p class=\"article-body mb-nof-24 px-nof-16\">Seuraavaksi aiotaan selvitt\u00e4\u00e4, mit\u00e4 heist\u00e4 saatavat tulokset kertovat 70-vuotiaista.<\/p>\n","protected":false},"excerpt":{"rendered":"Kolumni|Nelikymppinen on tilastojen mukaan el\u00e4m\u00e4nkaarensa keskikohdassa ja vasta l\u00e4hestym\u00e4ss\u00e4 el\u00e4m\u00e4n parasta aikaa, kertovat tuoreet tutkimukset. 9.1. 14:30 Kirjoittaja&hellip;\n","protected":false},"author":2,"featured_media":138370,"comment_status":"","ping_status":"","sticky":false,"template":"","format":"standard","meta":{"footnotes":""},"categories":[5],"tags":[22,23,26,27,33,31,30,17,46,24,25,28,29,15,18,21,32,19,20,16],"class_list":{"0":"post-138369","1":"post","2":"type-post","3":"status-publish","4":"format-standard","5":"has-post-thumbnail","7":"category-otsikot","8":"tag-breaking-news","9":"tag-breakingnews","10":"tag-featured-news","11":"tag-featurednews","12":"tag-fi","13":"tag-finland","14":"tag-finnish","15":"tag-headlines","16":"tag-helsingin-sanomat","17":"tag-latest-news","18":"tag-latestnews","19":"tag-main-news","20":"tag-mainnews","21":"tag-news","22":"tag-otsikot","23":"tag-paauutiset","24":"tag-suomi","25":"tag-top-stories","26":"tag-topstories","27":"tag-uutiset"},"share_on_mastodon":{"url":"https:\/\/pubeurope.com\/@fi\/115869442593970360","error":""},"_links":{"self":[{"href":"https:\/\/www.europesays.com\/fi\/wp-json\/wp\/v2\/posts\/138369","targetHints":{"allow":["GET"]}}],"collection":[{"href":"https:\/\/www.europesays.com\/fi\/wp-json\/wp\/v2\/posts"}],"about":[{"href":"https:\/\/www.europesays.com\/fi\/wp-json\/wp\/v2\/types\/post"}],"author":[{"embeddable":true,"href":"https:\/\/www.europesays.com\/fi\/wp-json\/wp\/v2\/users\/2"}],"replies":[{"embeddable":true,"href":"https:\/\/www.europesays.com\/fi\/wp-json\/wp\/v2\/comments?post=138369"}],"version-history":[{"count":0,"href":"https:\/\/www.europesays.com\/fi\/wp-json\/wp\/v2\/posts\/138369\/revisions"}],"wp:featuredmedia":[{"embeddable":true,"href":"https:\/\/www.europesays.com\/fi\/wp-json\/wp\/v2\/media\/138370"}],"wp:attachment":[{"href":"https:\/\/www.europesays.com\/fi\/wp-json\/wp\/v2\/media?parent=138369"}],"wp:term":[{"taxonomy":"category","embeddable":true,"href":"https:\/\/www.europesays.com\/fi\/wp-json\/wp\/v2\/categories?post=138369"},{"taxonomy":"post_tag","embeddable":true,"href":"https:\/\/www.europesays.com\/fi\/wp-json\/wp\/v2\/tags?post=138369"}],"curies":[{"name":"wp","href":"https:\/\/api.w.org\/{rel}","templated":true}]}}