{"id":138371,"date":"2026-01-10T06:42:08","date_gmt":"2026-01-10T06:42:08","guid":{"rendered":"https:\/\/www.europesays.com\/fi\/138371\/"},"modified":"2026-01-10T06:42:08","modified_gmt":"2026-01-10T06:42:08","slug":"poroisanta-susien-tekemista-vahingoista-jalki-on-karmeaa","status":"publish","type":"post","link":"https:\/\/www.europesays.com\/fi\/138371\/","title":{"rendered":"Porois\u00e4nt\u00e4 susien tekemist\u00e4 vahingoista: J\u00e4lki on karmeaa"},"content":{"rendered":"<p><strong class=\"typography-bold\">Poronhoito on suurissa vaikeuksissa petovahinkojen vuoksi.<\/strong><\/p>\n<p>Suden kiinti\u00f6mets\u00e4stys on loppusuoralla, kun sadan suden kiinti\u00f6st\u00e4 on k\u00e4ytetty lyhyess\u00e4 ajassa jo nelj\u00e4 viidesosaa.\u00a0<\/p>\n<p>Samaan aikaan susia pyydet\u00e4\u00e4n poikkeusluvilla poronhoitoalueella, jossa suurpedot tappavat tuhansia poroja joka vuosi.<\/p>\n<p>Esimerkiksi Kuusamossa petovahingot ovat isoja. Susikanta on vahvistunut it\u00e4rajan takaa.<\/p>\n<p>\u2013 J\u00e4lki on karmeaa. Meill\u00e4kin kes\u00e4n alussa meni keskim\u00e4\u00e4rin 14,5 poroa vuorokaudessa susien suihin, kertoo porois\u00e4nt\u00e4 <strong class=\"typography-bold\">Juha Kujala<\/strong> Oivangin paliskunnasta.<\/p>\n<p><strong class=\"typography-bold\">Lue my\u00f6s: <\/strong><a class=\"cursor-pointer underline\" data-testid=\"internal-link\" role=\"link\" data-sentry-element=\"Link\" data-sentry-component=\"InternalLink\" data-sentry-source-file=\"InternalLink.tsx\" href=\"https:\/\/www.mtvuutiset.fi\/artikkeli\/essayah-mtv-n-uutisextrassa-tasta-suden-metsastyskiintioiden-nopea-tayttyminen-kertoo\/9280240\" rel=\"nofollow noopener\" target=\"_blank\"><strong class=\"typography-bold\">Essayah MTV:n Uutisextrassa: T\u00e4st\u00e4 suden mets\u00e4styskiinti\u00f6iden nopea t\u00e4yttyminen kertoo<\/strong><\/a><\/p>\n<p>Paliskuntain yhdistys arvioi, ett\u00e4 viime vuonna petojen j\u00e4ljilt\u00e4 l\u00f6ydettiin yli 6000 raatoa. On arvioitu, ett\u00e4 vain joka viides tapettu poro l\u00f6ydet\u00e4\u00e4n. Elinkeinon h\u00e4vikki on siis valtava.\u00a0<\/p>\n<p>\u2013 Ahma on talvella paha, mutta susi on ymp\u00e4ri vuoden. Sudelle poron tappaminen on lasten leikki\u00e4 ja siksi ne tekev\u00e4t sit\u00e4, Kujala kertoo.<\/p>\n<p>Poronhoitoalueelle my\u00f6nnet\u00e4\u00e4n vahinkoperusteisia poikkeuslupia susien mets\u00e4stykseen. Vajaassa kymmeness\u00e4 vuodessa saalis on moninkertaistunut ja viime vuosina se on ollut noin viisikymment\u00e4 sutta. Paliskunnissa poikkeuslupajahtia pidet\u00e4\u00e4n tympe\u00e4n\u00e4 ty\u00f6n\u00e4.<\/p>\n<p>\u2013 Meist\u00e4 poronhoitajista on tullut tietyll\u00e4 alueella pedon pyyt\u00e4ji\u00e4 ja se ei ole ollenkaan sit\u00e4, mit\u00e4 me haluamme. Me haluamme olla poroelinkeinon harjoittajia, toteaa Kujala.<\/p>\n<p><strong class=\"typography-bold\">Kiinti\u00f6mets\u00e4stys edennyt ripe\u00e4sti<\/strong><\/p>\n<p>Etel\u00e4mp\u00e4n\u00e4 meneill\u00e4\u00e4n oleva suden kiinti\u00f6mets\u00e4stys helpottaa my\u00f6s porojen tilannetta.<\/p>\n<p>\u2013 Kyll\u00e4h\u00e4n se vaikuttaa, ett\u00e4 mit\u00e4 l\u00e4hemp\u00e4n\u00e4 poronhoitoaluetta n\u00e4it\u00e4 susia saadaan pyydetty\u00e4, niin se v\u00e4hent\u00e4\u00e4 (susien) tuloa etel\u00e4iselle poronhoitoalueelle.<\/p>\n<p>Kiinti\u00f6mets\u00e4stys on edennyt ripe\u00e4sti ja sadan suden kiinti\u00f6 t\u00e4yttynee l\u00e4hiviikkoina.<\/p>\n<p>K\u00e4rjistyneess\u00e4 tilanteessa mets\u00e4st\u00e4ji\u00e4 on uhkailtu ja poliisi tutkii nyt asiaa.<\/p>\n<p>\u2013 Kyll\u00e4 meid\u00e4n pit\u00e4\u00e4 olla hyvin viilipyttym\u00e4isi\u00e4 t\u00e4ss\u00e4 mets\u00e4styksess\u00e4, ett\u00e4 emme provosoidu mitenk\u00e4\u00e4n mahdollisista yhteent\u00f6rm\u00e4yksist\u00e4, kommentoi Tohmaj\u00e4rvi-Kiteen mets\u00e4styksenjohtaja <strong class=\"typography-bold\">Mika Piiroinen<\/strong>.<\/p>\n<p>Laillisen mets\u00e4styksen h\u00e4irint\u00e4 on rikos.<br \/>\u00a0<\/p>\n","protected":false},"excerpt":{"rendered":"Poronhoito on suurissa vaikeuksissa petovahinkojen vuoksi. Suden kiinti\u00f6mets\u00e4stys on loppusuoralla, kun sadan suden kiinti\u00f6st\u00e4 on k\u00e4ytetty lyhyess\u00e4 ajassa&hellip;\n","protected":false},"author":2,"featured_media":96225,"comment_status":"","ping_status":"","sticky":false,"template":"","format":"standard","meta":{"footnotes":""},"categories":[117],"tags":[33,31,30,72,476,118,32,119,477],"class_list":{"0":"post-138371","1":"post","2":"type-post","3":"status-publish","4":"format-standard","5":"has-post-thumbnail","7":"category-luonto","8":"tag-fi","9":"tag-finland","10":"tag-finnish","11":"tag-luonto","12":"tag-nature","13":"tag-science","14":"tag-suomi","15":"tag-tiede","16":"tag-wildlife"},"share_on_mastodon":{"url":"https:\/\/pubeurope.com\/@fi\/115869446462676865","error":""},"_links":{"self":[{"href":"https:\/\/www.europesays.com\/fi\/wp-json\/wp\/v2\/posts\/138371","targetHints":{"allow":["GET"]}}],"collection":[{"href":"https:\/\/www.europesays.com\/fi\/wp-json\/wp\/v2\/posts"}],"about":[{"href":"https:\/\/www.europesays.com\/fi\/wp-json\/wp\/v2\/types\/post"}],"author":[{"embeddable":true,"href":"https:\/\/www.europesays.com\/fi\/wp-json\/wp\/v2\/users\/2"}],"replies":[{"embeddable":true,"href":"https:\/\/www.europesays.com\/fi\/wp-json\/wp\/v2\/comments?post=138371"}],"version-history":[{"count":0,"href":"https:\/\/www.europesays.com\/fi\/wp-json\/wp\/v2\/posts\/138371\/revisions"}],"wp:featuredmedia":[{"embeddable":true,"href":"https:\/\/www.europesays.com\/fi\/wp-json\/wp\/v2\/media\/96225"}],"wp:attachment":[{"href":"https:\/\/www.europesays.com\/fi\/wp-json\/wp\/v2\/media?parent=138371"}],"wp:term":[{"taxonomy":"category","embeddable":true,"href":"https:\/\/www.europesays.com\/fi\/wp-json\/wp\/v2\/categories?post=138371"},{"taxonomy":"post_tag","embeddable":true,"href":"https:\/\/www.europesays.com\/fi\/wp-json\/wp\/v2\/tags?post=138371"}],"curies":[{"name":"wp","href":"https:\/\/api.w.org\/{rel}","templated":true}]}}