{"id":138379,"date":"2026-01-10T07:01:07","date_gmt":"2026-01-10T07:01:07","guid":{"rendered":"https:\/\/www.europesays.com\/fi\/138379\/"},"modified":"2026-01-10T07:01:07","modified_gmt":"2026-01-10T07:01:07","slug":"joel-harkimon-ja-kastanja-rauhalan-italia-matka-uusi-paljastus","status":"publish","type":"post","link":"https:\/\/www.europesays.com\/fi\/138379\/","title":{"rendered":"Joel Harkimon ja Kastanja Rauhalan Italia-matka: Uusi paljastus"},"content":{"rendered":"<p>\n            20250611 ESPOO. Hotel Matts, Freja Rooftop. Joel Harkimo. KUVA: ATTE KAJOVA<br \/>\n            ATTE KAJOVA\n        <\/p>\n<p class=\"subtitle \">Kastanja Rauhalaan yhdistetty Joel paljasti merkitt\u00e4v\u00e4\u00e4 tietoa.<\/p>\n<p class=\"article-content article-content-width !bg-background\">Purjehtija ja poliitikko  on viett\u00e4nyt hiljaiseloa Italian-matkastaan viime maanantaista l\u00e4htien.<\/p>\n<p class=\"font-weight-bold m-font-weight-bold article-content article-content-width !bg-background\">Video: Joelin avioero.<\/p>\n<p class=\"article-content article-content-width !bg-background\">H\u00e4n julkaisi viimeksi viime viikonloppuna kuvamateriaalia someen aiemmasta majapaikastaan, muttei sittemmin ole p\u00e4ivitellyt reissunsa k\u00e4\u00e4nteist\u00e4 someen.<\/p>\n<p class=\"article-content article-content-width !bg-background\">Pasta carbonaraa <a href=\"https:\/\/www.instagram.com\/p\/DTC0k1kDJu2\/?img_index=1\" target=\"_blank\" rel=\"nofollow noopener\">esittelevist\u00e4 ruokailukuvista<\/a> n\u00e4ki, ett\u00e4 Joel on viett\u00e4nyt mukavaa aikaa hyv\u00e4n ruuan ja viinin \u00e4\u00e4rell\u00e4.<\/p>\n<p class=\"article-content article-content-width !bg-background\">Tarkkasilm\u00e4iset someseuraajat ovat kuitenkin spekuloineet, kenen kanssa Joel reissaa.<\/p>\n<p>Joulu Levill\u00e4<\/p>\n<p class=\"article-content article-content-width !bg-background\">Seiskalle pohdiskeltiin hiljattain, viettiv\u00e4tk\u00f6 Joel ja Tanssii t\u00e4htien kanssa -ohjelmasta tuttu  joulua yhdess\u00e4.<\/p>\n<p class=\"article-content article-content-width !bg-background\">Seuraajat olivat huomanneet somejulkaisuista, ett\u00e4 kumpikin oli Levill\u00e4 jouluna.<\/p>\n<p class=\"article-content article-content-width !bg-background\">Uudenvuoden tienoilla he l\u00e4htiv\u00e4t kaiken kukkuraksi Italiaan.<\/p>\n<p>        <a itemprop=\"url\" href=\"https:\/\/www.seiska.fi\/kotimaa\/joel-harkimo-ja-kastanja-rauhala-paljonpuhuvia-kuvia\/2037396\" rel=\"nofollow noopener\" target=\"_blank\"><\/p>\n<p>\nJoel Harkimo ja Kastanja Rauhala\n<\/p>\n<p class=\"section-date\">\n        <strong class=\"article-section\" data-section=\"kotimaa\"><br \/>\n            kotimaa<br \/>\n        <\/strong><br \/>\n        9.1. 05:00\n    <\/p>\n<p>Joel Harkimo ja Kastanja Rauhala: Paljonpuhuvia kuvia!\n    <\/p>\n<p itemprop=\"description\" class=\"subtitle \">\n    Kaksikko n\u00e4ytt\u00e4\u00e4 viett\u00e4neen joulun yhdess\u00e4, ja kumpikin l\u00e4hti Italiaan vuodenvaihteen tienoilla.\n<\/p>\n<p>        <\/a><\/p>\n<p>Paljasti liikkeens\u00e4<\/p>\n<p class=\"article-content article-content-width !bg-background\">Yhtenev\u00e4isyyksi\u00e4 kaksikon liikkeist\u00e4 l\u00f6ytyy nyt lis\u00e4\u00e4, kun Joel p\u00e4\u00e4tti hiljaisuutensa.<\/p>\n<p class=\"article-content article-content-width !bg-background\">H\u00e4n julkaisi kuvia yhdest\u00e4 maailman tunnetuimmasta rakennelmasta, Colosseumista.<\/p>\n<p class=\"article-content article-content-width !bg-background\">Colosseum, italiaksi il Colosseo, oli <a href=\"https:\/\/historianet.fi\/sivilisaatiot\/rooman-valtakunta\/colosseum-oli-rooman-valtakunnan-verisin-huvittelupaikka\" target=\"_blank\" rel=\"nofollow noopener\">Historia-lehden mukaan<\/a> aikoinaan Rooman valtakunnan verisin huvittelupaikka. Sit\u00e4 tituleerataan historian suurimmaksi ja kauneimmaksi amfiteatteriksi.<\/p>\n<p class=\"article-content article-content-width !bg-background\">Vuonna 80 valmistunut taidonn\u00e4yte rakennettiin vain viidess\u00e4 vuodessa. Nyky\u00e4\u00e4n miljoonat turistit kuvaavat itse\u00e4\u00e4n sen edess\u00e4 vuosittain.<\/p>\n<p class=\"article-content article-content-width !bg-background\">Niin teki my\u00f6s Joel, joka p\u00e4\u00e4tti julkaista paikalta <a href=\"https:\/\/www.instagram.com\/p\/DTP61jvDG4Q\/?img_index=1\" target=\"_blank\" rel=\"nofollow noopener\">Instagram-kuvia<\/a>. Kuvatekstiss\u00e4 h\u00e4n kertoo vain lyhyk\u00e4isyydess\u00e4\u00e4n, miss\u00e4 h\u00e4n on kuvat ottanut.<\/p>\n<p>                <img decoding=\"async\" src=\"https:\/\/www.europesays.com\/fi\/wp-content\/uploads\/2026\/01\/2002015.webp.jpeg\" width=\"576\" height=\"322\" alt=\"Kastanja tunnetaan parhaiten TTK:sta, jossa h\u00e4n sijoittui tanssiparinsa Lakon kanssa toiseksi viime syksyn\u00e4.\" loading=\"lazy\" \/>            <\/p>\n<p>\n            Kastanja tunnetaan parhaiten TTK:sta, jossa h\u00e4n sijoittui tanssiparinsa Lakon kanssa toiseksi viime syksyn\u00e4.<br \/>\n            Matti Matikainen\n        <\/p>\n<p>Kastanjakin Roomassa<\/p>\n<p class=\"article-content article-content-width !bg-background\">Aiemmin t\u00e4ll\u00e4 viikolla\u00a0Kastanja paljasti vuorokauden ajan esill\u00e4 olevassa Instagram-tarinassaan, ett\u00e4 h\u00e4n on majoittunut kerrassaan upeassa hotellissa.<\/p>\n<p class=\"article-content article-content-width !bg-background\">Kyseess\u00e4 oli pelkistetyst\u00e4 sisustuksesta p\u00e4\u00e4telleen Roomassa sijaitseva viiden t\u00e4hden Nomos Hotel.\u00a0<\/p>\n<p class=\"article-content article-content-width !bg-background\">Minimalistinen mutta hulppea majoituspaikka on rakennettu 1700-luvulta per\u00e4isin olevaan entiseen luostariin, ja hotelli sijaitsee aivan paraatipaikalla, mik\u00e4li mielii vierailla suosituimmilla n\u00e4ht\u00e4vyyksill\u00e4.<\/p>\n<p class=\"article-content article-content-width !bg-background\">N\u00e4in ollen voidaan varmuudella sanoa, ett\u00e4 my\u00f6s Kastanja on ollut Roomassa kuten Joelkin.<\/p>\n<p class=\"article-content article-content-width !bg-background\">Kaksikko ei kuitenkaan ole merkinnyt toisiaan julkaisuihinsa, eik\u00e4 julkaissut samaan aikaan samasta paikasta somemateriaalia.<\/p>\n<p class=\"article-content article-content-width !bg-background\">Seiska tavoitteli Joelia kommentoimaan asiaa t\u00e4ll\u00e4 viikolla sek\u00e4 puhelimitse ett\u00e4 viestitse, muttei saanut miehelt\u00e4 vastausta.<\/p>\n<p>                <img decoding=\"async\" src=\"https:\/\/www.europesays.com\/fi\/wp-content\/uploads\/2026\/01\/1931140.webp.jpeg\" width=\"576\" height=\"274\" alt=\"Joelilla on takanaan avioero Janni Hussista. Parille my\u00f6nnettiin ero pikavauhtia kahden vuoden erill\u00e4\u00e4n asumisen perusteella. He ilmoittivat erostaan viime vuoden hein\u00e4kuussa.\" loading=\"lazy\" \/>            <\/p>\n<p>\n            Joelilla on takanaan avioero Janni Hussista. Parille my\u00f6nnettiin ero pikavauhtia kahden vuoden erill\u00e4\u00e4n asumisen perusteella. He ilmoittivat erostaan viime vuoden hein\u00e4kuussa.<br \/>\n            Timo Korhonen\n        <\/p>\n<p><script async src=\"\/\/www.instagram.com\/embed.js\"><\/script><\/p>\n","protected":false},"excerpt":{"rendered":"20250611 ESPOO. Hotel Matts, Freja Rooftop. Joel Harkimo. KUVA: ATTE KAJOVA ATTE KAJOVA Kastanja Rauhalaan yhdistetty Joel paljasti&hellip;\n","protected":false},"author":2,"featured_media":138380,"comment_status":"","ping_status":"","sticky":false,"template":"","format":"standard","meta":{"footnotes":""},"categories":[130],"tags":[2759,137,33,31,30,199,3520,3055,1478,651,32,903,109],"class_list":{"0":"post-138379","1":"post","2":"type-post","3":"status-publish","4":"format-standard","5":"has-post-thumbnail","7":"category-viihde","8":"tag-avioero","9":"tag-entertainment","10":"tag-fi","11":"tag-finland","12":"tag-finnish","13":"tag-italia","14":"tag-joel-harkimo","15":"tag-kastanja-rauhala","16":"tag-matkailu","17":"tag-suhteet","18":"tag-suomi","19":"tag-tanssii-tahtien-kanssa","20":"tag-viihde"},"share_on_mastodon":{"url":"https:\/\/pubeurope.com\/@fi\/115869521237297931","error":""},"_links":{"self":[{"href":"https:\/\/www.europesays.com\/fi\/wp-json\/wp\/v2\/posts\/138379","targetHints":{"allow":["GET"]}}],"collection":[{"href":"https:\/\/www.europesays.com\/fi\/wp-json\/wp\/v2\/posts"}],"about":[{"href":"https:\/\/www.europesays.com\/fi\/wp-json\/wp\/v2\/types\/post"}],"author":[{"embeddable":true,"href":"https:\/\/www.europesays.com\/fi\/wp-json\/wp\/v2\/users\/2"}],"replies":[{"embeddable":true,"href":"https:\/\/www.europesays.com\/fi\/wp-json\/wp\/v2\/comments?post=138379"}],"version-history":[{"count":0,"href":"https:\/\/www.europesays.com\/fi\/wp-json\/wp\/v2\/posts\/138379\/revisions"}],"wp:featuredmedia":[{"embeddable":true,"href":"https:\/\/www.europesays.com\/fi\/wp-json\/wp\/v2\/media\/138380"}],"wp:attachment":[{"href":"https:\/\/www.europesays.com\/fi\/wp-json\/wp\/v2\/media?parent=138379"}],"wp:term":[{"taxonomy":"category","embeddable":true,"href":"https:\/\/www.europesays.com\/fi\/wp-json\/wp\/v2\/categories?post=138379"},{"taxonomy":"post_tag","embeddable":true,"href":"https:\/\/www.europesays.com\/fi\/wp-json\/wp\/v2\/tags?post=138379"}],"curies":[{"name":"wp","href":"https:\/\/api.w.org\/{rel}","templated":true}]}}