{"id":138389,"date":"2026-01-10T07:11:08","date_gmt":"2026-01-10T07:11:08","guid":{"rendered":"https:\/\/www.europesays.com\/fi\/138389\/"},"modified":"2026-01-10T07:11:08","modified_gmt":"2026-01-10T07:11:08","slug":"nelja-issn-astronauttia-palaamassa-maahan-ensi-torstaina-uutisia-lyhyesti","status":"publish","type":"post","link":"https:\/\/www.europesays.com\/fi\/138389\/","title":{"rendered":"Nelj\u00e4 ISS:n astronauttia palaamassa Maahan ensi torstaina | Uutisia lyhyesti"},"content":{"rendered":"<p class=\"aw-1gybjub aw-5vja16 kEtdKx kmuxyA yle__article__paragraph\">Miehist\u00f6 palaa Maahan etuajassa, koska yhdell\u00e4 astronautilla on esiintynyt terveys\u00adongelmia.<\/p>\n<p><img decoding=\"async\" alt=\"Kansainv\u00e4linen ISS-avaruusasema avaruudessa, taustalla maapallon pintaa.\" src=\"https:\/\/www.europesays.com\/fi\/wp-content\/uploads\/2026\/01\/39-15794626961e2391a606.jpeg\" class=\"aw-1l9m598 hKVVvP\"\/><\/p>\n<p>Avaa kuvien katselu<\/p>\n<p>Kansainv\u00e4linen ISS-avaruusasema avaruudessa. Arkistokuva. Kuva: AFP<\/p>\n<p class=\"aw-1gybjub aw-1p7kakr kEtdKx cEmitX yle__article__paragraph\">Yhdysvaltain avaruushallinto <a class=\"aw-iao6s4 iHOxEa yle__article__link\" href=\"https:\/\/www.nasa.gov\/blogs\/spacestation\/2026\/01\/09\/nasa-spacex-set-target-date-for-crew-11s-return-to-earth\/\" role=\"link\" rel=\"nofollow noopener\" target=\"_blank\">Nasa<\/a> aikoo tuoda nelj\u00e4 kansainv\u00e4lisell\u00e4 avaruusasemalla ISS:ll\u00e4 olevaa astronauttia Maahan ensi viikon torstaina.<\/p>\n<p class=\"aw-1gybjub aw-1p7kakr kEtdKx cEmitX yle__article__paragraph\">Miehist\u00f6\u00e4 kuljettavan aluksen on alustavan arvion mukaan tarkoitus laskeutua mereen Kalifornian rannikon l\u00e4heisyydess\u00e4 torstaina ennen puoltap\u00e4iv\u00e4\u00e4 Suomen aikaa.<\/p>\n<p class=\"aw-1gybjub aw-1p7kakr kEtdKx cEmitX yle__article__paragraph\">Nasa kertoi Suomen aikaa perjantain vastaisena y\u00f6n\u00e4, ett\u00e4 se tuo nelikon etuajassa takaisin Maahan, koska yhdell\u00e4 miehist\u00f6n j\u00e4senell\u00e4 on esiintynyt terveysongelmia. Astronautin tilan kerrotaan olevan vakaa.<\/p>\n<p class=\"aw-1gybjub aw-1p7kakr kEtdKx cEmitX yle__article__paragraph\">Nasan edustajat alleviivasivat, ettei kyse ole h\u00e4t\u00e4evakuoinnista. Nasan mukaan kyseess\u00e4 on ensimm\u00e4inen kerta, kun ISS:lt\u00e4 evakuoidaan ihmisi\u00e4 terveyssyiden vuoksi.<\/p>\n<p class=\"aw-1gybjub aw-1p7kakr kEtdKx cEmitX yle__article__paragraph\">Elokuussa teht\u00e4v\u00e4ns\u00e4 aloittanut nelikko palaa Maahan muutama viikko etuajassa. Avaruusasemalle j\u00e4\u00e4 kolme ihmist\u00e4.<\/p>\n","protected":false},"excerpt":{"rendered":"Miehist\u00f6 palaa Maahan etuajassa, koska yhdell\u00e4 astronautilla on esiintynyt terveys\u00adongelmia. Avaa kuvien katselu Kansainv\u00e4linen ISS-avaruusasema avaruudessa. Arkistokuva. Kuva:&hellip;\n","protected":false},"author":2,"featured_media":138390,"comment_status":"","ping_status":"","sticky":false,"template":"","format":"standard","meta":{"footnotes":""},"categories":[114],"tags":[1497,453,1087,1205,33,31,30,1327,1324,118,452,32,119,56],"class_list":{"0":"post-138389","1":"post","2":"type-post","3":"status-publish","4":"format-standard","5":"has-post-thumbnail","7":"category-avaruus","8":"tag-astronautit","9":"tag-avaruus","10":"tag-avaruusliikenne","11":"tag-avaruusohjelmat","12":"tag-fi","13":"tag-finland","14":"tag-finnish","15":"tag-kansainvalinen-avaruusasema","16":"tag-nasa","17":"tag-science","18":"tag-space","19":"tag-suomi","20":"tag-tiede","21":"tag-ulkomaat"},"share_on_mastodon":{"url":"https:\/\/pubeurope.com\/@fi\/115869560486789489","error":""},"_links":{"self":[{"href":"https:\/\/www.europesays.com\/fi\/wp-json\/wp\/v2\/posts\/138389","targetHints":{"allow":["GET"]}}],"collection":[{"href":"https:\/\/www.europesays.com\/fi\/wp-json\/wp\/v2\/posts"}],"about":[{"href":"https:\/\/www.europesays.com\/fi\/wp-json\/wp\/v2\/types\/post"}],"author":[{"embeddable":true,"href":"https:\/\/www.europesays.com\/fi\/wp-json\/wp\/v2\/users\/2"}],"replies":[{"embeddable":true,"href":"https:\/\/www.europesays.com\/fi\/wp-json\/wp\/v2\/comments?post=138389"}],"version-history":[{"count":0,"href":"https:\/\/www.europesays.com\/fi\/wp-json\/wp\/v2\/posts\/138389\/revisions"}],"wp:featuredmedia":[{"embeddable":true,"href":"https:\/\/www.europesays.com\/fi\/wp-json\/wp\/v2\/media\/138390"}],"wp:attachment":[{"href":"https:\/\/www.europesays.com\/fi\/wp-json\/wp\/v2\/media?parent=138389"}],"wp:term":[{"taxonomy":"category","embeddable":true,"href":"https:\/\/www.europesays.com\/fi\/wp-json\/wp\/v2\/categories?post=138389"},{"taxonomy":"post_tag","embeddable":true,"href":"https:\/\/www.europesays.com\/fi\/wp-json\/wp\/v2\/tags?post=138389"}],"curies":[{"name":"wp","href":"https:\/\/api.w.org\/{rel}","templated":true}]}}