{"id":138401,"date":"2026-01-10T07:31:06","date_gmt":"2026-01-10T07:31:06","guid":{"rendered":"https:\/\/www.europesays.com\/fi\/138401\/"},"modified":"2026-01-10T07:31:06","modified_gmt":"2026-01-10T07:31:06","slug":"nicaragua-pidatti-kymmenia-maduron-vastustajia-uutisia-lyhyesti","status":"publish","type":"post","link":"https:\/\/www.europesays.com\/fi\/138401\/","title":{"rendered":"Nicaragua pid\u00e4tti kymmeni\u00e4 Maduron vastustajia | Uutisia lyhyesti"},"content":{"rendered":"<p class=\"aw-1gybjub aw-1p7kakr kEtdKx cEmitX yle__article__paragraph\">Nicaraguan viranomaiset ovat pid\u00e4tt\u00e4neet ainakin 60 ihmist\u00e4, joiden ep\u00e4ill\u00e4\u00e4n juhlistaneen Venezuelan presidentin <strong class=\"aw-ak79eh KyCXm yle__article__strong\">Nicolas Maduron<\/strong> sieppausta Yhdysvaltoihin.<\/p>\n<p class=\"aw-1gybjub aw-1p7kakr kEtdKx cEmitX yle__article__paragraph\">Pid\u00e4tyksist\u00e4 kertoivat paikallismediat.<\/p>\n<p class=\"aw-1gybjub aw-1p7kakr kEtdKx cEmitX yle__article__paragraph\">Nicaraguan presidentti <strong class=\"aw-ak79eh KyCXm yle__article__strong\">Daniel Ortega<\/strong> ja varapresidentti <strong class=\"aw-ak79eh KyCXm yle__article__strong\">Rosario Murillo<\/strong> ovat Maduron vankkoja tukijoita.<\/p>\n<p class=\"aw-1gybjub aw-1p7kakr kEtdKx cEmitX yle__article__paragraph\">Viranomaiset ovat lis\u00e4nneet valvontaa ja somen tarkkailua Maduron vangitsemisen j\u00e4lkeen.<\/p>\n<p class=\"aw-1gybjub aw-1p7kakr kEtdKx cEmitX yle__article__paragraph\">AFP<\/p>\n","protected":false},"excerpt":{"rendered":"Nicaraguan viranomaiset ovat pid\u00e4tt\u00e4neet ainakin 60 ihmist\u00e4, joiden ep\u00e4ill\u00e4\u00e4n juhlistaneen Venezuelan presidentin Nicolas Maduron sieppausta Yhdysvaltoihin. Pid\u00e4tyksist\u00e4 kertoivat&hellip;\n","protected":false},"author":2,"featured_media":138402,"comment_status":"","ping_status":"","sticky":false,"template":"","format":"standard","meta":{"footnotes":""},"categories":[14],"tags":[22,23,26,27,33,31,30,17,70,24,25,28,29,15,24052,7595,18,21,32,19,20,56,16,7605,59,60,61],"class_list":{"0":"post-138401","1":"post","2":"type-post","3":"status-publish","4":"format-standard","5":"has-post-thumbnail","7":"category-ulkomaat","8":"tag-breaking-news","9":"tag-breakingnews","10":"tag-featured-news","11":"tag-featurednews","12":"tag-fi","13":"tag-finland","14":"tag-finnish","15":"tag-headlines","16":"tag-kansainvalinen-politiikka","17":"tag-latest-news","18":"tag-latestnews","19":"tag-main-news","20":"tag-mainnews","21":"tag-news","22":"tag-nicaraguan-politiikka","23":"tag-nicolas-maduro","24":"tag-otsikot","25":"tag-paauutiset","26":"tag-suomi","27":"tag-top-stories","28":"tag-topstories","29":"tag-ulkomaat","30":"tag-uutiset","31":"tag-venezuela","32":"tag-world","33":"tag-world-news","34":"tag-worldnews"},"share_on_mastodon":{"url":"https:\/\/pubeurope.com\/@fi\/115869639225627583","error":""},"_links":{"self":[{"href":"https:\/\/www.europesays.com\/fi\/wp-json\/wp\/v2\/posts\/138401","targetHints":{"allow":["GET"]}}],"collection":[{"href":"https:\/\/www.europesays.com\/fi\/wp-json\/wp\/v2\/posts"}],"about":[{"href":"https:\/\/www.europesays.com\/fi\/wp-json\/wp\/v2\/types\/post"}],"author":[{"embeddable":true,"href":"https:\/\/www.europesays.com\/fi\/wp-json\/wp\/v2\/users\/2"}],"replies":[{"embeddable":true,"href":"https:\/\/www.europesays.com\/fi\/wp-json\/wp\/v2\/comments?post=138401"}],"version-history":[{"count":0,"href":"https:\/\/www.europesays.com\/fi\/wp-json\/wp\/v2\/posts\/138401\/revisions"}],"wp:featuredmedia":[{"embeddable":true,"href":"https:\/\/www.europesays.com\/fi\/wp-json\/wp\/v2\/media\/138402"}],"wp:attachment":[{"href":"https:\/\/www.europesays.com\/fi\/wp-json\/wp\/v2\/media?parent=138401"}],"wp:term":[{"taxonomy":"category","embeddable":true,"href":"https:\/\/www.europesays.com\/fi\/wp-json\/wp\/v2\/categories?post=138401"},{"taxonomy":"post_tag","embeddable":true,"href":"https:\/\/www.europesays.com\/fi\/wp-json\/wp\/v2\/tags?post=138401"}],"curies":[{"name":"wp","href":"https:\/\/api.w.org\/{rel}","templated":true}]}}