{"id":138411,"date":"2026-01-10T07:52:09","date_gmt":"2026-01-10T07:52:09","guid":{"rendered":"https:\/\/www.europesays.com\/fi\/138411\/"},"modified":"2026-01-10T07:52:09","modified_gmt":"2026-01-10T07:52:09","slug":"sm-hiihtojen-kammosaassa-uusi-kaanne-tama-on-tilanne-nyt","status":"publish","type":"post","link":"https:\/\/www.europesays.com\/fi\/138411\/","title":{"rendered":"SM-hiihtojen kammos\u00e4\u00e4ss\u00e4 uusi k\u00e4\u00e4nne \u2013 T\u00e4m\u00e4 on tilanne nyt"},"content":{"rendered":"<p>SM-hiihdot p\u00e4\u00e4sev\u00e4t alkamaan.<\/p>\n<p><img decoding=\"async\" class=\"image image-show image-preview\" src=\"https:\/\/www.europesays.com\/fi\/wp-content\/uploads\/2026\/01\/9eaa393149d738aa03b8f0b8eea17aa847c3732e74b50029faa1cecc7f192136.jpg\" alt=\"\"\/><img decoding=\"async\" class=\"image image-show\" src=\"https:\/\/www.europesays.com\/fi\/wp-content\/uploads\/2026\/01\/1768031527_371_9eaa393149d738aa03b8f0b8eea17aa847c3732e74b50029faa1cecc7f192136.jpg\" alt=\"\"\/><\/p>\n<p>Raju pakkanen h\u00e4iritsi kisaviikonlopun alkua. Kuva Puijon hiihtostadionilta. Pasi Liesimaa<\/p>\n<p class=\"paragraph\">S\u00e4\u00e4 Kuopiossa on leppynyt sen verran, ett\u00e4 SM-hiihtojen lauantaip\u00e4iv\u00e4 pystyt\u00e4\u00e4n viem\u00e4\u00e4n l\u00e4pi. Asian vahvistaa kilpailujohtaja <strong>Esko Valikainen<\/strong>.<\/p>\n<p class=\"paragraph\">Aikatauluja my\u00f6h\u00e4istettiin kuitenkin perjantaina niin, ett\u00e4 miesten 10 kilometrin vapaan v\u00e4liaikal\u00e4ht\u00f6kisa alkaa kello 10.45. Naiset l\u00e4htev\u00e4t matkaan 13.15.<\/p>\n<p class=\"paragraph\">Ilmatieteen laitos lupaa miesten starttiin noin 13 pakkasastetta.<\/p>\n<p class=\"paragraph\">Perjantaina Puijon hiihtostadionilla koettiin <a href=\"https:\/\/www.iltalehti.fi\/talviurheilu\/992e2dc2-1a75-4e5d-a779-aa1d2f402e89\" rel=\"nofollow noopener\" target=\"_blank\">dramaattisia hetki\u00e4<\/a>, kun pariviestit peruttiin aamulla vain tunti ennen niiden suunniteltua alkua. Tuolloin pakkasta oli per\u00e4ti 24,8 astetta.<\/p>\n<p class=\"paragraph\">SM-hiihtojen pakkasraja on -20 astetta.<\/p>\n<p><a href=\"https:\/\/www.iltalehti.fi\/telkku\/?utm_source=iltalehti.fi&amp;utm_medium=almainternal&amp;utm_campaign=urheilu_artikkelibanneri&amp;utm_content=banner_612_a\" rel=\"nofollow noopener\" target=\"_blank\"><img decoding=\"async\" src=\"https:\/\/www.europesays.com\/fi\/wp-content\/uploads\/2025\/08\/7ef604e47d46ca174b7df4149bd3557dbde56a86d520f8e1b2125548b0a2e03a.png\" alt=\"TV-ohjelmat t\u00e4n\u00e4\u00e4n, TV-opas\"\/><\/a><\/p>\n","protected":false},"excerpt":{"rendered":"SM-hiihdot p\u00e4\u00e4sev\u00e4t alkamaan. Raju pakkanen h\u00e4iritsi kisaviikonlopun alkua. Kuva Puijon hiihtostadionilta. Pasi Liesimaa S\u00e4\u00e4 Kuopiossa on leppynyt sen&hellip;\n","protected":false},"author":2,"featured_media":138412,"comment_status":"","ping_status":"","sticky":false,"template":"","format":"standard","meta":{"footnotes":""},"categories":[158],"tags":[35,33,31,30,2096,4355,41,2668,159,32,1145,160],"class_list":{"0":"post-138411","1":"post","2":"type-post","3":"status-publish","4":"format-standard","5":"has-post-thumbnail","7":"category-urheilu","8":"tag-24h","9":"tag-fi","10":"tag-finland","11":"tag-finnish","12":"tag-hiihtolajit","13":"tag-lapin-maakunta","14":"tag-liikunta-ja-urheilu","15":"tag-pohjoismaiset-hiihtolajit","16":"tag-sports","17":"tag-suomi","18":"tag-talviurheilu","19":"tag-urheilu"},"share_on_mastodon":{"url":"https:\/\/pubeurope.com\/@fi\/115869721802509892","error":""},"_links":{"self":[{"href":"https:\/\/www.europesays.com\/fi\/wp-json\/wp\/v2\/posts\/138411","targetHints":{"allow":["GET"]}}],"collection":[{"href":"https:\/\/www.europesays.com\/fi\/wp-json\/wp\/v2\/posts"}],"about":[{"href":"https:\/\/www.europesays.com\/fi\/wp-json\/wp\/v2\/types\/post"}],"author":[{"embeddable":true,"href":"https:\/\/www.europesays.com\/fi\/wp-json\/wp\/v2\/users\/2"}],"replies":[{"embeddable":true,"href":"https:\/\/www.europesays.com\/fi\/wp-json\/wp\/v2\/comments?post=138411"}],"version-history":[{"count":0,"href":"https:\/\/www.europesays.com\/fi\/wp-json\/wp\/v2\/posts\/138411\/revisions"}],"wp:featuredmedia":[{"embeddable":true,"href":"https:\/\/www.europesays.com\/fi\/wp-json\/wp\/v2\/media\/138412"}],"wp:attachment":[{"href":"https:\/\/www.europesays.com\/fi\/wp-json\/wp\/v2\/media?parent=138411"}],"wp:term":[{"taxonomy":"category","embeddable":true,"href":"https:\/\/www.europesays.com\/fi\/wp-json\/wp\/v2\/categories?post=138411"},{"taxonomy":"post_tag","embeddable":true,"href":"https:\/\/www.europesays.com\/fi\/wp-json\/wp\/v2\/tags?post=138411"}],"curies":[{"name":"wp","href":"https:\/\/api.w.org\/{rel}","templated":true}]}}